{"id":1285,"date":"2000-03-31T00:00:00","date_gmt":"2000-03-31T00:00:00","guid":{"rendered":"https:\/\/newsroom.ferrovial.com\/press_releases\/rafael-del-pino-chairman-of-ferrovial-announces-he-is-to-leave-the-ferrovial-group\/"},"modified":"2022-12-21T12:30:36","modified_gmt":"2022-12-21T11:30:36","slug":"rafael-del-pino-chairman-of-ferrovial-announces-he-is-to-leave-the-ferrovial-group","status":"publish","type":"press_release","link":"https:\/\/newsroom.ferrovial.com\/en\/press-releases\/rafael-del-pino-chairman-of-ferrovial-announces-he-is-to-leave-the-ferrovial-group\/","title":{"rendered":"Rafael del Pino, Chairman of Ferrovial, announces he is to leave the Ferrovial Group"},"content":{"rendered":"    <section class=\"wysiwyg text-editor \" id=\"\">\n        <div class=\"container container--narrow container--p-10\">\n            <p><strong><strong><img decoding=\"async\" class=\"alignleft\" alt=\"\" src=\"\/wp-content\/uploads\/noticias\/img_nombramiento_de_rafael_del.jpg\" \/><\/strong>He will propose to the Board of Directors the appointment of Rafael del Pino y Calvo-Sotelo as the new Chairman<\/strong><\/p>\n<p>At the Ferrovial Group\u00b4s Ordinary General Shareholders\u00b4 Meeting held today, Rafael del Pino, the Chairman of Ferrovial, announced that he intends to resign from his current post within the next three months and that he will suggest to the Board of Directors that Rafael del Pino Calvo-Sotelo, currently Executive Deputy Chairman be appointed as the new Chairman of the Group. The retirement of Rafael del Pino y Moreno will be accompanied by the resignation of present Board members Mr.Claudio Boada Vilallonga and Mr. Jos\u00e9 M\u00aa L\u00f3pez de Letona.<\/p>\n<p>Speaking at the end of the Meeting, Rafael del Pino y Moreno said, &#8220;Before closing the session, I must tell you something out of politeness towards you, our shareholders and partners. I have been working here since 1952 and, after a great deal of thought, I believe it is time to move on. I have been offered work elsewhere and I would like to take advantage of it before it is too late, if you understand my meaning&#8221;.<\/p>\n<p>He added that &#8220;in the past few years and especially in 1999, as I said before, we have been preparing for this, which is something that has to happen. The company currently has modern governing bodies. Indeed, you will remember the Board\u00b4s Code of Conduct, which we drew up with the extraordinarily helpful assistance of Mr. L\u00f3pez de Letona, a member of the so-called Olivencia Committee, created to change and modernize the actions of the governing bodies of public limited companies in Spain&#8221;.<\/p>\n<p>&#8220;Ferrovial\u00b4s Board of Directors works very well, as we saw in 1999. The Board\u00b4s Committees also work well and, thus, I intend to present my resignation to the Board within the next three months, in order to be able to accept the other work I mentioned earlier. Mr. Boada and Mr. L\u00f3pez de Letona, one a little older and the other a little younger than myself, also wish to do the same and would like to devote their time to other things&#8221;, he went on.<\/p>\n<p>&#8220;It is the obligation of the person who is leaving to ensure that succession is suitably verified&#8221;, he said. &#8220;I have decided to propose or suggest the appointment of a new Chairman when I present my resignation to the Board. Allow me to say what I think: over the years that he has been a senior executive, the present Deputy Chairman of the company has shown his capacity and his ability to take the company to the levels it is at today. And, as he is not as old as me, he still has plenty of time to continue to exercise his proven capacity for leading the firm. Thus, when I leave, I propose to suggest to the Board that it appoint Mr. Rafael del Pino y Calvo-Sotelo here as Chairman. He will have helpers: to start with, Company Director Santiago Bergareche; Company Director Jos\u00e9 Mar\u00eda P\u00e9rez Tremps, and all the present and future members of the Management Committee. I am sure that the company will be in good hands. This is not a goodbye, because next year I will be with you, not behind this table, but sitting amongst you. Thus, ladies and gentlemen, many thanks for your attention and until next year&#8221;.<\/p>\n        <\/div>\n    <\/section>\n","protected":false},"excerpt":{"rendered":"","protected":false},"featured_media":0,"menu_order":0,"comment_status":"closed","ping_status":"closed","template":"","nivel-2":[1178,2251,1905,1149,1177,1181,1207],"nivel-5":[1903],"nivel-1":[],"nivel-3":[],"nivel-4":[],"class_list":["post-1285","press_release","type-press_release","status-publish","hentry","nivel-2-company-structure","nivel-2-corporate","nivel-2-human-resources","nivel-2-infrastructures","nivel-2-organigramme","nivel-2-people-and-team","nivel-2-talent","nivel-5-ferrovial-en"],"acf":[],"yoast_head":"<title>Rafael del Pino, Chairman of Ferrovial, announces he is to leave the Ferrovial Group Ferrovial<\/title>\n<meta name=\"description\" content=\"Sala de prensa Ferrovial | \u00daltimas noticias\" \/>\n<meta name=\"robots\" content=\"index, follow, max-snippet:-1, max-image-preview:large, max-video-preview:-1\" \/>\n<link rel=\"canonical\" href=\"https:\/\/newsroom.ferrovial.com\/en\/press-releases\/rafael-del-pino-chairman-of-ferrovial-announces-he-is-to-leave-the-ferrovial-group\/\" \/>\n<meta property=\"og:locale\" content=\"en_US\" \/>\n<meta property=\"og:type\" content=\"article\" \/>\n<meta property=\"og:title\" content=\"Rafael del Pino, Chairman of Ferrovial, announces he is to leave the Ferrovial Group Ferrovial\" \/>\n<meta property=\"og:description\" content=\"Sala de prensa Ferrovial | \u00daltimas noticias\" \/>\n<meta property=\"og:url\" content=\"https:\/\/newsroom.ferrovial.com\/en\/press-releases\/rafael-del-pino-chairman-of-ferrovial-announces-he-is-to-leave-the-ferrovial-group\/\" \/>\n<meta property=\"og:site_name\" content=\"Ferrovial\" \/>\n<meta property=\"article:publisher\" content=\"https:\/\/www.facebook.com\/ferrovial\" \/>\n<meta property=\"article:modified_time\" content=\"2022-12-21T11:30:36+00:00\" \/>\n<meta name=\"twitter:card\" content=\"summary_large_image\" \/>\n<meta name=\"twitter:site\" content=\"@ferrovial\" \/>\n<script type=\"application\/ld+json\" class=\"yoast-schema-graph\">{\"@context\":\"https:\/\/schema.org\",\"@graph\":[{\"@type\":\"WebPage\",\"@id\":\"https:\/\/newsroom.ferrovial.com\/en\/press-releases\/rafael-del-pino-chairman-of-ferrovial-announces-he-is-to-leave-the-ferrovial-group\/\",\"url\":\"https:\/\/newsroom.ferrovial.com\/en\/press-releases\/rafael-del-pino-chairman-of-ferrovial-announces-he-is-to-leave-the-ferrovial-group\/\",\"name\":\"Rafael del Pino, Chairman of Ferrovial, announces he is to leave the Ferrovial Group Ferrovial\",\"isPartOf\":{\"@id\":\"https:\/\/newsroom.ferrovial.com\/en\/#website\"},\"datePublished\":\"2000-03-31T00:00:00+00:00\",\"dateModified\":\"2022-12-21T11:30:36+00:00\",\"description\":\"Sala de prensa Ferrovial | \u00daltimas noticias\",\"breadcrumb\":{\"@id\":\"https:\/\/newsroom.ferrovial.com\/en\/press-releases\/rafael-del-pino-chairman-of-ferrovial-announces-he-is-to-leave-the-ferrovial-group\/#breadcrumb\"},\"inLanguage\":\"en\",\"potentialAction\":[{\"@type\":\"ReadAction\",\"target\":[\"https:\/\/newsroom.ferrovial.com\/en\/press-releases\/rafael-del-pino-chairman-of-ferrovial-announces-he-is-to-leave-the-ferrovial-group\/\"]}]},{\"@type\":\"BreadcrumbList\",\"@id\":\"https:\/\/newsroom.ferrovial.com\/en\/press-releases\/rafael-del-pino-chairman-of-ferrovial-announces-he-is-to-leave-the-ferrovial-group\/#breadcrumb\",\"itemListElement\":[{\"@type\":\"ListItem\",\"position\":1,\"name\":\"Portada\",\"item\":\"https:\/\/newsroom.ferrovial.com\/en\/\"},{\"@type\":\"ListItem\",\"position\":2,\"name\":\"Press Releases\",\"item\":\"https:\/\/newsroom.ferrovial.com\/en\/press-releases\/\"},{\"@type\":\"ListItem\",\"position\":3,\"name\":\"Rafael del Pino, Chairman of Ferrovial, announces he is to leave the Ferrovial Group\"}]},{\"@type\":\"WebSite\",\"@id\":\"https:\/\/newsroom.ferrovial.com\/en\/#website\",\"url\":\"https:\/\/newsroom.ferrovial.com\/en\/\",\"name\":\"Ferrovial\",\"description\":\"Sala de prensa Ferrovial | \u00daltimas noticias\",\"publisher\":{\"@id\":\"https:\/\/newsroom.ferrovial.com\/en\/#organization\"},\"potentialAction\":[{\"@type\":\"SearchAction\",\"target\":{\"@type\":\"EntryPoint\",\"urlTemplate\":\"https:\/\/newsroom.ferrovial.com\/en\/?s={search_term_string}\"},\"query-input\":{\"@type\":\"PropertyValueSpecification\",\"valueRequired\":true,\"valueName\":\"search_term_string\"}}],\"inLanguage\":\"en\"},{\"@type\":\"Organization\",\"@id\":\"https:\/\/newsroom.ferrovial.com\/en\/#organization\",\"name\":\"Ferrovial S.A.\",\"url\":\"https:\/\/newsroom.ferrovial.com\/en\/\",\"logo\":{\"@type\":\"ImageObject\",\"inLanguage\":\"en\",\"@id\":\"https:\/\/newsroom.ferrovial.com\/en\/#\/schema\/logo\/image\/\",\"url\":\"https:\/\/static.newsroom.ferrovial.com\/wp-content\/uploads\/2018\/07\/15145720\/Ferrovial_Logotipo1.jpg\",\"contentUrl\":\"https:\/\/static.newsroom.ferrovial.com\/wp-content\/uploads\/2018\/07\/15145720\/Ferrovial_Logotipo1.jpg\",\"width\":600,\"height\":300,\"caption\":\"Ferrovial S.A.\"},\"image\":{\"@id\":\"https:\/\/newsroom.ferrovial.com\/en\/#\/schema\/logo\/image\/\"},\"sameAs\":[\"https:\/\/www.facebook.com\/ferrovial\",\"https:\/\/x.com\/ferrovial\",\"https:\/\/www.instagram.com\/ferrovial\/\",\"https:\/\/www.linkedin.com\/company\/ferrovial\",\"https:\/\/www.pinterest.es\/ferrovial\/\",\"https:\/\/www.youtube.com\/ferrovial\",\"https:\/\/en.wikipedia.org\/wiki\/Ferrovial\"]}]}<\/script>","yoast_head_json":{"title":"Rafael del Pino, Chairman of Ferrovial, announces he is to leave the Ferrovial Group Ferrovial","description":"Sala de prensa Ferrovial | \u00daltimas noticias","robots":{"index":"index","follow":"follow","max-snippet":"max-snippet:-1","max-image-preview":"max-image-preview:large","max-video-preview":"max-video-preview:-1"},"canonical":"https:\/\/newsroom.ferrovial.com\/en\/press-releases\/rafael-del-pino-chairman-of-ferrovial-announces-he-is-to-leave-the-ferrovial-group\/","og_locale":"en_US","og_type":"article","og_title":"Rafael del Pino, Chairman of Ferrovial, announces he is to leave the Ferrovial Group Ferrovial","og_description":"Sala de prensa Ferrovial | \u00daltimas noticias","og_url":"https:\/\/newsroom.ferrovial.com\/en\/press-releases\/rafael-del-pino-chairman-of-ferrovial-announces-he-is-to-leave-the-ferrovial-group\/","og_site_name":"Ferrovial","article_publisher":"https:\/\/www.facebook.com\/ferrovial","article_modified_time":"2022-12-21T11:30:36+00:00","twitter_card":"summary_large_image","twitter_site":"@ferrovial","schema":{"@context":"https:\/\/schema.org","@graph":[{"@type":"WebPage","@id":"https:\/\/newsroom.ferrovial.com\/en\/press-releases\/rafael-del-pino-chairman-of-ferrovial-announces-he-is-to-leave-the-ferrovial-group\/","url":"https:\/\/newsroom.ferrovial.com\/en\/press-releases\/rafael-del-pino-chairman-of-ferrovial-announces-he-is-to-leave-the-ferrovial-group\/","name":"Rafael del Pino, Chairman of Ferrovial, announces he is to leave the Ferrovial Group Ferrovial","isPartOf":{"@id":"https:\/\/newsroom.ferrovial.com\/en\/#website"},"datePublished":"2000-03-31T00:00:00+00:00","dateModified":"2022-12-21T11:30:36+00:00","description":"Sala de prensa Ferrovial | \u00daltimas noticias","breadcrumb":{"@id":"https:\/\/newsroom.ferrovial.com\/en\/press-releases\/rafael-del-pino-chairman-of-ferrovial-announces-he-is-to-leave-the-ferrovial-group\/#breadcrumb"},"inLanguage":"en","potentialAction":[{"@type":"ReadAction","target":["https:\/\/newsroom.ferrovial.com\/en\/press-releases\/rafael-del-pino-chairman-of-ferrovial-announces-he-is-to-leave-the-ferrovial-group\/"]}]},{"@type":"BreadcrumbList","@id":"https:\/\/newsroom.ferrovial.com\/en\/press-releases\/rafael-del-pino-chairman-of-ferrovial-announces-he-is-to-leave-the-ferrovial-group\/#breadcrumb","itemListElement":[{"@type":"ListItem","position":1,"name":"Portada","item":"https:\/\/newsroom.ferrovial.com\/en\/"},{"@type":"ListItem","position":2,"name":"Press Releases","item":"https:\/\/newsroom.ferrovial.com\/en\/press-releases\/"},{"@type":"ListItem","position":3,"name":"Rafael del Pino, Chairman of Ferrovial, announces he is to leave the Ferrovial Group"}]},{"@type":"WebSite","@id":"https:\/\/newsroom.ferrovial.com\/en\/#website","url":"https:\/\/newsroom.ferrovial.com\/en\/","name":"Ferrovial","description":"Sala de prensa Ferrovial | \u00daltimas noticias","publisher":{"@id":"https:\/\/newsroom.ferrovial.com\/en\/#organization"},"potentialAction":[{"@type":"SearchAction","target":{"@type":"EntryPoint","urlTemplate":"https:\/\/newsroom.ferrovial.com\/en\/?s={search_term_string}"},"query-input":{"@type":"PropertyValueSpecification","valueRequired":true,"valueName":"search_term_string"}}],"inLanguage":"en"},{"@type":"Organization","@id":"https:\/\/newsroom.ferrovial.com\/en\/#organization","name":"Ferrovial S.A.","url":"https:\/\/newsroom.ferrovial.com\/en\/","logo":{"@type":"ImageObject","inLanguage":"en","@id":"https:\/\/newsroom.ferrovial.com\/en\/#\/schema\/logo\/image\/","url":"https:\/\/static.newsroom.ferrovial.com\/wp-content\/uploads\/2018\/07\/15145720\/Ferrovial_Logotipo1.jpg","contentUrl":"https:\/\/static.newsroom.ferrovial.com\/wp-content\/uploads\/2018\/07\/15145720\/Ferrovial_Logotipo1.jpg","width":600,"height":300,"caption":"Ferrovial S.A."},"image":{"@id":"https:\/\/newsroom.ferrovial.com\/en\/#\/schema\/logo\/image\/"},"sameAs":["https:\/\/www.facebook.com\/ferrovial","https:\/\/x.com\/ferrovial","https:\/\/www.instagram.com\/ferrovial\/","https:\/\/www.linkedin.com\/company\/ferrovial","https:\/\/www.pinterest.es\/ferrovial\/","https:\/\/www.youtube.com\/ferrovial","https:\/\/en.wikipedia.org\/wiki\/Ferrovial"]}]}},"_links":{"self":[{"href":"https:\/\/newsroom.ferrovial.com\/en\/wp-json\/wp\/v2\/press_release\/1285","targetHints":{"allow":["GET"]}}],"collection":[{"href":"https:\/\/newsroom.ferrovial.com\/en\/wp-json\/wp\/v2\/press_release"}],"about":[{"href":"https:\/\/newsroom.ferrovial.com\/en\/wp-json\/wp\/v2\/types\/press_release"}],"replies":[{"embeddable":true,"href":"https:\/\/newsroom.ferrovial.com\/en\/wp-json\/wp\/v2\/comments?post=1285"}],"version-history":[{"count":1,"href":"https:\/\/newsroom.ferrovial.com\/en\/wp-json\/wp\/v2\/press_release\/1285\/revisions"}],"predecessor-version":[{"id":110391,"href":"https:\/\/newsroom.ferrovial.com\/en\/wp-json\/wp\/v2\/press_release\/1285\/revisions\/110391"}],"wp:attachment":[{"href":"https:\/\/newsroom.ferrovial.com\/en\/wp-json\/wp\/v2\/media?parent=1285"}],"wp:term":[{"taxonomy":"nivel-2","embeddable":true,"href":"https:\/\/newsroom.ferrovial.com\/en\/wp-json\/wp\/v2\/nivel-2?post=1285"},{"taxonomy":"nivel-5","embeddable":true,"href":"https:\/\/newsroom.ferrovial.com\/en\/wp-json\/wp\/v2\/nivel-5?post=1285"},{"taxonomy":"nivel-1","embeddable":true,"href":"https:\/\/newsroom.ferrovial.com\/en\/wp-json\/wp\/v2\/nivel-1?post=1285"},{"taxonomy":"nivel-3","embeddable":true,"href":"https:\/\/newsroom.ferrovial.com\/en\/wp-json\/wp\/v2\/nivel-3?post=1285"},{"taxonomy":"nivel-4","embeddable":true,"href":"https:\/\/newsroom.ferrovial.com\/en\/wp-json\/wp\/v2\/nivel-4?post=1285"}],"curies":[{"name":"wp","href":"https:\/\/api.w.org\/{rel}","templated":true}]}}