{"id":106239,"date":"2022-04-07T13:57:41","date_gmt":"2022-04-07T11:57:41","guid":{"rendered":"https:\/\/newsroom.ferrovial.com\/?post_type=press_release&#038;p=106239"},"modified":"2022-12-20T18:19:48","modified_gmt":"2022-12-20T17:19:48","slug":"junta-de-accionistas-2021","status":"publish","type":"press_release","link":"https:\/\/newsroom.ferrovial.com\/es\/notas-prensa\/junta-de-accionistas-2021\/","title":{"rendered":"Rafael del Pino destaca la recuperaci\u00f3n  de los resultados de Ferrovial  por la mejora de la situaci\u00f3n sanitaria"},"content":{"rendered":"    <section class=\"wysiwyg text-editor \" id=\"\">\n        <div class=\"container container--narrow container--p-10\">\n            <p>Rafael del Pino, presidente de Ferrovial, destac\u00f3 durante la Junta General de Accionistas la recuperaci\u00f3n de los resultados de la compa\u00f1\u00eda, reflejo del impacto positivo que ha tenido en el negocio la buena marcha de las campa\u00f1as de vacunaci\u00f3n y la progresiva disminuci\u00f3n de las restricciones a la movilidad.<\/p>\n<p>La Junta General de Accionistas aprob\u00f3 todos los puntos del orden del d\u00eda, entre los que se encontraban las cuentas anuales; el <a href=\"https:\/\/newsroom.ferrovial.com\/wp-content\/uploads\/sites\/4\/2022\/04\/21informeestrategiaclimaticajgo2022esp.pdf\">informe sobre la Estrategia Clim\u00e1tica<\/a> de la empresa, la autorizaci\u00f3n para la adquisici\u00f3n de autocartera, la aprobaci\u00f3n del programa de retribuci\u00f3n al accionista \u201cFerrovial Dividendo Flexible\u201d y la reelecci\u00f3n, ratificaci\u00f3n y nombramiento de siete consejeros.<\/p>\n<p>En su intervenci\u00f3n, Rafael del Pino destac\u00f3 la solidez financiera de Ferrovial, que \u201cha continuado centrada en su estrategia de protecci\u00f3n de liquidez y optimizaci\u00f3n de las fuentes de financiaci\u00f3n\u201d. La compa\u00f1\u00eda cuenta con una liquidez de 6.421 millones de euros, una posici\u00f3n neta de tesorer\u00eda de 2.182 millones de euros y un flujo de caja de actividad de 1.116 millones de euros. \u201cEstos resultados se apoyan en el buen flujo de actividad conseguido junto con mayores dividendos de proyectos de infraestructura\u201d, indic\u00f3 Rafael del Pino.<\/p>\n<p>Por su parte, Ignacio Madridejos, consejero delegado, se\u00f1al\u00f3 la favorable evoluci\u00f3n de la divisi\u00f3n de Autopistas tanto por tr\u00e1ficos como por dividendos. Fue especialmente notable la fortaleza de las carreteras estadounidenses, que en el caso de la NTE o la 35W registraron cifras superiores a los niveles alcanzados previos a la pandemia. Ferrovial ingres\u00f3 el pasado ejercicio 550 millones de euros en forma de dividendos por los proyectos en los que participa, frente a los 458 millones del 2020.<\/p>\n<p>Del Pino tambi\u00e9n se refiri\u00f3 a algunas de las adjudicaciones m\u00e1s significativas del a\u00f1o, como la construcci\u00f3n del tramo central de la l\u00ednea S\u00eddney Metro West (Australia) por 1.255 millones de euros; la ampliaci\u00f3n de la autopista I-35, en San Antonio (Texas) por \u00a01.275 millones de euros; la mejora de un tramo de la autopista I-16\/I-75, en Macon (Georgia), por 195 millones de euros; un tramo de carretera Panamericana, en Per\u00fa, por 100 millones de euros; y el Norwich Western Link \u00a0(Reino Unido), por \u00a0125 millones de euros.<\/p>\n<p>Es rese\u00f1able tambi\u00e9n la actividad inversora de la compa\u00f1\u00eda, con operaciones corporativas como la entrada en el capital de IRB Infrastructure Developers a trav\u00e9s de la compra de una participaci\u00f3n de un 24,86% por 369 millones de euros o la adquisici\u00f3n de un 5,7% adicional en la autopista estadounidense I-66, ubicada en Virginia. La transacci\u00f3n, valorada en 162 millones de euros, eleva la participaci\u00f3n de la compa\u00f1\u00eda en el activo al 55,7%. Ferrovial tambi\u00e9n anunci\u00f3 en los primeros meses de 2022 la compra de un 60% de la concesionaria del aeropuerto de Dalaman en Turqu\u00eda a YDA Group por 140 millones de euros.<\/p>\n<p>Del lado de las desinversiones, que alcanzaron los 1.621 millones de euros, cabe destacar el cierre de la venta de su negocio de Medio Ambiente en Espa\u00f1a y Portugal a PreZero, compa\u00f1\u00eda del Grupo Schwarz por 1.032 millones de euros, en una operaci\u00f3n que genera una plusval\u00eda de 335 millones de euros. La compa\u00f1\u00eda tambi\u00e9n lleg\u00f3 a un acuerdo para la venta de Timec Oil &amp; Gas en Estados Unidos a un fondo gestionado por Architect Equity. A comienzos de 2022, cerr\u00f3 la transmisi\u00f3n de su negocio de Servicios de Infraestructuras en Espa\u00f1a con Portobello Capital por 171 millones de euros, todo ello dentro del proceso de desinversi\u00f3n de su filial de Servicios.<\/p>\n<p>En el periodo, adem\u00e1s, llev\u00f3 a cabo la venta de la divisi\u00f3n inmobiliaria Budimex Nieruchomo\u015bci de su filial polaca Budimex a CP Developer por unos 330 millones de euros despu\u00e9s de gastos de transacci\u00f3n. Adem\u00e1s, cerr\u00f3 la transmisi\u00f3n de participaciones de algunos activos no estrat\u00e9gicos, como son el centro penitenciario de Figueras, URBICSA, Nalanda Global y la empresa de \u00e1ridos SCC.<\/p>\n<p>El presidente tambi\u00e9n hizo referencia durante su discurso a la situaci\u00f3n que vive Ucrania. Asegur\u00f3 que la compa\u00f1\u00eda est\u00e1 monitoriz\u00e1ndola, con especial atenci\u00f3n a Polonia y a los posibles efectos en la divisi\u00f3n de construcci\u00f3n Budimex. En su s\u00f3lido compromiso con las comunidades, la empresa ha lanzado el programa Ferrovial Juntos Sumamos por Ucrania, cuyos fondos igualar\u00e1 la empresa, para efectuar una donaci\u00f3n de ayuda a los refugiados a trav\u00e9s de una ONG especializada.<\/p>\n<p>\u201cFerrovial ha demostrado su fortaleza, tambi\u00e9n en las situaciones de incertidumbre. Contamos con una fuerte posici\u00f3n de caja y amplia liquidez, que refleja la buena salud financiera de la compa\u00f1\u00eda. En este sentido, Ferrovial est\u00e1 preparada para aprovechar las nuevas oportunidades con soluciones innovadoras y sostenibles de infraestructuras de transporte y de movilidad\u201d, concluy\u00f3.<\/p>\n<h2><strong>Pasos en firme en Horizon 24<\/strong><\/h2>\n<p>Ignacio Madridejos repas\u00f3 durante su intervenci\u00f3n los resultados operativos de los negocios. Puso de relieve el buen desempe\u00f1o experimentado por la divisi\u00f3n de Construcci\u00f3n, que ha impulsado con fuerza las ventas de la compa\u00f1\u00eda. En cuanto a la distribuci\u00f3n geogr\u00e1fica, y siguiendo el criterio de integraci\u00f3n proporcional, explic\u00f3 que el 39% de los ingresos proceden de Norteam\u00e9rica, el 23% de Polonia, el 14% de Espa\u00f1a y el 14% de Reino Unido.<\/p>\n<p>\u201cEl Plan Horizon 24 ha cumplido su segundo a\u00f1o y, a pesar de las dificultades impuestas por las nuevas variantes de la COVID-19, progresa adecuadamente\u201d, se\u00f1al\u00f3 Madridejos durante su alocuci\u00f3n en la Junta General de Accionistas, asegurando que la compa\u00f1\u00eda est\u00e1 logrando aumentar el RBE un 11% anual.<\/p>\n<p>El consejero delegado explic\u00f3 que Ferrovial sigue centrada en sus mercados principales, que son Estados Unidos, Canad\u00e1, Espa\u00f1a, Reino Unido y Polonia, con especial foco en el primero de ellos. Adem\u00e1s, la compa\u00f1\u00eda desarrolla distintas oportunidades de crecimiento selectivas en geograf\u00edas como India y Turqu\u00eda en el marco de su apuesta por el crecimiento sostenible, desarrollando y operando activos de infraestructura de alto valor concesional.<\/p>\n<p>Tambi\u00e9n subray\u00f3 el compromiso de la empresa con la sostenibilidad y la acci\u00f3n clim\u00e1tica, siendo la creaci\u00f3n de la unidad de negocio de Infraestructuras Energ\u00e9ticas y Movilidad una de las \u00faltimas muestras de ello. Ferrovial centra sus esfuerzos tanto en la reducci\u00f3n las emisiones derivadas de su actividad como en la descarbonizaci\u00f3n de la econom\u00eda con soluciones de movilidad e infraestructuras m\u00e1s sostenibles.<\/p>\n<h2><strong>Acuerdos de la Junta<\/strong><\/h2>\n<p>Entre las propuestas de acuerdos sometidas a la Junta se aprobaron las cuentas anuales de 2021 y el programa de retribuci\u00f3n al accionista (Ferrovial Dividendo Flexible) en t\u00e9rminos similares a los de los a\u00f1os anteriores, que se instrumentar\u00e1 a trav\u00e9s de dos aumentos de capital liberados.<\/p>\n<p>El dividendo flexible es equivalente a un dividendo total aproximado de 0,715 euros por acci\u00f3n, distribuido en dos pagos en 2022, pudiendo alcanzar un m\u00e1ximo de 520 millones de euros.\u00a0 Adem\u00e1s, la Junta aprob\u00f3 una reducci\u00f3n de capital por la que se amortizar\u00e1 autocartera ya existente y las acciones propias que se adquieran a trav\u00e9s de un programa de recompra (con un m\u00e1ximo de 34 millones de acciones o una inversi\u00f3n m\u00e1xima de 500 millones de euros).<\/p>\n<p>Igualmente, acord\u00f3 la reelecci\u00f3n como consejeros de Rafael del Pino, \u00d3scar Fanjul, Mar\u00eda del Pino, Jos\u00e9 Fernando S\u00e1nchez-Junco y Bruno Di Leo, y la ratificaci\u00f3n y nombramiento como consejeras de Hildegard Wortmann y Alicia Reyes.<\/p>\n<p>La Junta General tambi\u00e9n respald\u00f3 el informe sobre la Estrategia Clim\u00e1tica de la sociedad. Este documento, alineado con las recomendaciones del Taskforce for Climate-related Financial Disclosure (TCFD), contiene la evoluci\u00f3n de las emisiones de gases de efecto invernadero (huella de carbono) respecto a los niveles previstos en el Plan de Reducci\u00f3n de dichas emisiones y las actuaciones para alcanzar los objetivos establecidos en \u00e9l. Ferrovial se convirti\u00f3 el pasado a\u00f1o en una de las primeras compa\u00f1\u00edas del mundo que acord\u00f3 someter a votaci\u00f3n este documento durante el encuentro anual con los accionistas.<\/p>\n        <\/div>\n    <\/section>\n","protected":false},"excerpt":{"rendered":"","protected":false},"featured_media":106257,"menu_order":0,"comment_status":"closed","ping_status":"closed","template":"","nivel-2":[907,2194,1912,995],"nivel-5":[1701],"nivel-1":[],"nivel-3":[1258],"nivel-4":[2299,2013,2082,2250],"class_list":["post-106239","press_release","type-press_release","status-publish","has-post-thumbnail","hentry","nivel-2-accionistas-e-inversores","nivel-2-adjudicaciones","nivel-2-corporativo","nivel-2-junta-general-de-accionistas","nivel-5-407-etr","nivel-3-espana","nivel-4-lima","nivel-4-londres","nivel-4-sydney","nivel-4-texas"],"acf":[],"yoast_head":"<title>Rafael del Pino destaca la recuperaci\u00f3n de los resultados de Ferrovial por la mejora de la situaci\u00f3n sanitaria<\/title>\n<meta name=\"description\" content=\"Ferrovial ha celebrado la Junta General de Accionistas correspondiente a los resultados anuales del ejercicio de 2021\" \/>\n<meta name=\"robots\" content=\"index, follow, max-snippet:-1, max-image-preview:large, max-video-preview:-1\" \/>\n<link rel=\"canonical\" href=\"https:\/\/newsroom.ferrovial.com\/es\/notas-prensa\/junta-de-accionistas-2021\/\" \/>\n<meta property=\"og:locale\" content=\"es_ES\" \/>\n<meta property=\"og:type\" content=\"article\" \/>\n<meta property=\"og:title\" content=\"Rafael del Pino destaca la recuperaci\u00f3n de los resultados de Ferrovial por la mejora de la situaci\u00f3n sanitaria\" \/>\n<meta property=\"og:description\" content=\"Ferrovial ha celebrado la Junta General de Accionistas correspondiente a los resultados anuales del ejercicio de 2021\" \/>\n<meta property=\"og:url\" content=\"https:\/\/newsroom.ferrovial.com\/es\/notas-prensa\/junta-de-accionistas-2021\/\" \/>\n<meta property=\"og:site_name\" content=\"Sala de prensa Ferrovial | \u00daltimas noticias\" \/>\n<meta property=\"article:publisher\" content=\"https:\/\/www.facebook.com\/ferrovial\" \/>\n<meta property=\"article:modified_time\" content=\"2022-12-20T17:19:48+00:00\" \/>\n<meta property=\"og:image\" content=\"https:\/\/newsroom.ferrovial.com\/wp-content\/uploads\/sites\/4\/2022\/04\/foto-jga-scaled.jpg\" \/>\n\t<meta property=\"og:image:width\" content=\"2560\" \/>\n\t<meta property=\"og:image:height\" content=\"1671\" \/>\n\t<meta property=\"og:image:type\" content=\"image\/jpeg\" \/>\n<meta name=\"twitter:card\" content=\"summary_large_image\" \/>\n<meta name=\"twitter:site\" content=\"@ferrovial\" \/>\n<script type=\"application\/ld+json\" class=\"yoast-schema-graph\">{\"@context\":\"https:\/\/schema.org\",\"@graph\":[{\"@type\":\"WebPage\",\"@id\":\"https:\/\/newsroom.ferrovial.com\/es\/notas-prensa\/junta-de-accionistas-2021\/\",\"url\":\"https:\/\/newsroom.ferrovial.com\/es\/notas-prensa\/junta-de-accionistas-2021\/\",\"name\":\"Rafael del Pino destaca la recuperaci\u00f3n de los resultados de Ferrovial por la mejora de la situaci\u00f3n sanitaria\",\"isPartOf\":{\"@id\":\"https:\/\/newsroom.ferrovial.com\/es\/#website\"},\"primaryImageOfPage\":{\"@id\":\"https:\/\/newsroom.ferrovial.com\/es\/notas-prensa\/junta-de-accionistas-2021\/#primaryimage\"},\"image\":{\"@id\":\"https:\/\/newsroom.ferrovial.com\/es\/notas-prensa\/junta-de-accionistas-2021\/#primaryimage\"},\"thumbnailUrl\":\"https:\/\/static.newsroom.ferrovial.com\/wp-content\/uploads\/2022\/04\/15142104\/foto-jga-scaled.jpg\",\"datePublished\":\"2022-04-07T11:57:41+00:00\",\"dateModified\":\"2022-12-20T17:19:48+00:00\",\"description\":\"Ferrovial ha celebrado la Junta General de Accionistas correspondiente a los resultados anuales del ejercicio de 2021\",\"breadcrumb\":{\"@id\":\"https:\/\/newsroom.ferrovial.com\/es\/notas-prensa\/junta-de-accionistas-2021\/#breadcrumb\"},\"inLanguage\":\"es\",\"potentialAction\":[{\"@type\":\"ReadAction\",\"target\":[\"https:\/\/newsroom.ferrovial.com\/es\/notas-prensa\/junta-de-accionistas-2021\/\"]}]},{\"@type\":\"ImageObject\",\"inLanguage\":\"es\",\"@id\":\"https:\/\/newsroom.ferrovial.com\/es\/notas-prensa\/junta-de-accionistas-2021\/#primaryimage\",\"url\":\"https:\/\/static.newsroom.ferrovial.com\/wp-content\/uploads\/2022\/04\/15142104\/foto-jga-scaled.jpg\",\"contentUrl\":\"https:\/\/static.newsroom.ferrovial.com\/wp-content\/uploads\/2022\/04\/15142104\/foto-jga-scaled.jpg\",\"width\":2560,\"height\":1671,\"caption\":\"Junta General 2021\"},{\"@type\":\"BreadcrumbList\",\"@id\":\"https:\/\/newsroom.ferrovial.com\/es\/notas-prensa\/junta-de-accionistas-2021\/#breadcrumb\",\"itemListElement\":[{\"@type\":\"ListItem\",\"position\":1,\"name\":\"Portada\",\"item\":\"https:\/\/newsroom.ferrovial.com\/es\/\"},{\"@type\":\"ListItem\",\"position\":2,\"name\":\"Notas de Prensa\",\"item\":\"https:\/\/newsroom.ferrovial.com\/es\/notas-prensa\/\"},{\"@type\":\"ListItem\",\"position\":3,\"name\":\"Rafael del Pino destaca la recuperaci\u00f3n de los resultados de Ferrovial por la mejora de la situaci\u00f3n sanitaria\"}]},{\"@type\":\"WebSite\",\"@id\":\"https:\/\/newsroom.ferrovial.com\/es\/#website\",\"url\":\"https:\/\/newsroom.ferrovial.com\/es\/\",\"name\":\"Sala de prensa Ferrovial | \u00daltimas noticias\",\"description\":\"Sala de prensa Ferrovial | \u00daltimas noticias\",\"publisher\":{\"@id\":\"https:\/\/newsroom.ferrovial.com\/es\/#organization\"},\"potentialAction\":[{\"@type\":\"SearchAction\",\"target\":{\"@type\":\"EntryPoint\",\"urlTemplate\":\"https:\/\/newsroom.ferrovial.com\/es\/?s={search_term_string}\"},\"query-input\":{\"@type\":\"PropertyValueSpecification\",\"valueRequired\":true,\"valueName\":\"search_term_string\"}}],\"inLanguage\":\"es\"},{\"@type\":\"Organization\",\"@id\":\"https:\/\/newsroom.ferrovial.com\/es\/#organization\",\"name\":\"Ferrovial S.A.\",\"url\":\"https:\/\/newsroom.ferrovial.com\/es\/\",\"logo\":{\"@type\":\"ImageObject\",\"inLanguage\":\"es\",\"@id\":\"https:\/\/newsroom.ferrovial.com\/es\/#\/schema\/logo\/image\/\",\"url\":\"https:\/\/static.newsroom.ferrovial.com\/wp-content\/uploads\/2018\/07\/15145720\/Ferrovial_Logotipo1.jpg\",\"contentUrl\":\"https:\/\/static.newsroom.ferrovial.com\/wp-content\/uploads\/2018\/07\/15145720\/Ferrovial_Logotipo1.jpg\",\"width\":600,\"height\":300,\"caption\":\"Ferrovial S.A.\"},\"image\":{\"@id\":\"https:\/\/newsroom.ferrovial.com\/es\/#\/schema\/logo\/image\/\"},\"sameAs\":[\"https:\/\/www.facebook.com\/ferrovial\",\"https:\/\/x.com\/ferrovial\",\"https:\/\/www.instagram.com\/ferrovial\/\",\"https:\/\/www.linkedin.com\/company\/ferrovial\",\"https:\/\/www.pinterest.es\/ferrovial\/\",\"https:\/\/www.youtube.com\/ferrovial\",\"https:\/\/en.wikipedia.org\/wiki\/Ferrovial\"]}]}<\/script>","yoast_head_json":{"title":"Rafael del Pino destaca la recuperaci\u00f3n de los resultados de Ferrovial por la mejora de la situaci\u00f3n sanitaria","description":"Ferrovial ha celebrado la Junta General de Accionistas correspondiente a los resultados anuales del ejercicio de 2021","robots":{"index":"index","follow":"follow","max-snippet":"max-snippet:-1","max-image-preview":"max-image-preview:large","max-video-preview":"max-video-preview:-1"},"canonical":"https:\/\/newsroom.ferrovial.com\/es\/notas-prensa\/junta-de-accionistas-2021\/","og_locale":"es_ES","og_type":"article","og_title":"Rafael del Pino destaca la recuperaci\u00f3n de los resultados de Ferrovial por la mejora de la situaci\u00f3n sanitaria","og_description":"Ferrovial ha celebrado la Junta General de Accionistas correspondiente a los resultados anuales del ejercicio de 2021","og_url":"https:\/\/newsroom.ferrovial.com\/es\/notas-prensa\/junta-de-accionistas-2021\/","og_site_name":"Sala de prensa Ferrovial | \u00daltimas noticias","article_publisher":"https:\/\/www.facebook.com\/ferrovial","article_modified_time":"2022-12-20T17:19:48+00:00","og_image":[{"width":2560,"height":1671,"url":"https:\/\/newsroom.ferrovial.com\/wp-content\/uploads\/sites\/4\/2022\/04\/foto-jga-scaled.jpg","type":"image\/jpeg"}],"twitter_card":"summary_large_image","twitter_site":"@ferrovial","schema":{"@context":"https:\/\/schema.org","@graph":[{"@type":"WebPage","@id":"https:\/\/newsroom.ferrovial.com\/es\/notas-prensa\/junta-de-accionistas-2021\/","url":"https:\/\/newsroom.ferrovial.com\/es\/notas-prensa\/junta-de-accionistas-2021\/","name":"Rafael del Pino destaca la recuperaci\u00f3n de los resultados de Ferrovial por la mejora de la situaci\u00f3n sanitaria","isPartOf":{"@id":"https:\/\/newsroom.ferrovial.com\/es\/#website"},"primaryImageOfPage":{"@id":"https:\/\/newsroom.ferrovial.com\/es\/notas-prensa\/junta-de-accionistas-2021\/#primaryimage"},"image":{"@id":"https:\/\/newsroom.ferrovial.com\/es\/notas-prensa\/junta-de-accionistas-2021\/#primaryimage"},"thumbnailUrl":"https:\/\/static.newsroom.ferrovial.com\/wp-content\/uploads\/2022\/04\/15142104\/foto-jga-scaled.jpg","datePublished":"2022-04-07T11:57:41+00:00","dateModified":"2022-12-20T17:19:48+00:00","description":"Ferrovial ha celebrado la Junta General de Accionistas correspondiente a los resultados anuales del ejercicio de 2021","breadcrumb":{"@id":"https:\/\/newsroom.ferrovial.com\/es\/notas-prensa\/junta-de-accionistas-2021\/#breadcrumb"},"inLanguage":"es","potentialAction":[{"@type":"ReadAction","target":["https:\/\/newsroom.ferrovial.com\/es\/notas-prensa\/junta-de-accionistas-2021\/"]}]},{"@type":"ImageObject","inLanguage":"es","@id":"https:\/\/newsroom.ferrovial.com\/es\/notas-prensa\/junta-de-accionistas-2021\/#primaryimage","url":"https:\/\/static.newsroom.ferrovial.com\/wp-content\/uploads\/2022\/04\/15142104\/foto-jga-scaled.jpg","contentUrl":"https:\/\/static.newsroom.ferrovial.com\/wp-content\/uploads\/2022\/04\/15142104\/foto-jga-scaled.jpg","width":2560,"height":1671,"caption":"Junta General 2021"},{"@type":"BreadcrumbList","@id":"https:\/\/newsroom.ferrovial.com\/es\/notas-prensa\/junta-de-accionistas-2021\/#breadcrumb","itemListElement":[{"@type":"ListItem","position":1,"name":"Portada","item":"https:\/\/newsroom.ferrovial.com\/es\/"},{"@type":"ListItem","position":2,"name":"Notas de Prensa","item":"https:\/\/newsroom.ferrovial.com\/es\/notas-prensa\/"},{"@type":"ListItem","position":3,"name":"Rafael del Pino destaca la recuperaci\u00f3n de los resultados de Ferrovial por la mejora de la situaci\u00f3n sanitaria"}]},{"@type":"WebSite","@id":"https:\/\/newsroom.ferrovial.com\/es\/#website","url":"https:\/\/newsroom.ferrovial.com\/es\/","name":"Sala de prensa Ferrovial | \u00daltimas noticias","description":"Sala de prensa Ferrovial | \u00daltimas noticias","publisher":{"@id":"https:\/\/newsroom.ferrovial.com\/es\/#organization"},"potentialAction":[{"@type":"SearchAction","target":{"@type":"EntryPoint","urlTemplate":"https:\/\/newsroom.ferrovial.com\/es\/?s={search_term_string}"},"query-input":{"@type":"PropertyValueSpecification","valueRequired":true,"valueName":"search_term_string"}}],"inLanguage":"es"},{"@type":"Organization","@id":"https:\/\/newsroom.ferrovial.com\/es\/#organization","name":"Ferrovial S.A.","url":"https:\/\/newsroom.ferrovial.com\/es\/","logo":{"@type":"ImageObject","inLanguage":"es","@id":"https:\/\/newsroom.ferrovial.com\/es\/#\/schema\/logo\/image\/","url":"https:\/\/static.newsroom.ferrovial.com\/wp-content\/uploads\/2018\/07\/15145720\/Ferrovial_Logotipo1.jpg","contentUrl":"https:\/\/static.newsroom.ferrovial.com\/wp-content\/uploads\/2018\/07\/15145720\/Ferrovial_Logotipo1.jpg","width":600,"height":300,"caption":"Ferrovial S.A."},"image":{"@id":"https:\/\/newsroom.ferrovial.com\/es\/#\/schema\/logo\/image\/"},"sameAs":["https:\/\/www.facebook.com\/ferrovial","https:\/\/x.com\/ferrovial","https:\/\/www.instagram.com\/ferrovial\/","https:\/\/www.linkedin.com\/company\/ferrovial","https:\/\/www.pinterest.es\/ferrovial\/","https:\/\/www.youtube.com\/ferrovial","https:\/\/en.wikipedia.org\/wiki\/Ferrovial"]}]}},"_links":{"self":[{"href":"https:\/\/newsroom.ferrovial.com\/es\/wp-json\/wp\/v2\/press_release\/106239","targetHints":{"allow":["GET"]}}],"collection":[{"href":"https:\/\/newsroom.ferrovial.com\/es\/wp-json\/wp\/v2\/press_release"}],"about":[{"href":"https:\/\/newsroom.ferrovial.com\/es\/wp-json\/wp\/v2\/types\/press_release"}],"replies":[{"embeddable":true,"href":"https:\/\/newsroom.ferrovial.com\/es\/wp-json\/wp\/v2\/comments?post=106239"}],"version-history":[{"count":3,"href":"https:\/\/newsroom.ferrovial.com\/es\/wp-json\/wp\/v2\/press_release\/106239\/revisions"}],"predecessor-version":[{"id":111128,"href":"https:\/\/newsroom.ferrovial.com\/es\/wp-json\/wp\/v2\/press_release\/106239\/revisions\/111128"}],"wp:featuredmedia":[{"embeddable":true,"href":"https:\/\/newsroom.ferrovial.com\/es\/wp-json\/wp\/v2\/media\/106257"}],"wp:attachment":[{"href":"https:\/\/newsroom.ferrovial.com\/es\/wp-json\/wp\/v2\/media?parent=106239"}],"wp:term":[{"taxonomy":"nivel-2","embeddable":true,"href":"https:\/\/newsroom.ferrovial.com\/es\/wp-json\/wp\/v2\/nivel-2?post=106239"},{"taxonomy":"nivel-5","embeddable":true,"href":"https:\/\/newsroom.ferrovial.com\/es\/wp-json\/wp\/v2\/nivel-5?post=106239"},{"taxonomy":"nivel-1","embeddable":true,"href":"https:\/\/newsroom.ferrovial.com\/es\/wp-json\/wp\/v2\/nivel-1?post=106239"},{"taxonomy":"nivel-3","embeddable":true,"href":"https:\/\/newsroom.ferrovial.com\/es\/wp-json\/wp\/v2\/nivel-3?post=106239"},{"taxonomy":"nivel-4","embeddable":true,"href":"https:\/\/newsroom.ferrovial.com\/es\/wp-json\/wp\/v2\/nivel-4?post=106239"}],"curies":[{"name":"wp","href":"https:\/\/api.w.org\/{rel}","templated":true}]}}