{"id":107074,"date":"2022-06-16T19:55:03","date_gmt":"2022-06-16T17:55:03","guid":{"rendered":"https:\/\/newsroom.ferrovial.com\/?post_type=press_release&#038;p=107074"},"modified":"2022-12-20T18:18:23","modified_gmt":"2022-12-20T17:18:23","slug":"rey-inaugura-exposicion-ferrovial","status":"publish","type":"press_release","link":"https:\/\/newsroom.ferrovial.com\/es\/notas-prensa\/rey-inaugura-exposicion-ferrovial\/","title":{"rendered":"SM el Rey inaugura la exposici\u00f3n \u201cCreaci\u00f3n en Movimiento. Ferrovial en la mirada de Jos\u00e9 Manuel Ballester\u201d"},"content":{"rendered":"    <section class=\"wysiwyg text-editor \" id=\"\">\n        <div class=\"container container--narrow container--p-10\">\n            <p>Su Majestad el <strong>Rey de Espa\u00f1a Felipe VI<\/strong> presidi\u00f3 en la tarde de hoy la inauguraci\u00f3n de la exposici\u00f3n <strong>\u201cCreaci\u00f3n en movimiento. Ferrovial en la mirada de Jos\u00e9 Manuel Ballester\u201d<\/strong>, que permanecer\u00e1 abierta al p\u00fablico hasta el 2 de octubre en el Espacio Fundaci\u00f3n Telef\u00f3nica. En la misma, se muestra la visi\u00f3n del pintor y fot\u00f3grafo Jos\u00e9 Manuel Ballester, tras un periplo de un a\u00f1o retratando <strong>obras y proyectos de Ferrovial<\/strong> en distintos lugares del mundo.<\/p>\n<p>Su Majestad el Rey estuvo acompa\u00f1ado por Raquel S\u00e1nchez, ministra de Transportes, Movilidad y Agenda Urbana; <strong>Rafael del Pino, presidente de Ferrovial<\/strong>, y Carmen Moren\u00e9s, directora general de Fundaci\u00f3n Telef\u00f3nica.<\/p>\n<p>La exposici\u00f3n coincide con la celebraci\u00f3n del <strong>70\u00ba aniversario de la fundaci\u00f3n de Ferrovial<\/strong>. Para esta conmemoraci\u00f3n, Ferrovial ha invitado a Jos\u00e9 Manuel Ballester, Premio Nacional de Fotograf\u00eda 2010, a elaborar un retrato de la compa\u00f1\u00eda a trav\u00e9s de sus principales actividades y obras alrededor del mundo. La muestra,<strong> comisariada por Mar\u00eda de Corral y Lorena Mart\u00ednez de Corral<\/strong>, selecciona 44 piezas de gran formato y se divide en secciones: edificios singulares, puentes y viaductos, presas, metro, autopistas, aeropuertos y t\u00faneles. Esta es la segunda ocasi\u00f3n, la anterior data de 2012, que artista y empresa colaboran en un proyecto de estas caracter\u00edsticas.<\/p>\n<p>Jos\u00e9 Manuel Ballester ha recorrido a lo largo de este a\u00f1o de trabajo m\u00e1s de <strong>30.000 kil\u00f3metros, retratando unos 50 proyectos<\/strong> en Australia, Polonia, Francia, Reino Unido, Espa\u00f1a, Estados Unidos, Canad\u00e1, Colombia, Per\u00fa y Chile. Este periplo le ha permitido aportar su particular visi\u00f3n de pintor y fot\u00f3grafo sobre las estructuras, edificios y espacios desarrollados por Ferrovial. Las im\u00e1genes que componen la muestra evidencian la complejidad de los proyectos, as\u00ed como la amplitud de la labor de la empresa que cubre el ciclo completo de la vida de una infraestructura, desde su <strong>dise\u00f1o y construcci\u00f3n<\/strong>, hasta su gesti\u00f3n y mantenimiento. En la misma, se exhiben fotos de Ballester sobre las autopistas en Dallas, Toronto, Toowoomba o Virginia; aeropuertos de Londres o Glasgow; puentes en Canad\u00e1 o Eslovaquia; conjuntos hist\u00f3ricos como la plaza mayor de Madrid o el Palacio de Cristal, y t\u00faneles bajo el T\u00e1mesis o Los Andes, y el ITER, en Francia.<\/p>\n<p><strong>Para ampliar informaci\u00f3n<\/strong>, puede acceder a <a href=\"https:\/\/www.ferrovial.com\/es\/jose-manuel-ballester\/\">www.creacionenmovimiento.com<\/a><\/p>\n        <\/div>\n    <\/section>\n","protected":false},"excerpt":{"rendered":"","protected":false},"featured_media":107084,"menu_order":0,"comment_status":"closed","ping_status":"closed","template":"","nivel-2":[1912,2208,1932,972],"nivel-5":[2149],"nivel-1":[],"nivel-3":[1258],"nivel-4":[1809],"class_list":["post-107074","press_release","type-press_release","status-publish","has-post-thumbnail","hentry","nivel-2-corporativo","nivel-2-diseno-e-ingenieria","nivel-2-diseno-y-construccion","nivel-2-eventos","nivel-5-ferrovial-construccion","nivel-3-espana","nivel-4-madrid"],"acf":[],"yoast_head":"<title>SM el Rey inaugura la exposici\u00f3n \u201cCreaci\u00f3n en Movimiento. Ferrovial en la mirada de Jos\u00e9 Manuel Ballester\u201d<\/title>\n<meta name=\"description\" content=\"Felipe VI presidi\u00f3 en la tarde de hoy la inauguraci\u00f3n de la exposici\u00f3n \u201cCreaci\u00f3n en movimiento. Ferrovial en la mirada de Jos\u00e9 Manuel Ballester\u201d.\" \/>\n<meta name=\"robots\" content=\"index, follow, max-snippet:-1, max-image-preview:large, max-video-preview:-1\" \/>\n<link rel=\"canonical\" href=\"https:\/\/newsroom.ferrovial.com\/es\/notas-prensa\/rey-inaugura-exposicion-ferrovial\/\" \/>\n<meta property=\"og:locale\" content=\"es_ES\" \/>\n<meta property=\"og:type\" content=\"article\" \/>\n<meta property=\"og:title\" content=\"SM el Rey inaugura la exposici\u00f3n \u201cCreaci\u00f3n en Movimiento. Ferrovial en la mirada de Jos\u00e9 Manuel Ballester\u201d\" \/>\n<meta property=\"og:description\" content=\"Felipe VI presidi\u00f3 en la tarde de hoy la inauguraci\u00f3n de la exposici\u00f3n \u201cCreaci\u00f3n en movimiento. Ferrovial en la mirada de Jos\u00e9 Manuel Ballester\u201d.\" \/>\n<meta property=\"og:url\" content=\"https:\/\/newsroom.ferrovial.com\/es\/notas-prensa\/rey-inaugura-exposicion-ferrovial\/\" \/>\n<meta property=\"og:site_name\" content=\"Sala de prensa Ferrovial | \u00daltimas noticias\" \/>\n<meta property=\"article:publisher\" content=\"https:\/\/www.facebook.com\/ferrovial\" \/>\n<meta property=\"article:modified_time\" content=\"2022-12-20T17:18:23+00:00\" \/>\n<meta property=\"og:image\" content=\"https:\/\/newsroom.ferrovial.com\/wp-content\/uploads\/sites\/4\/2022\/06\/microsoftteams-image-scaled.jpg\" \/>\n\t<meta property=\"og:image:width\" content=\"2560\" \/>\n\t<meta property=\"og:image:height\" content=\"1765\" \/>\n\t<meta property=\"og:image:type\" content=\"image\/jpeg\" \/>\n<meta name=\"twitter:card\" content=\"summary_large_image\" \/>\n<meta name=\"twitter:site\" content=\"@ferrovial\" \/>\n<script type=\"application\/ld+json\" class=\"yoast-schema-graph\">{\"@context\":\"https:\/\/schema.org\",\"@graph\":[{\"@type\":\"WebPage\",\"@id\":\"https:\/\/newsroom.ferrovial.com\/es\/notas-prensa\/rey-inaugura-exposicion-ferrovial\/\",\"url\":\"https:\/\/newsroom.ferrovial.com\/es\/notas-prensa\/rey-inaugura-exposicion-ferrovial\/\",\"name\":\"SM el Rey inaugura la exposici\u00f3n \u201cCreaci\u00f3n en Movimiento. Ferrovial en la mirada de Jos\u00e9 Manuel Ballester\u201d\",\"isPartOf\":{\"@id\":\"https:\/\/newsroom.ferrovial.com\/es\/#website\"},\"primaryImageOfPage\":{\"@id\":\"https:\/\/newsroom.ferrovial.com\/es\/notas-prensa\/rey-inaugura-exposicion-ferrovial\/#primaryimage\"},\"image\":{\"@id\":\"https:\/\/newsroom.ferrovial.com\/es\/notas-prensa\/rey-inaugura-exposicion-ferrovial\/#primaryimage\"},\"thumbnailUrl\":\"https:\/\/static.newsroom.ferrovial.com\/wp-content\/uploads\/2022\/06\/15141836\/microsoftteams-image-scaled.jpg\",\"datePublished\":\"2022-06-16T17:55:03+00:00\",\"dateModified\":\"2022-12-20T17:18:23+00:00\",\"description\":\"Felipe VI presidi\u00f3 en la tarde de hoy la inauguraci\u00f3n de la exposici\u00f3n \u201cCreaci\u00f3n en movimiento. Ferrovial en la mirada de Jos\u00e9 Manuel Ballester\u201d.\",\"breadcrumb\":{\"@id\":\"https:\/\/newsroom.ferrovial.com\/es\/notas-prensa\/rey-inaugura-exposicion-ferrovial\/#breadcrumb\"},\"inLanguage\":\"es\",\"potentialAction\":[{\"@type\":\"ReadAction\",\"target\":[\"https:\/\/newsroom.ferrovial.com\/es\/notas-prensa\/rey-inaugura-exposicion-ferrovial\/\"]}]},{\"@type\":\"ImageObject\",\"inLanguage\":\"es\",\"@id\":\"https:\/\/newsroom.ferrovial.com\/es\/notas-prensa\/rey-inaugura-exposicion-ferrovial\/#primaryimage\",\"url\":\"https:\/\/static.newsroom.ferrovial.com\/wp-content\/uploads\/2022\/06\/15141836\/microsoftteams-image-scaled.jpg\",\"contentUrl\":\"https:\/\/static.newsroom.ferrovial.com\/wp-content\/uploads\/2022\/06\/15141836\/microsoftteams-image-scaled.jpg\",\"width\":2560,\"height\":1765},{\"@type\":\"BreadcrumbList\",\"@id\":\"https:\/\/newsroom.ferrovial.com\/es\/notas-prensa\/rey-inaugura-exposicion-ferrovial\/#breadcrumb\",\"itemListElement\":[{\"@type\":\"ListItem\",\"position\":1,\"name\":\"Portada\",\"item\":\"https:\/\/newsroom.ferrovial.com\/es\/\"},{\"@type\":\"ListItem\",\"position\":2,\"name\":\"Notas de Prensa\",\"item\":\"https:\/\/newsroom.ferrovial.com\/es\/notas-prensa\/\"},{\"@type\":\"ListItem\",\"position\":3,\"name\":\"SM el Rey inaugura la exposici\u00f3n \u201cCreaci\u00f3n en Movimiento. Ferrovial en la mirada de Jos\u00e9 Manuel Ballester\u201d\"}]},{\"@type\":\"WebSite\",\"@id\":\"https:\/\/newsroom.ferrovial.com\/es\/#website\",\"url\":\"https:\/\/newsroom.ferrovial.com\/es\/\",\"name\":\"Sala de prensa Ferrovial | \u00daltimas noticias\",\"description\":\"Sala de prensa Ferrovial | \u00daltimas noticias\",\"publisher\":{\"@id\":\"https:\/\/newsroom.ferrovial.com\/es\/#organization\"},\"potentialAction\":[{\"@type\":\"SearchAction\",\"target\":{\"@type\":\"EntryPoint\",\"urlTemplate\":\"https:\/\/newsroom.ferrovial.com\/es\/?s={search_term_string}\"},\"query-input\":{\"@type\":\"PropertyValueSpecification\",\"valueRequired\":true,\"valueName\":\"search_term_string\"}}],\"inLanguage\":\"es\"},{\"@type\":\"Organization\",\"@id\":\"https:\/\/newsroom.ferrovial.com\/es\/#organization\",\"name\":\"Ferrovial S.A.\",\"url\":\"https:\/\/newsroom.ferrovial.com\/es\/\",\"logo\":{\"@type\":\"ImageObject\",\"inLanguage\":\"es\",\"@id\":\"https:\/\/newsroom.ferrovial.com\/es\/#\/schema\/logo\/image\/\",\"url\":\"https:\/\/static.newsroom.ferrovial.com\/wp-content\/uploads\/2018\/07\/15145720\/Ferrovial_Logotipo1.jpg\",\"contentUrl\":\"https:\/\/static.newsroom.ferrovial.com\/wp-content\/uploads\/2018\/07\/15145720\/Ferrovial_Logotipo1.jpg\",\"width\":600,\"height\":300,\"caption\":\"Ferrovial S.A.\"},\"image\":{\"@id\":\"https:\/\/newsroom.ferrovial.com\/es\/#\/schema\/logo\/image\/\"},\"sameAs\":[\"https:\/\/www.facebook.com\/ferrovial\",\"https:\/\/x.com\/ferrovial\",\"https:\/\/www.instagram.com\/ferrovial\/\",\"https:\/\/www.linkedin.com\/company\/ferrovial\",\"https:\/\/www.pinterest.es\/ferrovial\/\",\"https:\/\/www.youtube.com\/ferrovial\",\"https:\/\/en.wikipedia.org\/wiki\/Ferrovial\"]}]}<\/script>","yoast_head_json":{"title":"SM el Rey inaugura la exposici\u00f3n \u201cCreaci\u00f3n en Movimiento. Ferrovial en la mirada de Jos\u00e9 Manuel Ballester\u201d","description":"Felipe VI presidi\u00f3 en la tarde de hoy la inauguraci\u00f3n de la exposici\u00f3n \u201cCreaci\u00f3n en movimiento. Ferrovial en la mirada de Jos\u00e9 Manuel Ballester\u201d.","robots":{"index":"index","follow":"follow","max-snippet":"max-snippet:-1","max-image-preview":"max-image-preview:large","max-video-preview":"max-video-preview:-1"},"canonical":"https:\/\/newsroom.ferrovial.com\/es\/notas-prensa\/rey-inaugura-exposicion-ferrovial\/","og_locale":"es_ES","og_type":"article","og_title":"SM el Rey inaugura la exposici\u00f3n \u201cCreaci\u00f3n en Movimiento. Ferrovial en la mirada de Jos\u00e9 Manuel Ballester\u201d","og_description":"Felipe VI presidi\u00f3 en la tarde de hoy la inauguraci\u00f3n de la exposici\u00f3n \u201cCreaci\u00f3n en movimiento. Ferrovial en la mirada de Jos\u00e9 Manuel Ballester\u201d.","og_url":"https:\/\/newsroom.ferrovial.com\/es\/notas-prensa\/rey-inaugura-exposicion-ferrovial\/","og_site_name":"Sala de prensa Ferrovial | \u00daltimas noticias","article_publisher":"https:\/\/www.facebook.com\/ferrovial","article_modified_time":"2022-12-20T17:18:23+00:00","og_image":[{"width":2560,"height":1765,"url":"https:\/\/newsroom.ferrovial.com\/wp-content\/uploads\/sites\/4\/2022\/06\/microsoftteams-image-scaled.jpg","type":"image\/jpeg"}],"twitter_card":"summary_large_image","twitter_site":"@ferrovial","schema":{"@context":"https:\/\/schema.org","@graph":[{"@type":"WebPage","@id":"https:\/\/newsroom.ferrovial.com\/es\/notas-prensa\/rey-inaugura-exposicion-ferrovial\/","url":"https:\/\/newsroom.ferrovial.com\/es\/notas-prensa\/rey-inaugura-exposicion-ferrovial\/","name":"SM el Rey inaugura la exposici\u00f3n \u201cCreaci\u00f3n en Movimiento. Ferrovial en la mirada de Jos\u00e9 Manuel Ballester\u201d","isPartOf":{"@id":"https:\/\/newsroom.ferrovial.com\/es\/#website"},"primaryImageOfPage":{"@id":"https:\/\/newsroom.ferrovial.com\/es\/notas-prensa\/rey-inaugura-exposicion-ferrovial\/#primaryimage"},"image":{"@id":"https:\/\/newsroom.ferrovial.com\/es\/notas-prensa\/rey-inaugura-exposicion-ferrovial\/#primaryimage"},"thumbnailUrl":"https:\/\/static.newsroom.ferrovial.com\/wp-content\/uploads\/2022\/06\/15141836\/microsoftteams-image-scaled.jpg","datePublished":"2022-06-16T17:55:03+00:00","dateModified":"2022-12-20T17:18:23+00:00","description":"Felipe VI presidi\u00f3 en la tarde de hoy la inauguraci\u00f3n de la exposici\u00f3n \u201cCreaci\u00f3n en movimiento. Ferrovial en la mirada de Jos\u00e9 Manuel Ballester\u201d.","breadcrumb":{"@id":"https:\/\/newsroom.ferrovial.com\/es\/notas-prensa\/rey-inaugura-exposicion-ferrovial\/#breadcrumb"},"inLanguage":"es","potentialAction":[{"@type":"ReadAction","target":["https:\/\/newsroom.ferrovial.com\/es\/notas-prensa\/rey-inaugura-exposicion-ferrovial\/"]}]},{"@type":"ImageObject","inLanguage":"es","@id":"https:\/\/newsroom.ferrovial.com\/es\/notas-prensa\/rey-inaugura-exposicion-ferrovial\/#primaryimage","url":"https:\/\/static.newsroom.ferrovial.com\/wp-content\/uploads\/2022\/06\/15141836\/microsoftteams-image-scaled.jpg","contentUrl":"https:\/\/static.newsroom.ferrovial.com\/wp-content\/uploads\/2022\/06\/15141836\/microsoftteams-image-scaled.jpg","width":2560,"height":1765},{"@type":"BreadcrumbList","@id":"https:\/\/newsroom.ferrovial.com\/es\/notas-prensa\/rey-inaugura-exposicion-ferrovial\/#breadcrumb","itemListElement":[{"@type":"ListItem","position":1,"name":"Portada","item":"https:\/\/newsroom.ferrovial.com\/es\/"},{"@type":"ListItem","position":2,"name":"Notas de Prensa","item":"https:\/\/newsroom.ferrovial.com\/es\/notas-prensa\/"},{"@type":"ListItem","position":3,"name":"SM el Rey inaugura la exposici\u00f3n \u201cCreaci\u00f3n en Movimiento. Ferrovial en la mirada de Jos\u00e9 Manuel Ballester\u201d"}]},{"@type":"WebSite","@id":"https:\/\/newsroom.ferrovial.com\/es\/#website","url":"https:\/\/newsroom.ferrovial.com\/es\/","name":"Sala de prensa Ferrovial | \u00daltimas noticias","description":"Sala de prensa Ferrovial | \u00daltimas noticias","publisher":{"@id":"https:\/\/newsroom.ferrovial.com\/es\/#organization"},"potentialAction":[{"@type":"SearchAction","target":{"@type":"EntryPoint","urlTemplate":"https:\/\/newsroom.ferrovial.com\/es\/?s={search_term_string}"},"query-input":{"@type":"PropertyValueSpecification","valueRequired":true,"valueName":"search_term_string"}}],"inLanguage":"es"},{"@type":"Organization","@id":"https:\/\/newsroom.ferrovial.com\/es\/#organization","name":"Ferrovial S.A.","url":"https:\/\/newsroom.ferrovial.com\/es\/","logo":{"@type":"ImageObject","inLanguage":"es","@id":"https:\/\/newsroom.ferrovial.com\/es\/#\/schema\/logo\/image\/","url":"https:\/\/static.newsroom.ferrovial.com\/wp-content\/uploads\/2018\/07\/15145720\/Ferrovial_Logotipo1.jpg","contentUrl":"https:\/\/static.newsroom.ferrovial.com\/wp-content\/uploads\/2018\/07\/15145720\/Ferrovial_Logotipo1.jpg","width":600,"height":300,"caption":"Ferrovial S.A."},"image":{"@id":"https:\/\/newsroom.ferrovial.com\/es\/#\/schema\/logo\/image\/"},"sameAs":["https:\/\/www.facebook.com\/ferrovial","https:\/\/x.com\/ferrovial","https:\/\/www.instagram.com\/ferrovial\/","https:\/\/www.linkedin.com\/company\/ferrovial","https:\/\/www.pinterest.es\/ferrovial\/","https:\/\/www.youtube.com\/ferrovial","https:\/\/en.wikipedia.org\/wiki\/Ferrovial"]}]}},"_links":{"self":[{"href":"https:\/\/newsroom.ferrovial.com\/es\/wp-json\/wp\/v2\/press_release\/107074","targetHints":{"allow":["GET"]}}],"collection":[{"href":"https:\/\/newsroom.ferrovial.com\/es\/wp-json\/wp\/v2\/press_release"}],"about":[{"href":"https:\/\/newsroom.ferrovial.com\/es\/wp-json\/wp\/v2\/types\/press_release"}],"replies":[{"embeddable":true,"href":"https:\/\/newsroom.ferrovial.com\/es\/wp-json\/wp\/v2\/comments?post=107074"}],"version-history":[{"count":3,"href":"https:\/\/newsroom.ferrovial.com\/es\/wp-json\/wp\/v2\/press_release\/107074\/revisions"}],"predecessor-version":[{"id":107094,"href":"https:\/\/newsroom.ferrovial.com\/es\/wp-json\/wp\/v2\/press_release\/107074\/revisions\/107094"}],"wp:featuredmedia":[{"embeddable":true,"href":"https:\/\/newsroom.ferrovial.com\/es\/wp-json\/wp\/v2\/media\/107084"}],"wp:attachment":[{"href":"https:\/\/newsroom.ferrovial.com\/es\/wp-json\/wp\/v2\/media?parent=107074"}],"wp:term":[{"taxonomy":"nivel-2","embeddable":true,"href":"https:\/\/newsroom.ferrovial.com\/es\/wp-json\/wp\/v2\/nivel-2?post=107074"},{"taxonomy":"nivel-5","embeddable":true,"href":"https:\/\/newsroom.ferrovial.com\/es\/wp-json\/wp\/v2\/nivel-5?post=107074"},{"taxonomy":"nivel-1","embeddable":true,"href":"https:\/\/newsroom.ferrovial.com\/es\/wp-json\/wp\/v2\/nivel-1?post=107074"},{"taxonomy":"nivel-3","embeddable":true,"href":"https:\/\/newsroom.ferrovial.com\/es\/wp-json\/wp\/v2\/nivel-3?post=107074"},{"taxonomy":"nivel-4","embeddable":true,"href":"https:\/\/newsroom.ferrovial.com\/es\/wp-json\/wp\/v2\/nivel-4?post=107074"}],"curies":[{"name":"wp","href":"https:\/\/api.w.org\/{rel}","templated":true}]}}