{"id":121992,"date":"2023-07-11T13:30:14","date_gmt":"2023-07-11T11:30:14","guid":{"rendered":"https:\/\/newsroom.ferrovial.com\/?post_type=press_release&#038;p=121992"},"modified":"2024-10-17T21:17:42","modified_gmt":"2024-10-17T19:17:42","slug":"ferrovial-construira-vaducto-700-metros-ebro-588-millones","status":"publish","type":"press_release","link":"https:\/\/newsroom.ferrovial.com\/es\/notas-prensa\/ferrovial-construira-vaducto-700-metros-ebro-588-millones\/","title":{"rendered":"Ferrovial construir\u00e1 un viaducto de 700 metros que permitir\u00e1 el paso del ferrocarril sobre el Ebro por 58,8 millones de euros"},"content":{"rendered":"    <section class=\"wysiwyg text-editor \" id=\"\">\n        <div class=\"container container--narrow container--p-10\">\n            <p><a href=\"https:\/\/www.ferrovial.com\/es-es\/\"><strong>Ferrovial<\/strong><\/a> se encargar\u00e1 de construir un <strong>viaducto<\/strong> sobre el r\u00edo Ebro por donde pasar\u00e1 la plataforma de la L\u00ednea de Alta Velocidad Zaragoza- Pamplona. Esta licitaci\u00f3n forma parte del futuro <strong>Corredor Cant\u00e1brico-Mediterr\u00e1neo<\/strong>, una l\u00ednea de ferrocarril que conectar\u00e1 la zona mediterr\u00e1nea con la fachada atl\u00e1ntica, permitiendo la<strong> conexi\u00f3n<\/strong> entre estas dos zonas costeras sin necesidad de atravesar el centro de la Pen\u00ednsula.<\/p>\n<p>El viaducto tendr\u00e1 una longitud de <strong>700 metro<\/strong>s y un ancho de 14 metros, y permitir\u00e1 el cruce del tren sobre el cauce del r\u00edo Ebro. Su desarrollo tendr\u00e1 lugar en terrenos ubicados en los t\u00e9rminos municipales de Valtierra y Castej\u00f3n, ambos pertenecientes a la comunidad foral de Navarra.<\/p>\n<p>Esta obra estar\u00e1 habilitada para el tr\u00e1fico mixto de pasajeros y mercanc\u00edas, y ser\u00e1<strong> compatible<\/strong> con la <strong>red europea de ferrocarril<\/strong>. La duraci\u00f3n total del proyecto se ha estimado en<strong> 3 a\u00f1os y medio<\/strong>.<\/p>\n<p>La construcci\u00f3n del viaducto sobre el r\u00edo Ebro y la plataforma de conexi\u00f3n con la L\u00ednea de Alta Velocidad Zaragoza Pamplona, en su tramo Castej\u00f3n-Comarca de Pamplona, se ha planificado en coordinaci\u00f3n directa con el Gobierno Foral de Navarra, el ministerio de Agricultura, Pesca Alimentaci\u00f3n y Medio Ambiente, los ayuntamientos de Valtierra y Castej\u00f3n, Red El\u00e9ctrica de Espa\u00f1a y las empresas con instalaciones ubicadas en la zona donde se desarrolla esta obra.<\/p>\n<h2><strong>Una iniciativa enmarcada en el plan de recuperaci\u00f3n europeo<\/strong><\/h2>\n<p>El <strong>presupuesto<\/strong> asignado para esta obra asciende a<strong> 58,8 millones<\/strong> de euros y su ejecuci\u00f3n y financiaci\u00f3n se llevar\u00e1 a cabo con los fondos <strong>NextGenerationEU<\/strong> de la Uni\u00f3n Europea, como parte del Plan de Recuperaci\u00f3n, Transformaci\u00f3n y Resiliencia de la econom\u00eda espa\u00f1ola. Este programa tiene como objetivo <strong>movilizar<\/strong> la inversi\u00f3n p\u00fablica hasta finales de <strong>2026<\/strong>, con el objetivo de lograr una recuperaci\u00f3n <strong>sostenible<\/strong> y resiliente en los Estados Miembros.<\/p>\n        <\/div>\n    <\/section>\n","protected":false},"excerpt":{"rendered":"","protected":false},"featured_media":121993,"menu_order":0,"comment_status":"closed","ping_status":"closed","template":"","nivel-2":[1912,2219,1008,1045,2284,2289],"nivel-5":[1902],"nivel-1":[2168],"nivel-3":[1258],"nivel-4":[2576,1930],"class_list":["post-121992","press_release","type-press_release","status-publish","has-post-thumbnail","hentry","nivel-2-corporativo","nivel-2-ingenieria-civil","nivel-2-obra-civil","nivel-2-sostenibilidad","nivel-2-transporte-ferroviario","nivel-2-viaducto","nivel-5-ferrovial","nivel-1-construccion","nivel-3-espana","nivel-4-pamplona-es","nivel-4-zaragoza"],"acf":[],"yoast_head":"<title>Ferrovial construir\u00e1 un viaducto de 700 metros que permitir\u00e1 el paso del ferrocarril sobre el Ebro por 58,8 millones de euros Sala de prensa Ferrovial | \u00daltimas noticias<\/title>\n<meta name=\"description\" content=\"Ferrovial se encargar\u00e1 de construir un viaducto sobre el r\u00edo Ebro por donde pasar\u00e1 la plataforma de la L\u00ednea de Alta Velocidad Zaragoza- Pamplona.\" \/>\n<meta name=\"robots\" content=\"index, follow, max-snippet:-1, max-image-preview:large, max-video-preview:-1\" \/>\n<link rel=\"canonical\" href=\"https:\/\/newsroom.ferrovial.com\/es\/notas-prensa\/ferrovial-construira-vaducto-700-metros-ebro-588-millones\/\" \/>\n<meta property=\"og:locale\" content=\"es_ES\" \/>\n<meta property=\"og:type\" content=\"article\" \/>\n<meta property=\"og:title\" content=\"Ferrovial construir\u00e1 un viaducto de 700 metros que permitir\u00e1 el paso del ferrocarril sobre el Ebro por 58,8 millones de euros Sala de prensa Ferrovial | \u00daltimas noticias\" \/>\n<meta property=\"og:description\" content=\"Ferrovial se encargar\u00e1 de construir un viaducto sobre el r\u00edo Ebro por donde pasar\u00e1 la plataforma de la L\u00ednea de Alta Velocidad Zaragoza- Pamplona.\" \/>\n<meta property=\"og:url\" content=\"https:\/\/newsroom.ferrovial.com\/es\/notas-prensa\/ferrovial-construira-vaducto-700-metros-ebro-588-millones\/\" \/>\n<meta property=\"og:site_name\" content=\"Sala de prensa Ferrovial | \u00daltimas noticias\" \/>\n<meta property=\"article:publisher\" content=\"https:\/\/www.facebook.com\/ferrovial\" \/>\n<meta property=\"article:modified_time\" content=\"2024-10-17T19:17:42+00:00\" \/>\n<meta property=\"og:image\" content=\"https:\/\/newsroom.ferrovial.com\/wp-content\/uploads\/sites\/4\/2023\/07\/plano-viaducto-del-ebro2-scaled.jpg\" \/>\n\t<meta property=\"og:image:width\" content=\"2560\" \/>\n\t<meta property=\"og:image:height\" content=\"1715\" \/>\n\t<meta property=\"og:image:type\" content=\"image\/jpeg\" \/>\n<meta name=\"twitter:card\" content=\"summary_large_image\" \/>\n<meta name=\"twitter:site\" content=\"@ferrovial\" \/>\n<meta name=\"twitter:label1\" content=\"Tiempo de lectura\" \/>\n\t<meta name=\"twitter:data1\" content=\"2 minutos\" \/>\n<script type=\"application\/ld+json\" class=\"yoast-schema-graph\">{\"@context\":\"https:\/\/schema.org\",\"@graph\":[{\"@type\":\"WebPage\",\"@id\":\"https:\/\/newsroom.ferrovial.com\/es\/notas-prensa\/ferrovial-construira-vaducto-700-metros-ebro-588-millones\/\",\"url\":\"https:\/\/newsroom.ferrovial.com\/es\/notas-prensa\/ferrovial-construira-vaducto-700-metros-ebro-588-millones\/\",\"name\":\"Ferrovial construir\u00e1 un viaducto de 700 metros que permitir\u00e1 el paso del ferrocarril sobre el Ebro por 58,8 millones de euros Sala de prensa Ferrovial | \u00daltimas noticias\",\"isPartOf\":{\"@id\":\"https:\/\/newsroom.ferrovial.com\/es\/#website\"},\"primaryImageOfPage\":{\"@id\":\"https:\/\/newsroom.ferrovial.com\/es\/notas-prensa\/ferrovial-construira-vaducto-700-metros-ebro-588-millones\/#primaryimage\"},\"image\":{\"@id\":\"https:\/\/newsroom.ferrovial.com\/es\/notas-prensa\/ferrovial-construira-vaducto-700-metros-ebro-588-millones\/#primaryimage\"},\"thumbnailUrl\":\"https:\/\/static.newsroom.ferrovial.com\/wp-content\/uploads\/2023\/07\/15140533\/plano-viaducto-del-ebro2-scaled.jpg\",\"datePublished\":\"2023-07-11T11:30:14+00:00\",\"dateModified\":\"2024-10-17T19:17:42+00:00\",\"description\":\"Ferrovial se encargar\u00e1 de construir un viaducto sobre el r\u00edo Ebro por donde pasar\u00e1 la plataforma de la L\u00ednea de Alta Velocidad Zaragoza- Pamplona.\",\"breadcrumb\":{\"@id\":\"https:\/\/newsroom.ferrovial.com\/es\/notas-prensa\/ferrovial-construira-vaducto-700-metros-ebro-588-millones\/#breadcrumb\"},\"inLanguage\":\"es\",\"potentialAction\":[{\"@type\":\"ReadAction\",\"target\":[\"https:\/\/newsroom.ferrovial.com\/es\/notas-prensa\/ferrovial-construira-vaducto-700-metros-ebro-588-millones\/\"]}]},{\"@type\":\"ImageObject\",\"inLanguage\":\"es\",\"@id\":\"https:\/\/newsroom.ferrovial.com\/es\/notas-prensa\/ferrovial-construira-vaducto-700-metros-ebro-588-millones\/#primaryimage\",\"url\":\"https:\/\/static.newsroom.ferrovial.com\/wp-content\/uploads\/2023\/07\/15140533\/plano-viaducto-del-ebro2-scaled.jpg\",\"contentUrl\":\"https:\/\/static.newsroom.ferrovial.com\/wp-content\/uploads\/2023\/07\/15140533\/plano-viaducto-del-ebro2-scaled.jpg\",\"width\":2560,\"height\":1715,\"caption\":\"Imagen del Viaducto del Ebro que construir\u00e1 Ferrovial\"},{\"@type\":\"BreadcrumbList\",\"@id\":\"https:\/\/newsroom.ferrovial.com\/es\/notas-prensa\/ferrovial-construira-vaducto-700-metros-ebro-588-millones\/#breadcrumb\",\"itemListElement\":[{\"@type\":\"ListItem\",\"position\":1,\"name\":\"Portada\",\"item\":\"https:\/\/newsroom.ferrovial.com\/es\/\"},{\"@type\":\"ListItem\",\"position\":2,\"name\":\"Notas de Prensa\",\"item\":\"https:\/\/newsroom.ferrovial.com\/es\/notas-prensa\/\"},{\"@type\":\"ListItem\",\"position\":3,\"name\":\"Ferrovial construir\u00e1 un viaducto de 700 metros que permitir\u00e1 el paso del ferrocarril sobre el Ebro por 58,8 millones de euros\"}]},{\"@type\":\"WebSite\",\"@id\":\"https:\/\/newsroom.ferrovial.com\/es\/#website\",\"url\":\"https:\/\/newsroom.ferrovial.com\/es\/\",\"name\":\"Sala de prensa Ferrovial | \u00daltimas noticias\",\"description\":\"Sala de prensa Ferrovial | \u00daltimas noticias\",\"publisher\":{\"@id\":\"https:\/\/newsroom.ferrovial.com\/es\/#organization\"},\"potentialAction\":[{\"@type\":\"SearchAction\",\"target\":{\"@type\":\"EntryPoint\",\"urlTemplate\":\"https:\/\/newsroom.ferrovial.com\/es\/?s={search_term_string}\"},\"query-input\":{\"@type\":\"PropertyValueSpecification\",\"valueRequired\":true,\"valueName\":\"search_term_string\"}}],\"inLanguage\":\"es\"},{\"@type\":\"Organization\",\"@id\":\"https:\/\/newsroom.ferrovial.com\/es\/#organization\",\"name\":\"Ferrovial S.A.\",\"url\":\"https:\/\/newsroom.ferrovial.com\/es\/\",\"logo\":{\"@type\":\"ImageObject\",\"inLanguage\":\"es\",\"@id\":\"https:\/\/newsroom.ferrovial.com\/es\/#\/schema\/logo\/image\/\",\"url\":\"https:\/\/static.newsroom.ferrovial.com\/wp-content\/uploads\/2018\/07\/15145720\/Ferrovial_Logotipo1.jpg\",\"contentUrl\":\"https:\/\/static.newsroom.ferrovial.com\/wp-content\/uploads\/2018\/07\/15145720\/Ferrovial_Logotipo1.jpg\",\"width\":600,\"height\":300,\"caption\":\"Ferrovial S.A.\"},\"image\":{\"@id\":\"https:\/\/newsroom.ferrovial.com\/es\/#\/schema\/logo\/image\/\"},\"sameAs\":[\"https:\/\/www.facebook.com\/ferrovial\",\"https:\/\/x.com\/ferrovial\",\"https:\/\/www.instagram.com\/ferrovial\/\",\"https:\/\/www.linkedin.com\/company\/ferrovial\",\"https:\/\/www.pinterest.es\/ferrovial\/\",\"https:\/\/www.youtube.com\/ferrovial\",\"https:\/\/en.wikipedia.org\/wiki\/Ferrovial\"]}]}<\/script>","yoast_head_json":{"title":"Ferrovial construir\u00e1 un viaducto de 700 metros que permitir\u00e1 el paso del ferrocarril sobre el Ebro por 58,8 millones de euros Sala de prensa Ferrovial | \u00daltimas noticias","description":"Ferrovial se encargar\u00e1 de construir un viaducto sobre el r\u00edo Ebro por donde pasar\u00e1 la plataforma de la L\u00ednea de Alta Velocidad Zaragoza- Pamplona.","robots":{"index":"index","follow":"follow","max-snippet":"max-snippet:-1","max-image-preview":"max-image-preview:large","max-video-preview":"max-video-preview:-1"},"canonical":"https:\/\/newsroom.ferrovial.com\/es\/notas-prensa\/ferrovial-construira-vaducto-700-metros-ebro-588-millones\/","og_locale":"es_ES","og_type":"article","og_title":"Ferrovial construir\u00e1 un viaducto de 700 metros que permitir\u00e1 el paso del ferrocarril sobre el Ebro por 58,8 millones de euros Sala de prensa Ferrovial | \u00daltimas noticias","og_description":"Ferrovial se encargar\u00e1 de construir un viaducto sobre el r\u00edo Ebro por donde pasar\u00e1 la plataforma de la L\u00ednea de Alta Velocidad Zaragoza- Pamplona.","og_url":"https:\/\/newsroom.ferrovial.com\/es\/notas-prensa\/ferrovial-construira-vaducto-700-metros-ebro-588-millones\/","og_site_name":"Sala de prensa Ferrovial | \u00daltimas noticias","article_publisher":"https:\/\/www.facebook.com\/ferrovial","article_modified_time":"2024-10-17T19:17:42+00:00","og_image":[{"width":2560,"height":1715,"url":"https:\/\/newsroom.ferrovial.com\/wp-content\/uploads\/sites\/4\/2023\/07\/plano-viaducto-del-ebro2-scaled.jpg","type":"image\/jpeg"}],"twitter_card":"summary_large_image","twitter_site":"@ferrovial","twitter_misc":{"Tiempo de lectura":"2 minutos"},"schema":{"@context":"https:\/\/schema.org","@graph":[{"@type":"WebPage","@id":"https:\/\/newsroom.ferrovial.com\/es\/notas-prensa\/ferrovial-construira-vaducto-700-metros-ebro-588-millones\/","url":"https:\/\/newsroom.ferrovial.com\/es\/notas-prensa\/ferrovial-construira-vaducto-700-metros-ebro-588-millones\/","name":"Ferrovial construir\u00e1 un viaducto de 700 metros que permitir\u00e1 el paso del ferrocarril sobre el Ebro por 58,8 millones de euros Sala de prensa Ferrovial | \u00daltimas noticias","isPartOf":{"@id":"https:\/\/newsroom.ferrovial.com\/es\/#website"},"primaryImageOfPage":{"@id":"https:\/\/newsroom.ferrovial.com\/es\/notas-prensa\/ferrovial-construira-vaducto-700-metros-ebro-588-millones\/#primaryimage"},"image":{"@id":"https:\/\/newsroom.ferrovial.com\/es\/notas-prensa\/ferrovial-construira-vaducto-700-metros-ebro-588-millones\/#primaryimage"},"thumbnailUrl":"https:\/\/static.newsroom.ferrovial.com\/wp-content\/uploads\/2023\/07\/15140533\/plano-viaducto-del-ebro2-scaled.jpg","datePublished":"2023-07-11T11:30:14+00:00","dateModified":"2024-10-17T19:17:42+00:00","description":"Ferrovial se encargar\u00e1 de construir un viaducto sobre el r\u00edo Ebro por donde pasar\u00e1 la plataforma de la L\u00ednea de Alta Velocidad Zaragoza- Pamplona.","breadcrumb":{"@id":"https:\/\/newsroom.ferrovial.com\/es\/notas-prensa\/ferrovial-construira-vaducto-700-metros-ebro-588-millones\/#breadcrumb"},"inLanguage":"es","potentialAction":[{"@type":"ReadAction","target":["https:\/\/newsroom.ferrovial.com\/es\/notas-prensa\/ferrovial-construira-vaducto-700-metros-ebro-588-millones\/"]}]},{"@type":"ImageObject","inLanguage":"es","@id":"https:\/\/newsroom.ferrovial.com\/es\/notas-prensa\/ferrovial-construira-vaducto-700-metros-ebro-588-millones\/#primaryimage","url":"https:\/\/static.newsroom.ferrovial.com\/wp-content\/uploads\/2023\/07\/15140533\/plano-viaducto-del-ebro2-scaled.jpg","contentUrl":"https:\/\/static.newsroom.ferrovial.com\/wp-content\/uploads\/2023\/07\/15140533\/plano-viaducto-del-ebro2-scaled.jpg","width":2560,"height":1715,"caption":"Imagen del Viaducto del Ebro que construir\u00e1 Ferrovial"},{"@type":"BreadcrumbList","@id":"https:\/\/newsroom.ferrovial.com\/es\/notas-prensa\/ferrovial-construira-vaducto-700-metros-ebro-588-millones\/#breadcrumb","itemListElement":[{"@type":"ListItem","position":1,"name":"Portada","item":"https:\/\/newsroom.ferrovial.com\/es\/"},{"@type":"ListItem","position":2,"name":"Notas de Prensa","item":"https:\/\/newsroom.ferrovial.com\/es\/notas-prensa\/"},{"@type":"ListItem","position":3,"name":"Ferrovial construir\u00e1 un viaducto de 700 metros que permitir\u00e1 el paso del ferrocarril sobre el Ebro por 58,8 millones de euros"}]},{"@type":"WebSite","@id":"https:\/\/newsroom.ferrovial.com\/es\/#website","url":"https:\/\/newsroom.ferrovial.com\/es\/","name":"Sala de prensa Ferrovial | \u00daltimas noticias","description":"Sala de prensa Ferrovial | \u00daltimas noticias","publisher":{"@id":"https:\/\/newsroom.ferrovial.com\/es\/#organization"},"potentialAction":[{"@type":"SearchAction","target":{"@type":"EntryPoint","urlTemplate":"https:\/\/newsroom.ferrovial.com\/es\/?s={search_term_string}"},"query-input":{"@type":"PropertyValueSpecification","valueRequired":true,"valueName":"search_term_string"}}],"inLanguage":"es"},{"@type":"Organization","@id":"https:\/\/newsroom.ferrovial.com\/es\/#organization","name":"Ferrovial S.A.","url":"https:\/\/newsroom.ferrovial.com\/es\/","logo":{"@type":"ImageObject","inLanguage":"es","@id":"https:\/\/newsroom.ferrovial.com\/es\/#\/schema\/logo\/image\/","url":"https:\/\/static.newsroom.ferrovial.com\/wp-content\/uploads\/2018\/07\/15145720\/Ferrovial_Logotipo1.jpg","contentUrl":"https:\/\/static.newsroom.ferrovial.com\/wp-content\/uploads\/2018\/07\/15145720\/Ferrovial_Logotipo1.jpg","width":600,"height":300,"caption":"Ferrovial S.A."},"image":{"@id":"https:\/\/newsroom.ferrovial.com\/es\/#\/schema\/logo\/image\/"},"sameAs":["https:\/\/www.facebook.com\/ferrovial","https:\/\/x.com\/ferrovial","https:\/\/www.instagram.com\/ferrovial\/","https:\/\/www.linkedin.com\/company\/ferrovial","https:\/\/www.pinterest.es\/ferrovial\/","https:\/\/www.youtube.com\/ferrovial","https:\/\/en.wikipedia.org\/wiki\/Ferrovial"]}]}},"_links":{"self":[{"href":"https:\/\/newsroom.ferrovial.com\/es\/wp-json\/wp\/v2\/press_release\/121992","targetHints":{"allow":["GET"]}}],"collection":[{"href":"https:\/\/newsroom.ferrovial.com\/es\/wp-json\/wp\/v2\/press_release"}],"about":[{"href":"https:\/\/newsroom.ferrovial.com\/es\/wp-json\/wp\/v2\/types\/press_release"}],"replies":[{"embeddable":true,"href":"https:\/\/newsroom.ferrovial.com\/es\/wp-json\/wp\/v2\/comments?post=121992"}],"version-history":[{"count":3,"href":"https:\/\/newsroom.ferrovial.com\/es\/wp-json\/wp\/v2\/press_release\/121992\/revisions"}],"predecessor-version":[{"id":125894,"href":"https:\/\/newsroom.ferrovial.com\/es\/wp-json\/wp\/v2\/press_release\/121992\/revisions\/125894"}],"wp:featuredmedia":[{"embeddable":true,"href":"https:\/\/newsroom.ferrovial.com\/es\/wp-json\/wp\/v2\/media\/121993"}],"wp:attachment":[{"href":"https:\/\/newsroom.ferrovial.com\/es\/wp-json\/wp\/v2\/media?parent=121992"}],"wp:term":[{"taxonomy":"nivel-2","embeddable":true,"href":"https:\/\/newsroom.ferrovial.com\/es\/wp-json\/wp\/v2\/nivel-2?post=121992"},{"taxonomy":"nivel-5","embeddable":true,"href":"https:\/\/newsroom.ferrovial.com\/es\/wp-json\/wp\/v2\/nivel-5?post=121992"},{"taxonomy":"nivel-1","embeddable":true,"href":"https:\/\/newsroom.ferrovial.com\/es\/wp-json\/wp\/v2\/nivel-1?post=121992"},{"taxonomy":"nivel-3","embeddable":true,"href":"https:\/\/newsroom.ferrovial.com\/es\/wp-json\/wp\/v2\/nivel-3?post=121992"},{"taxonomy":"nivel-4","embeddable":true,"href":"https:\/\/newsroom.ferrovial.com\/es\/wp-json\/wp\/v2\/nivel-4?post=121992"}],"curies":[{"name":"wp","href":"https:\/\/api.w.org\/{rel}","templated":true}]}}