{"id":122824,"date":"2023-10-10T12:25:24","date_gmt":"2023-10-10T10:25:24","guid":{"rendered":"https:\/\/newsroom.ferrovial.com\/?post_type=press_release&#038;p=122824"},"modified":"2025-01-24T11:04:07","modified_gmt":"2025-01-24T10:04:07","slug":"ferrovial-concluye-obras-puerto-ciutadella-minimizando-huella-fondo-marino","status":"publish","type":"press_release","link":"https:\/\/newsroom.ferrovial.com\/es\/notas-prensa\/ferrovial-concluye-obras-puerto-ciutadella-minimizando-huella-fondo-marino\/","title":{"rendered":"Ferrovial concluye las obras de mejora en el Puerto Exterior de Ciutadella minimizando su huella sobre el fondo marino"},"content":{"rendered":"    <section class=\"wysiwyg text-editor \" id=\"\">\n        <div class=\"container container--narrow container--p-10\">\n            <p><a href=\"https:\/\/www.ferrovial.com\/es-es\/\"><strong>Ferrovial<\/strong><\/a> ha finalizado las obras de <strong>mejora<\/strong> y <strong>optimizaci\u00f3n<\/strong> del <strong>Puerto Exterior de Ciutadella<\/strong> en Menorca tras seis meses de trabajo. El objetivo del proyecto, que ha requerido una inversi\u00f3n de <strong>3,14 millones de euros<\/strong>, ha sido ampliar las l\u00edneas de atraque de los muelles de levante y poniente para poder acoger de forma \u00f3ptima y segura a buques de hasta 190 metros de eslora.<\/p>\n<p>El proyecto ha girado en torno a la construcci\u00f3n de dos duques de alba, unas estructuras aisladas que sirven para dar apoyo y amarrar las embarcaciones. Tambi\u00e9n se ha procedido a la<strong> instalaci\u00f3n de pasarelas<\/strong> de conexi\u00f3n, as\u00ed mismo se ha completado el equipamiento de las instalaciones con<strong> amarres<\/strong> y<strong> defensas<\/strong> para hacerla m\u00e1s operativa y segura.<\/p>\n<p>Ferrovial ha tenido que adaptarse a unas <strong>circunstancias excepcionales<\/strong> para lograr el m\u00ednimo impacto sobre el ecosistema marino de la zona durante el desarrollo de las obras. Tanto es as\u00ed que, antes y durante el tiempo de actividad, se pusieron en marcha una serie de <strong>medidas preventivas<\/strong>, correctoras y moderadoras recogidas en el <strong>Plan de Vigilancia Ambiental<\/strong> que establece Ports de Illes Balears, con el fin de minimizar al m\u00e1ximo el impacto que pudieran generar los trabajos sobre el entorno.<\/p>\n<h2><strong>Medidas para proteger la biosfera marina<\/strong><\/h2>\n<p>Ci\u00f1\u00e9ndose al mencionado plan, Ferrovial ha seguido todos los <strong>protocolos<\/strong> necesarios para minimizar su impacto sobre el entorno. Uno de los<strong> factores<\/strong> que debi\u00f3 tener en cuenta en el desarrollo de los trabajos fue la presencia de <strong>especies protegidas<\/strong>, como la posidonia o algunos corales y moluscos aut\u00f3ctonos. As\u00ed, se ha vigilado la ausencia de ejemplares en la zona y se han protegido las especies vegetales presentes con cortinas antiturbidez. Adem\u00e1s, el proyecto se ha comprometido a replantar posidonia en una superficie equivalente a la ocupada por la nueva infraestructura, con el fin de generar un <strong>impacto positivo<\/strong> sobre el fondo marino.<\/p>\n<p>En esta intervenci\u00f3n tambi\u00e9n se ha controlado rigurosamente el <strong>ruido<\/strong> para limitar la contaminaci\u00f3n ac\u00fastica sobre el medio bi\u00f3tico. Una vez finalizado el proyecto, se llevaron a cabo dos prospecciones mediante robots submarinos y buzos que confirmaron que las<strong>\u00a0formaciones biol\u00f3gicas<\/strong> no hab\u00edan sufrido modificaciones durante el proceso, m\u00e1s all\u00e1 de las producidas en la superficie ocupado por las infraestructuras construidas.<\/p>\n        <\/div>\n    <\/section>\n","protected":false},"excerpt":{"rendered":"","protected":false},"featured_media":122827,"menu_order":0,"comment_status":"closed","ping_status":"closed","template":"","nivel-2":[2213,2208,1932,2219,1008,2091],"nivel-5":[1902],"nivel-1":[2168],"nivel-3":[1258],"nivel-4":[2500],"class_list":["post-122824","press_release","type-press_release","status-publish","has-post-thumbnail","hentry","nivel-2-contratos","nivel-2-diseno-e-ingenieria","nivel-2-diseno-y-construccion","nivel-2-ingenieria-civil","nivel-2-obra-civil","nivel-2-proyectos","nivel-5-ferrovial","nivel-1-construccion","nivel-3-espana","nivel-4-menorca"],"acf":[],"yoast_head":"<title>Ferrovial concluye las obras de mejora en el Puerto Exterior de Ciutadella minimizando su huella sobre el fondo marino Sala de prensa Ferrovial | \u00daltimas noticias<\/title>\n<meta name=\"description\" content=\"Ferrovial ha finalizado las obras de mejora y optimizaci\u00f3n del Puerto Exterior de Ciutadella en Menorca tras seis meses de trabajo.\" \/>\n<meta name=\"robots\" content=\"index, follow, max-snippet:-1, max-image-preview:large, max-video-preview:-1\" \/>\n<link rel=\"canonical\" href=\"https:\/\/newsroom.ferrovial.com\/es\/notas-prensa\/ferrovial-concluye-obras-puerto-ciutadella-minimizando-huella-fondo-marino\/\" \/>\n<meta property=\"og:locale\" content=\"es_ES\" \/>\n<meta property=\"og:type\" content=\"article\" \/>\n<meta property=\"og:title\" content=\"Ferrovial concluye las obras de mejora en el Puerto Exterior de Ciutadella minimizando su huella sobre el fondo marino Sala de prensa Ferrovial | \u00daltimas noticias\" \/>\n<meta property=\"og:description\" content=\"Ferrovial ha finalizado las obras de mejora y optimizaci\u00f3n del Puerto Exterior de Ciutadella en Menorca tras seis meses de trabajo.\" \/>\n<meta property=\"og:url\" content=\"https:\/\/newsroom.ferrovial.com\/es\/notas-prensa\/ferrovial-concluye-obras-puerto-ciutadella-minimizando-huella-fondo-marino\/\" \/>\n<meta property=\"og:site_name\" content=\"Sala de prensa Ferrovial | \u00daltimas noticias\" \/>\n<meta property=\"article:publisher\" content=\"https:\/\/www.facebook.com\/ferrovial\" \/>\n<meta property=\"article:modified_time\" content=\"2025-01-24T10:04:07+00:00\" \/>\n<meta property=\"og:image\" content=\"https:\/\/newsroom.ferrovial.com\/wp-content\/uploads\/sites\/4\/2023\/10\/imagen-obras-ciutadella.jpeg\" \/>\n\t<meta property=\"og:image:width\" content=\"2016\" \/>\n\t<meta property=\"og:image:height\" content=\"1512\" \/>\n\t<meta property=\"og:image:type\" content=\"image\/jpeg\" \/>\n<meta name=\"twitter:card\" content=\"summary_large_image\" \/>\n<meta name=\"twitter:site\" content=\"@ferrovial\" \/>\n<meta name=\"twitter:label1\" content=\"Tiempo de lectura\" \/>\n\t<meta name=\"twitter:data1\" content=\"1 minuto\" \/>\n<script type=\"application\/ld+json\" class=\"yoast-schema-graph\">{\"@context\":\"https:\/\/schema.org\",\"@graph\":[{\"@type\":\"WebPage\",\"@id\":\"https:\/\/newsroom.ferrovial.com\/es\/notas-prensa\/ferrovial-concluye-obras-puerto-ciutadella-minimizando-huella-fondo-marino\/\",\"url\":\"https:\/\/newsroom.ferrovial.com\/es\/notas-prensa\/ferrovial-concluye-obras-puerto-ciutadella-minimizando-huella-fondo-marino\/\",\"name\":\"Ferrovial concluye las obras de mejora en el Puerto Exterior de Ciutadella minimizando su huella sobre el fondo marino Sala de prensa Ferrovial | \u00daltimas noticias\",\"isPartOf\":{\"@id\":\"https:\/\/newsroom.ferrovial.com\/es\/#website\"},\"primaryImageOfPage\":{\"@id\":\"https:\/\/newsroom.ferrovial.com\/es\/notas-prensa\/ferrovial-concluye-obras-puerto-ciutadella-minimizando-huella-fondo-marino\/#primaryimage\"},\"image\":{\"@id\":\"https:\/\/newsroom.ferrovial.com\/es\/notas-prensa\/ferrovial-concluye-obras-puerto-ciutadella-minimizando-huella-fondo-marino\/#primaryimage\"},\"thumbnailUrl\":\"https:\/\/static.newsroom.ferrovial.com\/wp-content\/uploads\/2023\/10\/15140322\/imagen-obras-ciutadella.jpeg\",\"datePublished\":\"2023-10-10T10:25:24+00:00\",\"dateModified\":\"2025-01-24T10:04:07+00:00\",\"description\":\"Ferrovial ha finalizado las obras de mejora y optimizaci\u00f3n del Puerto Exterior de Ciutadella en Menorca tras seis meses de trabajo.\",\"breadcrumb\":{\"@id\":\"https:\/\/newsroom.ferrovial.com\/es\/notas-prensa\/ferrovial-concluye-obras-puerto-ciutadella-minimizando-huella-fondo-marino\/#breadcrumb\"},\"inLanguage\":\"es\",\"potentialAction\":[{\"@type\":\"ReadAction\",\"target\":[\"https:\/\/newsroom.ferrovial.com\/es\/notas-prensa\/ferrovial-concluye-obras-puerto-ciutadella-minimizando-huella-fondo-marino\/\"]}]},{\"@type\":\"ImageObject\",\"inLanguage\":\"es\",\"@id\":\"https:\/\/newsroom.ferrovial.com\/es\/notas-prensa\/ferrovial-concluye-obras-puerto-ciutadella-minimizando-huella-fondo-marino\/#primaryimage\",\"url\":\"https:\/\/static.newsroom.ferrovial.com\/wp-content\/uploads\/2023\/10\/15140322\/imagen-obras-ciutadella.jpeg\",\"contentUrl\":\"https:\/\/static.newsroom.ferrovial.com\/wp-content\/uploads\/2023\/10\/15140322\/imagen-obras-ciutadella.jpeg\",\"width\":2016,\"height\":1512},{\"@type\":\"BreadcrumbList\",\"@id\":\"https:\/\/newsroom.ferrovial.com\/es\/notas-prensa\/ferrovial-concluye-obras-puerto-ciutadella-minimizando-huella-fondo-marino\/#breadcrumb\",\"itemListElement\":[{\"@type\":\"ListItem\",\"position\":1,\"name\":\"Portada\",\"item\":\"https:\/\/newsroom.ferrovial.com\/es\/\"},{\"@type\":\"ListItem\",\"position\":2,\"name\":\"Notas de Prensa\",\"item\":\"https:\/\/newsroom.ferrovial.com\/es\/notas-prensa\/\"},{\"@type\":\"ListItem\",\"position\":3,\"name\":\"Ferrovial concluye las obras de mejora en el Puerto Exterior de Ciutadella minimizando su huella sobre el fondo marino\"}]},{\"@type\":\"WebSite\",\"@id\":\"https:\/\/newsroom.ferrovial.com\/es\/#website\",\"url\":\"https:\/\/newsroom.ferrovial.com\/es\/\",\"name\":\"Sala de prensa Ferrovial | \u00daltimas noticias\",\"description\":\"Sala de prensa Ferrovial | \u00daltimas noticias\",\"publisher\":{\"@id\":\"https:\/\/newsroom.ferrovial.com\/es\/#organization\"},\"potentialAction\":[{\"@type\":\"SearchAction\",\"target\":{\"@type\":\"EntryPoint\",\"urlTemplate\":\"https:\/\/newsroom.ferrovial.com\/es\/?s={search_term_string}\"},\"query-input\":{\"@type\":\"PropertyValueSpecification\",\"valueRequired\":true,\"valueName\":\"search_term_string\"}}],\"inLanguage\":\"es\"},{\"@type\":\"Organization\",\"@id\":\"https:\/\/newsroom.ferrovial.com\/es\/#organization\",\"name\":\"Ferrovial S.A.\",\"url\":\"https:\/\/newsroom.ferrovial.com\/es\/\",\"logo\":{\"@type\":\"ImageObject\",\"inLanguage\":\"es\",\"@id\":\"https:\/\/newsroom.ferrovial.com\/es\/#\/schema\/logo\/image\/\",\"url\":\"https:\/\/static.newsroom.ferrovial.com\/wp-content\/uploads\/2018\/07\/15145720\/Ferrovial_Logotipo1.jpg\",\"contentUrl\":\"https:\/\/static.newsroom.ferrovial.com\/wp-content\/uploads\/2018\/07\/15145720\/Ferrovial_Logotipo1.jpg\",\"width\":600,\"height\":300,\"caption\":\"Ferrovial S.A.\"},\"image\":{\"@id\":\"https:\/\/newsroom.ferrovial.com\/es\/#\/schema\/logo\/image\/\"},\"sameAs\":[\"https:\/\/www.facebook.com\/ferrovial\",\"https:\/\/x.com\/ferrovial\",\"https:\/\/www.instagram.com\/ferrovial\/\",\"https:\/\/www.linkedin.com\/company\/ferrovial\",\"https:\/\/www.pinterest.es\/ferrovial\/\",\"https:\/\/www.youtube.com\/ferrovial\",\"https:\/\/en.wikipedia.org\/wiki\/Ferrovial\"]}]}<\/script>","yoast_head_json":{"title":"Ferrovial concluye las obras de mejora en el Puerto Exterior de Ciutadella minimizando su huella sobre el fondo marino Sala de prensa Ferrovial | \u00daltimas noticias","description":"Ferrovial ha finalizado las obras de mejora y optimizaci\u00f3n del Puerto Exterior de Ciutadella en Menorca tras seis meses de trabajo.","robots":{"index":"index","follow":"follow","max-snippet":"max-snippet:-1","max-image-preview":"max-image-preview:large","max-video-preview":"max-video-preview:-1"},"canonical":"https:\/\/newsroom.ferrovial.com\/es\/notas-prensa\/ferrovial-concluye-obras-puerto-ciutadella-minimizando-huella-fondo-marino\/","og_locale":"es_ES","og_type":"article","og_title":"Ferrovial concluye las obras de mejora en el Puerto Exterior de Ciutadella minimizando su huella sobre el fondo marino Sala de prensa Ferrovial | \u00daltimas noticias","og_description":"Ferrovial ha finalizado las obras de mejora y optimizaci\u00f3n del Puerto Exterior de Ciutadella en Menorca tras seis meses de trabajo.","og_url":"https:\/\/newsroom.ferrovial.com\/es\/notas-prensa\/ferrovial-concluye-obras-puerto-ciutadella-minimizando-huella-fondo-marino\/","og_site_name":"Sala de prensa Ferrovial | \u00daltimas noticias","article_publisher":"https:\/\/www.facebook.com\/ferrovial","article_modified_time":"2025-01-24T10:04:07+00:00","og_image":[{"width":2016,"height":1512,"url":"https:\/\/newsroom.ferrovial.com\/wp-content\/uploads\/sites\/4\/2023\/10\/imagen-obras-ciutadella.jpeg","type":"image\/jpeg"}],"twitter_card":"summary_large_image","twitter_site":"@ferrovial","twitter_misc":{"Tiempo de lectura":"1 minuto"},"schema":{"@context":"https:\/\/schema.org","@graph":[{"@type":"WebPage","@id":"https:\/\/newsroom.ferrovial.com\/es\/notas-prensa\/ferrovial-concluye-obras-puerto-ciutadella-minimizando-huella-fondo-marino\/","url":"https:\/\/newsroom.ferrovial.com\/es\/notas-prensa\/ferrovial-concluye-obras-puerto-ciutadella-minimizando-huella-fondo-marino\/","name":"Ferrovial concluye las obras de mejora en el Puerto Exterior de Ciutadella minimizando su huella sobre el fondo marino Sala de prensa Ferrovial | \u00daltimas noticias","isPartOf":{"@id":"https:\/\/newsroom.ferrovial.com\/es\/#website"},"primaryImageOfPage":{"@id":"https:\/\/newsroom.ferrovial.com\/es\/notas-prensa\/ferrovial-concluye-obras-puerto-ciutadella-minimizando-huella-fondo-marino\/#primaryimage"},"image":{"@id":"https:\/\/newsroom.ferrovial.com\/es\/notas-prensa\/ferrovial-concluye-obras-puerto-ciutadella-minimizando-huella-fondo-marino\/#primaryimage"},"thumbnailUrl":"https:\/\/static.newsroom.ferrovial.com\/wp-content\/uploads\/2023\/10\/15140322\/imagen-obras-ciutadella.jpeg","datePublished":"2023-10-10T10:25:24+00:00","dateModified":"2025-01-24T10:04:07+00:00","description":"Ferrovial ha finalizado las obras de mejora y optimizaci\u00f3n del Puerto Exterior de Ciutadella en Menorca tras seis meses de trabajo.","breadcrumb":{"@id":"https:\/\/newsroom.ferrovial.com\/es\/notas-prensa\/ferrovial-concluye-obras-puerto-ciutadella-minimizando-huella-fondo-marino\/#breadcrumb"},"inLanguage":"es","potentialAction":[{"@type":"ReadAction","target":["https:\/\/newsroom.ferrovial.com\/es\/notas-prensa\/ferrovial-concluye-obras-puerto-ciutadella-minimizando-huella-fondo-marino\/"]}]},{"@type":"ImageObject","inLanguage":"es","@id":"https:\/\/newsroom.ferrovial.com\/es\/notas-prensa\/ferrovial-concluye-obras-puerto-ciutadella-minimizando-huella-fondo-marino\/#primaryimage","url":"https:\/\/static.newsroom.ferrovial.com\/wp-content\/uploads\/2023\/10\/15140322\/imagen-obras-ciutadella.jpeg","contentUrl":"https:\/\/static.newsroom.ferrovial.com\/wp-content\/uploads\/2023\/10\/15140322\/imagen-obras-ciutadella.jpeg","width":2016,"height":1512},{"@type":"BreadcrumbList","@id":"https:\/\/newsroom.ferrovial.com\/es\/notas-prensa\/ferrovial-concluye-obras-puerto-ciutadella-minimizando-huella-fondo-marino\/#breadcrumb","itemListElement":[{"@type":"ListItem","position":1,"name":"Portada","item":"https:\/\/newsroom.ferrovial.com\/es\/"},{"@type":"ListItem","position":2,"name":"Notas de Prensa","item":"https:\/\/newsroom.ferrovial.com\/es\/notas-prensa\/"},{"@type":"ListItem","position":3,"name":"Ferrovial concluye las obras de mejora en el Puerto Exterior de Ciutadella minimizando su huella sobre el fondo marino"}]},{"@type":"WebSite","@id":"https:\/\/newsroom.ferrovial.com\/es\/#website","url":"https:\/\/newsroom.ferrovial.com\/es\/","name":"Sala de prensa Ferrovial | \u00daltimas noticias","description":"Sala de prensa Ferrovial | \u00daltimas noticias","publisher":{"@id":"https:\/\/newsroom.ferrovial.com\/es\/#organization"},"potentialAction":[{"@type":"SearchAction","target":{"@type":"EntryPoint","urlTemplate":"https:\/\/newsroom.ferrovial.com\/es\/?s={search_term_string}"},"query-input":{"@type":"PropertyValueSpecification","valueRequired":true,"valueName":"search_term_string"}}],"inLanguage":"es"},{"@type":"Organization","@id":"https:\/\/newsroom.ferrovial.com\/es\/#organization","name":"Ferrovial S.A.","url":"https:\/\/newsroom.ferrovial.com\/es\/","logo":{"@type":"ImageObject","inLanguage":"es","@id":"https:\/\/newsroom.ferrovial.com\/es\/#\/schema\/logo\/image\/","url":"https:\/\/static.newsroom.ferrovial.com\/wp-content\/uploads\/2018\/07\/15145720\/Ferrovial_Logotipo1.jpg","contentUrl":"https:\/\/static.newsroom.ferrovial.com\/wp-content\/uploads\/2018\/07\/15145720\/Ferrovial_Logotipo1.jpg","width":600,"height":300,"caption":"Ferrovial S.A."},"image":{"@id":"https:\/\/newsroom.ferrovial.com\/es\/#\/schema\/logo\/image\/"},"sameAs":["https:\/\/www.facebook.com\/ferrovial","https:\/\/x.com\/ferrovial","https:\/\/www.instagram.com\/ferrovial\/","https:\/\/www.linkedin.com\/company\/ferrovial","https:\/\/www.pinterest.es\/ferrovial\/","https:\/\/www.youtube.com\/ferrovial","https:\/\/en.wikipedia.org\/wiki\/Ferrovial"]}]}},"_links":{"self":[{"href":"https:\/\/newsroom.ferrovial.com\/es\/wp-json\/wp\/v2\/press_release\/122824","targetHints":{"allow":["GET"]}}],"collection":[{"href":"https:\/\/newsroom.ferrovial.com\/es\/wp-json\/wp\/v2\/press_release"}],"about":[{"href":"https:\/\/newsroom.ferrovial.com\/es\/wp-json\/wp\/v2\/types\/press_release"}],"replies":[{"embeddable":true,"href":"https:\/\/newsroom.ferrovial.com\/es\/wp-json\/wp\/v2\/comments?post=122824"}],"version-history":[{"count":3,"href":"https:\/\/newsroom.ferrovial.com\/es\/wp-json\/wp\/v2\/press_release\/122824\/revisions"}],"predecessor-version":[{"id":128097,"href":"https:\/\/newsroom.ferrovial.com\/es\/wp-json\/wp\/v2\/press_release\/122824\/revisions\/128097"}],"wp:featuredmedia":[{"embeddable":true,"href":"https:\/\/newsroom.ferrovial.com\/es\/wp-json\/wp\/v2\/media\/122827"}],"wp:attachment":[{"href":"https:\/\/newsroom.ferrovial.com\/es\/wp-json\/wp\/v2\/media?parent=122824"}],"wp:term":[{"taxonomy":"nivel-2","embeddable":true,"href":"https:\/\/newsroom.ferrovial.com\/es\/wp-json\/wp\/v2\/nivel-2?post=122824"},{"taxonomy":"nivel-5","embeddable":true,"href":"https:\/\/newsroom.ferrovial.com\/es\/wp-json\/wp\/v2\/nivel-5?post=122824"},{"taxonomy":"nivel-1","embeddable":true,"href":"https:\/\/newsroom.ferrovial.com\/es\/wp-json\/wp\/v2\/nivel-1?post=122824"},{"taxonomy":"nivel-3","embeddable":true,"href":"https:\/\/newsroom.ferrovial.com\/es\/wp-json\/wp\/v2\/nivel-3?post=122824"},{"taxonomy":"nivel-4","embeddable":true,"href":"https:\/\/newsroom.ferrovial.com\/es\/wp-json\/wp\/v2\/nivel-4?post=122824"}],"curies":[{"name":"wp","href":"https:\/\/api.w.org\/{rel}","templated":true}]}}