{"id":124769,"date":"2024-06-28T13:17:00","date_gmt":"2024-06-28T11:17:00","guid":{"rendered":"https:\/\/newsroom.ferrovial.com\/?post_type=press_release&#038;p=124769"},"modified":"2025-12-22T13:40:14","modified_gmt":"2025-12-22T12:40:14","slug":"ferrovial-inaugura-la-ampliacion-del-metro-de-oporto","status":"publish","type":"press_release","link":"https:\/\/newsroom.ferrovial.com\/es\/notas-prensa\/ferrovial-inaugura-la-ampliacion-del-metro-de-oporto\/","title":{"rendered":"Ferrovial inaugura la ampliaci\u00f3n del metro  de Oporto"},"content":{"rendered":"    <section class=\"wysiwyg text-editor \" id=\"\">\n        <div class=\"container container--narrow container--p-10\">\n            <p>Ferrovial ha inaugurado hoy la ampliaci\u00f3n de la L\u00ednea Amarilla del metro de Oporto, que ha construido en UTE junto con la constructora portuguesa Alberto Couto Alves. El evento ha contado con la presencia de Miguel Pinto Luz, ministro de Infraestructuras de Portugal y Maria da Gra\u00e7a Carvalho, ministra de Medio Ambiente y Energ\u00eda, acompa\u00f1ados por Juan Mag\u00edn Lozano Villalta, director de obra civil de Ferrovial Construcci\u00f3n para Iberia y Latam.<\/p>\n<p>Este proyecto, con una inversi\u00f3n de 99 millones de euros, ha generado una media de 284 empleos directos durante los 36 meses de duraci\u00f3n de la obra. En este periodo se ha construido un nuevo tramo de metro ligero con doble v\u00eda de 3,15 kil\u00f3metros que prolonga la L\u00ednea Amarilla desde la Estaci\u00f3n de Santo Ovidio hacia el sur de la ciudad, para dar servicio a los barrios de Vila Nova de Gaia Mafamude y Vilar do Paraiso, Oliveira do Duero y Vilar do Andorinho. Asimismo, se ha llevado a cabo la construcci\u00f3n de un viaducto, un t\u00fanel de 770 metros y la ejecuci\u00f3n de tres nuevas estaciones, entre otras tareas.<\/p>\n<p>Una de las partes m\u00e1s singulares y complejas de esta obra ha sido la construcci\u00f3n del viaducto que conecta las estaciones de Santo Ov\u00eddio y Manuel Le\u00e3o. La estructura, construida con celos\u00eda met\u00e1lica sobre pilares de hasta 22 metros de altura, traza una gran curva de 420 metros de longitud. Debido a la dificultad de su montaje con gr\u00faas desde tierra, se recurri\u00f3 a empujar la estructura de 2.746 toneladas, desliz\u00e1ndola por su base de un extremo a otro. Para su montaje se requirieron 143 jornadas de 24 horas, en las que participaron 77 personas en diferentes turnos.<\/p>\n<p>La participaci\u00f3n de Ferrovial en la ampliaci\u00f3n de esta l\u00ednea de metro, que se inici\u00f3 en 2021, reafirma la contribuci\u00f3n de la compa\u00f1\u00eda a la transformaci\u00f3n de las infraestructuras en el pa\u00eds luso. Desde hace m\u00e1s de tres d\u00e9cadas, Ferrovial ha participado en proyectos notables en Portugal, como la construcci\u00f3n de la L\u00ednea del Norte de ferrocarril, que conecta Lisboa con Oporto, la L\u00ednea Azul del Metro de Lisboa, la carretera Via do Infante en el Algarve, la presa de Daivoes o la Central Hidroel\u00e9ctrica de Gouv\u00e3es, entre muchos otros.<\/p>\n        <\/div>\n    <\/section>\n","protected":false},"excerpt":{"rendered":"","protected":false},"featured_media":124779,"menu_order":0,"comment_status":"closed","ping_status":"closed","template":"","nivel-2":[2489,1912,945,2208,1932,2235,986,987,2222,1914,1008,2206,1022,2243],"nivel-5":[1902],"nivel-1":[2168],"nivel-3":[1263],"nivel-4":[2020],"class_list":["post-124769","press_release","type-press_release","status-publish","has-post-thumbnail","hentry","nivel-2-construccion","nivel-2-corporativo","nivel-2-desarrollo-local-y-rural","nivel-2-diseno-e-ingenieria","nivel-2-diseno-y-construccion","nivel-2-inauguraciones","nivel-2-infraestructura-urbana","nivel-2-infraestructuras","nivel-2-movilidad","nivel-2-movilidad-urbana","nivel-2-obra-civil","nivel-2-obras","nivel-2-planificacion-urbanistica","nivel-2-transporte-de-viajeros","nivel-5-ferrovial","nivel-1-construccion","nivel-3-portugal","nivel-4-oporto"],"acf":[],"yoast_head":"<title>Ferrovial inaugura la ampliaci\u00f3n del metro de Oporto Sala de prensa Ferrovial | \u00daltimas noticias<\/title>\n<meta name=\"description\" content=\"Sala de prensa Ferrovial | \u00daltimas noticias\" \/>\n<meta name=\"robots\" content=\"index, follow, max-snippet:-1, max-image-preview:large, max-video-preview:-1\" \/>\n<link rel=\"canonical\" href=\"https:\/\/newsroom.ferrovial.com\/es\/notas-prensa\/ferrovial-inaugura-la-ampliacion-del-metro-de-oporto\/\" \/>\n<meta property=\"og:locale\" content=\"es_ES\" \/>\n<meta property=\"og:type\" content=\"article\" \/>\n<meta property=\"og:title\" content=\"Ferrovial inaugura la ampliaci\u00f3n del metro de Oporto Sala de prensa Ferrovial | \u00daltimas noticias\" \/>\n<meta property=\"og:description\" content=\"Sala de prensa Ferrovial | \u00daltimas noticias\" \/>\n<meta property=\"og:url\" content=\"https:\/\/newsroom.ferrovial.com\/es\/notas-prensa\/ferrovial-inaugura-la-ampliacion-del-metro-de-oporto\/\" \/>\n<meta property=\"og:site_name\" content=\"Sala de prensa Ferrovial | \u00daltimas noticias\" \/>\n<meta property=\"article:publisher\" content=\"https:\/\/www.facebook.com\/ferrovial\" \/>\n<meta property=\"article:modified_time\" content=\"2025-12-22T12:40:14+00:00\" \/>\n<meta property=\"og:image\" content=\"https:\/\/static.newsroom.ferrovial.com\/wp-content\/uploads\/2024\/06\/15135048\/inauguracion-ampliacion-metro-oporto-1024x683.jpg\" \/>\n\t<meta property=\"og:image:width\" content=\"1024\" \/>\n\t<meta property=\"og:image:height\" content=\"683\" \/>\n\t<meta property=\"og:image:type\" content=\"image\/jpeg\" \/>\n<meta name=\"twitter:card\" content=\"summary_large_image\" \/>\n<meta name=\"twitter:site\" content=\"@ferrovial\" \/>\n<meta name=\"twitter:label1\" content=\"Tiempo de lectura\" \/>\n\t<meta name=\"twitter:data1\" content=\"2 minutos\" \/>\n<script type=\"application\/ld+json\" class=\"yoast-schema-graph\">{\"@context\":\"https:\/\/schema.org\",\"@graph\":[{\"@type\":\"WebPage\",\"@id\":\"https:\/\/newsroom.ferrovial.com\/es\/notas-prensa\/ferrovial-inaugura-la-ampliacion-del-metro-de-oporto\/\",\"url\":\"https:\/\/newsroom.ferrovial.com\/es\/notas-prensa\/ferrovial-inaugura-la-ampliacion-del-metro-de-oporto\/\",\"name\":\"Ferrovial inaugura la ampliaci\u00f3n del metro de Oporto Sala de prensa Ferrovial | \u00daltimas noticias\",\"isPartOf\":{\"@id\":\"https:\/\/newsroom.ferrovial.com\/es\/#website\"},\"primaryImageOfPage\":{\"@id\":\"https:\/\/newsroom.ferrovial.com\/es\/notas-prensa\/ferrovial-inaugura-la-ampliacion-del-metro-de-oporto\/#primaryimage\"},\"image\":{\"@id\":\"https:\/\/newsroom.ferrovial.com\/es\/notas-prensa\/ferrovial-inaugura-la-ampliacion-del-metro-de-oporto\/#primaryimage\"},\"thumbnailUrl\":\"https:\/\/static.newsroom.ferrovial.com\/wp-content\/uploads\/2024\/06\/15135048\/inauguracion-ampliacion-metro-oporto.jpg\",\"datePublished\":\"2024-06-28T11:17:00+00:00\",\"dateModified\":\"2025-12-22T12:40:14+00:00\",\"description\":\"Sala de prensa Ferrovial | \u00daltimas noticias\",\"breadcrumb\":{\"@id\":\"https:\/\/newsroom.ferrovial.com\/es\/notas-prensa\/ferrovial-inaugura-la-ampliacion-del-metro-de-oporto\/#breadcrumb\"},\"inLanguage\":\"es\",\"potentialAction\":[{\"@type\":\"ReadAction\",\"target\":[\"https:\/\/newsroom.ferrovial.com\/es\/notas-prensa\/ferrovial-inaugura-la-ampliacion-del-metro-de-oporto\/\"]}]},{\"@type\":\"ImageObject\",\"inLanguage\":\"es\",\"@id\":\"https:\/\/newsroom.ferrovial.com\/es\/notas-prensa\/ferrovial-inaugura-la-ampliacion-del-metro-de-oporto\/#primaryimage\",\"url\":\"https:\/\/static.newsroom.ferrovial.com\/wp-content\/uploads\/2024\/06\/15135048\/inauguracion-ampliacion-metro-oporto.jpg\",\"contentUrl\":\"https:\/\/static.newsroom.ferrovial.com\/wp-content\/uploads\/2024\/06\/15135048\/inauguracion-ampliacion-metro-oporto.jpg\",\"width\":2200,\"height\":1467,\"caption\":\"default\"},{\"@type\":\"BreadcrumbList\",\"@id\":\"https:\/\/newsroom.ferrovial.com\/es\/notas-prensa\/ferrovial-inaugura-la-ampliacion-del-metro-de-oporto\/#breadcrumb\",\"itemListElement\":[{\"@type\":\"ListItem\",\"position\":1,\"name\":\"Portada\",\"item\":\"https:\/\/newsroom.ferrovial.com\/es\/\"},{\"@type\":\"ListItem\",\"position\":2,\"name\":\"Notas de Prensa\",\"item\":\"https:\/\/newsroom.ferrovial.com\/es\/notas-prensa\/\"},{\"@type\":\"ListItem\",\"position\":3,\"name\":\"Ferrovial inaugura la ampliaci\u00f3n del metro de Oporto\"}]},{\"@type\":\"WebSite\",\"@id\":\"https:\/\/newsroom.ferrovial.com\/es\/#website\",\"url\":\"https:\/\/newsroom.ferrovial.com\/es\/\",\"name\":\"Sala de prensa Ferrovial | \u00daltimas noticias\",\"description\":\"Sala de prensa Ferrovial | \u00daltimas noticias\",\"publisher\":{\"@id\":\"https:\/\/newsroom.ferrovial.com\/es\/#organization\"},\"potentialAction\":[{\"@type\":\"SearchAction\",\"target\":{\"@type\":\"EntryPoint\",\"urlTemplate\":\"https:\/\/newsroom.ferrovial.com\/es\/?s={search_term_string}\"},\"query-input\":{\"@type\":\"PropertyValueSpecification\",\"valueRequired\":true,\"valueName\":\"search_term_string\"}}],\"inLanguage\":\"es\"},{\"@type\":\"Organization\",\"@id\":\"https:\/\/newsroom.ferrovial.com\/es\/#organization\",\"name\":\"Ferrovial S.A.\",\"url\":\"https:\/\/newsroom.ferrovial.com\/es\/\",\"logo\":{\"@type\":\"ImageObject\",\"inLanguage\":\"es\",\"@id\":\"https:\/\/newsroom.ferrovial.com\/es\/#\/schema\/logo\/image\/\",\"url\":\"https:\/\/static.newsroom.ferrovial.com\/wp-content\/uploads\/2018\/07\/15145720\/Ferrovial_Logotipo1.jpg\",\"contentUrl\":\"https:\/\/static.newsroom.ferrovial.com\/wp-content\/uploads\/2018\/07\/15145720\/Ferrovial_Logotipo1.jpg\",\"width\":600,\"height\":300,\"caption\":\"Ferrovial S.A.\"},\"image\":{\"@id\":\"https:\/\/newsroom.ferrovial.com\/es\/#\/schema\/logo\/image\/\"},\"sameAs\":[\"https:\/\/www.facebook.com\/ferrovial\",\"https:\/\/x.com\/ferrovial\",\"https:\/\/www.instagram.com\/ferrovial\/\",\"https:\/\/www.linkedin.com\/company\/ferrovial\",\"https:\/\/www.pinterest.es\/ferrovial\/\",\"https:\/\/www.youtube.com\/ferrovial\",\"https:\/\/en.wikipedia.org\/wiki\/Ferrovial\"]}]}<\/script>","yoast_head_json":{"title":"Ferrovial inaugura la ampliaci\u00f3n del metro de Oporto Sala de prensa Ferrovial | \u00daltimas noticias","description":"Sala de prensa Ferrovial | \u00daltimas noticias","robots":{"index":"index","follow":"follow","max-snippet":"max-snippet:-1","max-image-preview":"max-image-preview:large","max-video-preview":"max-video-preview:-1"},"canonical":"https:\/\/newsroom.ferrovial.com\/es\/notas-prensa\/ferrovial-inaugura-la-ampliacion-del-metro-de-oporto\/","og_locale":"es_ES","og_type":"article","og_title":"Ferrovial inaugura la ampliaci\u00f3n del metro de Oporto Sala de prensa Ferrovial | \u00daltimas noticias","og_description":"Sala de prensa Ferrovial | \u00daltimas noticias","og_url":"https:\/\/newsroom.ferrovial.com\/es\/notas-prensa\/ferrovial-inaugura-la-ampliacion-del-metro-de-oporto\/","og_site_name":"Sala de prensa Ferrovial | \u00daltimas noticias","article_publisher":"https:\/\/www.facebook.com\/ferrovial","article_modified_time":"2025-12-22T12:40:14+00:00","og_image":[{"width":1024,"height":683,"url":"https:\/\/static.newsroom.ferrovial.com\/wp-content\/uploads\/2024\/06\/15135048\/inauguracion-ampliacion-metro-oporto-1024x683.jpg","type":"image\/jpeg"}],"twitter_card":"summary_large_image","twitter_site":"@ferrovial","twitter_misc":{"Tiempo de lectura":"2 minutos"},"schema":{"@context":"https:\/\/schema.org","@graph":[{"@type":"WebPage","@id":"https:\/\/newsroom.ferrovial.com\/es\/notas-prensa\/ferrovial-inaugura-la-ampliacion-del-metro-de-oporto\/","url":"https:\/\/newsroom.ferrovial.com\/es\/notas-prensa\/ferrovial-inaugura-la-ampliacion-del-metro-de-oporto\/","name":"Ferrovial inaugura la ampliaci\u00f3n del metro de Oporto Sala de prensa Ferrovial | \u00daltimas noticias","isPartOf":{"@id":"https:\/\/newsroom.ferrovial.com\/es\/#website"},"primaryImageOfPage":{"@id":"https:\/\/newsroom.ferrovial.com\/es\/notas-prensa\/ferrovial-inaugura-la-ampliacion-del-metro-de-oporto\/#primaryimage"},"image":{"@id":"https:\/\/newsroom.ferrovial.com\/es\/notas-prensa\/ferrovial-inaugura-la-ampliacion-del-metro-de-oporto\/#primaryimage"},"thumbnailUrl":"https:\/\/static.newsroom.ferrovial.com\/wp-content\/uploads\/2024\/06\/15135048\/inauguracion-ampliacion-metro-oporto.jpg","datePublished":"2024-06-28T11:17:00+00:00","dateModified":"2025-12-22T12:40:14+00:00","description":"Sala de prensa Ferrovial | \u00daltimas noticias","breadcrumb":{"@id":"https:\/\/newsroom.ferrovial.com\/es\/notas-prensa\/ferrovial-inaugura-la-ampliacion-del-metro-de-oporto\/#breadcrumb"},"inLanguage":"es","potentialAction":[{"@type":"ReadAction","target":["https:\/\/newsroom.ferrovial.com\/es\/notas-prensa\/ferrovial-inaugura-la-ampliacion-del-metro-de-oporto\/"]}]},{"@type":"ImageObject","inLanguage":"es","@id":"https:\/\/newsroom.ferrovial.com\/es\/notas-prensa\/ferrovial-inaugura-la-ampliacion-del-metro-de-oporto\/#primaryimage","url":"https:\/\/static.newsroom.ferrovial.com\/wp-content\/uploads\/2024\/06\/15135048\/inauguracion-ampliacion-metro-oporto.jpg","contentUrl":"https:\/\/static.newsroom.ferrovial.com\/wp-content\/uploads\/2024\/06\/15135048\/inauguracion-ampliacion-metro-oporto.jpg","width":2200,"height":1467,"caption":"default"},{"@type":"BreadcrumbList","@id":"https:\/\/newsroom.ferrovial.com\/es\/notas-prensa\/ferrovial-inaugura-la-ampliacion-del-metro-de-oporto\/#breadcrumb","itemListElement":[{"@type":"ListItem","position":1,"name":"Portada","item":"https:\/\/newsroom.ferrovial.com\/es\/"},{"@type":"ListItem","position":2,"name":"Notas de Prensa","item":"https:\/\/newsroom.ferrovial.com\/es\/notas-prensa\/"},{"@type":"ListItem","position":3,"name":"Ferrovial inaugura la ampliaci\u00f3n del metro de Oporto"}]},{"@type":"WebSite","@id":"https:\/\/newsroom.ferrovial.com\/es\/#website","url":"https:\/\/newsroom.ferrovial.com\/es\/","name":"Sala de prensa Ferrovial | \u00daltimas noticias","description":"Sala de prensa Ferrovial | \u00daltimas noticias","publisher":{"@id":"https:\/\/newsroom.ferrovial.com\/es\/#organization"},"potentialAction":[{"@type":"SearchAction","target":{"@type":"EntryPoint","urlTemplate":"https:\/\/newsroom.ferrovial.com\/es\/?s={search_term_string}"},"query-input":{"@type":"PropertyValueSpecification","valueRequired":true,"valueName":"search_term_string"}}],"inLanguage":"es"},{"@type":"Organization","@id":"https:\/\/newsroom.ferrovial.com\/es\/#organization","name":"Ferrovial S.A.","url":"https:\/\/newsroom.ferrovial.com\/es\/","logo":{"@type":"ImageObject","inLanguage":"es","@id":"https:\/\/newsroom.ferrovial.com\/es\/#\/schema\/logo\/image\/","url":"https:\/\/static.newsroom.ferrovial.com\/wp-content\/uploads\/2018\/07\/15145720\/Ferrovial_Logotipo1.jpg","contentUrl":"https:\/\/static.newsroom.ferrovial.com\/wp-content\/uploads\/2018\/07\/15145720\/Ferrovial_Logotipo1.jpg","width":600,"height":300,"caption":"Ferrovial S.A."},"image":{"@id":"https:\/\/newsroom.ferrovial.com\/es\/#\/schema\/logo\/image\/"},"sameAs":["https:\/\/www.facebook.com\/ferrovial","https:\/\/x.com\/ferrovial","https:\/\/www.instagram.com\/ferrovial\/","https:\/\/www.linkedin.com\/company\/ferrovial","https:\/\/www.pinterest.es\/ferrovial\/","https:\/\/www.youtube.com\/ferrovial","https:\/\/en.wikipedia.org\/wiki\/Ferrovial"]}]}},"_links":{"self":[{"href":"https:\/\/newsroom.ferrovial.com\/es\/wp-json\/wp\/v2\/press_release\/124769","targetHints":{"allow":["GET"]}}],"collection":[{"href":"https:\/\/newsroom.ferrovial.com\/es\/wp-json\/wp\/v2\/press_release"}],"about":[{"href":"https:\/\/newsroom.ferrovial.com\/es\/wp-json\/wp\/v2\/types\/press_release"}],"replies":[{"embeddable":true,"href":"https:\/\/newsroom.ferrovial.com\/es\/wp-json\/wp\/v2\/comments?post=124769"}],"version-history":[{"count":3,"href":"https:\/\/newsroom.ferrovial.com\/es\/wp-json\/wp\/v2\/press_release\/124769\/revisions"}],"predecessor-version":[{"id":135189,"href":"https:\/\/newsroom.ferrovial.com\/es\/wp-json\/wp\/v2\/press_release\/124769\/revisions\/135189"}],"wp:featuredmedia":[{"embeddable":true,"href":"https:\/\/newsroom.ferrovial.com\/es\/wp-json\/wp\/v2\/media\/124779"}],"wp:attachment":[{"href":"https:\/\/newsroom.ferrovial.com\/es\/wp-json\/wp\/v2\/media?parent=124769"}],"wp:term":[{"taxonomy":"nivel-2","embeddable":true,"href":"https:\/\/newsroom.ferrovial.com\/es\/wp-json\/wp\/v2\/nivel-2?post=124769"},{"taxonomy":"nivel-5","embeddable":true,"href":"https:\/\/newsroom.ferrovial.com\/es\/wp-json\/wp\/v2\/nivel-5?post=124769"},{"taxonomy":"nivel-1","embeddable":true,"href":"https:\/\/newsroom.ferrovial.com\/es\/wp-json\/wp\/v2\/nivel-1?post=124769"},{"taxonomy":"nivel-3","embeddable":true,"href":"https:\/\/newsroom.ferrovial.com\/es\/wp-json\/wp\/v2\/nivel-3?post=124769"},{"taxonomy":"nivel-4","embeddable":true,"href":"https:\/\/newsroom.ferrovial.com\/es\/wp-json\/wp\/v2\/nivel-4?post=124769"}],"curies":[{"name":"wp","href":"https:\/\/api.w.org\/{rel}","templated":true}]}}