{"id":127715,"date":"2025-01-10T10:29:44","date_gmt":"2025-01-10T09:29:44","guid":{"rendered":"https:\/\/newsroom.ferrovial.com\/?post_type=press_release&#038;p=127715"},"modified":"2025-12-22T13:39:48","modified_gmt":"2025-12-22T12:39:48","slug":"ferrovial-y-rubau-comienzan-la-rehabilitacion-y-ampliacion-de-la-mayor-planta-potabilizadora-de-cataluna","status":"publish","type":"press_release","link":"https:\/\/newsroom.ferrovial.com\/es\/notas-prensa\/ferrovial-y-rubau-comienzan-la-rehabilitacion-y-ampliacion-de-la-mayor-planta-potabilizadora-de-cataluna\/","title":{"rendered":"Ferrovial y Rubau comienzan la rehabilitaci\u00f3n y ampliaci\u00f3n de la mayor planta potabilizadora de Catalu\u00f1a"},"content":{"rendered":"    <section class=\"wysiwyg text-editor \" id=\"\">\n        <div class=\"container container--narrow container--p-10\">\n            <p>El proyecto, encargado por Ens d\u2019Abastament d\u2019Aigua Ter-Llobregat (ATL), ser\u00e1 realizado por la filial de infraestructuras de agua de Ferrovial, Cadagua, y la de Rubau, Arema, con un presupuesto de 102 millones de euros y 48 meses de ejecuci\u00f3n.<\/p>\n<p>Las mejoras incluyen la rehabilitaci\u00f3n de los filtros de arena existentes y la construcci\u00f3n de nuevos filtros de carb\u00f3n activo granular y de instalaciones para la desinfecci\u00f3n del agua. Asimismo, se implementar\u00e1n diversas infraestructuras, como un dep\u00f3sito para el agua filtrada, una estaci\u00f3n de bombeo intermedio, un edificio de ozonizaci\u00f3n y una estructura para albergar los filtros de carb\u00f3n activo.<\/p>\n<p>La complejidad de todas estas intervenciones reside en la necesidad de adecuar y mejorar las instalaciones sin alterar el funcionamiento habitual de la planta. Esta condici\u00f3n requerir\u00e1 establecer conexiones con las instalaciones existentes en marcha para evitar la interrupci\u00f3n del abastecimiento. La modernizaci\u00f3n de la ETAP del Ter contribuir\u00e1 a garantizar el suministro de agua, en cantidad y calidad, para la regi\u00f3n metropolitana de Barcelona y el estricto cumplimiento de la nueva Directiva 2020\/2184.<\/p>\n<p>La Estaci\u00f3n de Tratamiento de Aguas Potables del Ter, inaugurada en 1966, cuenta con una capacidad de tratamiento de 8 metros c\u00fabicos por segundo (8 m\u00b3\/s) y con cuatro dep\u00f3sitos capaces de almacenar hasta 557.664 m3. Se trata de una infraestructura vital para la zona, ya que, en condiciones normales, permite el abastecimiento de dos terceras partes del \u00e1rea metropolitana de Barcelona.<\/p>\n<p>Con este contrato, Ferrovial y su filial Cadagua consolidan su presencia en Catalu\u00f1a, donde operan numerosas depuradoras y han participado en la construcci\u00f3n de instalaciones como la depuradora del Baix Llobregat, la de Besos, la de Sant Joan Desp\u00ed, o la de Gav\u00e0 Viladecans.<\/p>\n<p>Para Rubau y Arema el contrato se suma a una importante cartera de proyectos relativos a la gesti\u00f3n del agua en Catalu\u00f1a, como las obras del colector de Salmorres, la ampliaci\u00f3n de la EDAR de Tossa de Mar y la construcci\u00f3n de la EDAR de Sant Gregori que destaca por su alto inter\u00e9s ecol\u00f3gico.<\/p>\n        <\/div>\n    <\/section>\n","protected":false},"excerpt":{"rendered":"","protected":false},"featured_media":127880,"menu_order":0,"comment_status":"closed","ping_status":"closed","template":"","nivel-2":[909,1912,2208,1932,1963,1964,1010,2223,2091],"nivel-5":[2158,1902],"nivel-1":[2168],"nivel-3":[1258],"nivel-4":[1793],"class_list":["post-127715","press_release","type-press_release","status-publish","has-post-thumbnail","hentry","nivel-2-agua","nivel-2-corporativo","nivel-2-diseno-e-ingenieria","nivel-2-diseno-y-construccion","nivel-2-etap","nivel-2-infraestructuras-de-agua","nivel-2-obras-hidraulicas","nivel-2-planta-de-tratamiento-de-agua","nivel-2-proyectos","nivel-5-cadagua","nivel-5-ferrovial","nivel-1-construccion","nivel-3-espana","nivel-4-cataluna"],"acf":[],"yoast_head":"<title>Ferrovial y Rubau comienzan la rehabilitaci\u00f3n y ampliaci\u00f3n de la mayor planta potabilizadora de Catalu\u00f1a Sala de prensa Ferrovial | \u00daltimas noticias<\/title>\n<meta name=\"description\" content=\"Sala de prensa Ferrovial | \u00daltimas noticias\" \/>\n<meta name=\"robots\" content=\"index, follow, max-snippet:-1, max-image-preview:large, max-video-preview:-1\" \/>\n<link rel=\"canonical\" href=\"https:\/\/newsroom.ferrovial.com\/es\/notas-prensa\/ferrovial-y-rubau-comienzan-la-rehabilitacion-y-ampliacion-de-la-mayor-planta-potabilizadora-de-cataluna\/\" \/>\n<meta property=\"og:locale\" content=\"es_ES\" \/>\n<meta property=\"og:type\" content=\"article\" \/>\n<meta property=\"og:title\" content=\"Ferrovial y Rubau comienzan la rehabilitaci\u00f3n y ampliaci\u00f3n de la mayor planta potabilizadora de Catalu\u00f1a Sala de prensa Ferrovial | \u00daltimas noticias\" \/>\n<meta property=\"og:description\" content=\"Sala de prensa Ferrovial | \u00daltimas noticias\" \/>\n<meta property=\"og:url\" content=\"https:\/\/newsroom.ferrovial.com\/es\/notas-prensa\/ferrovial-y-rubau-comienzan-la-rehabilitacion-y-ampliacion-de-la-mayor-planta-potabilizadora-de-cataluna\/\" \/>\n<meta property=\"og:site_name\" content=\"Sala de prensa Ferrovial | \u00daltimas noticias\" \/>\n<meta property=\"article:publisher\" content=\"https:\/\/www.facebook.com\/ferrovial\" \/>\n<meta property=\"article:modified_time\" content=\"2025-12-22T12:39:48+00:00\" \/>\n<meta property=\"og:image\" content=\"https:\/\/static.newsroom.ferrovial.com\/wp-content\/uploads\/2025\/01\/15134722\/ferrovial-obtiene-la-certificacion-sge-21-de-foretica1.jpg\" \/>\n\t<meta property=\"og:image:width\" content=\"2560\" \/>\n\t<meta property=\"og:image:height\" content=\"1707\" \/>\n\t<meta property=\"og:image:type\" content=\"image\/jpeg\" \/>\n<meta name=\"twitter:card\" content=\"summary_large_image\" \/>\n<meta name=\"twitter:site\" content=\"@ferrovial\" \/>\n<meta name=\"twitter:label1\" content=\"Tiempo de lectura\" \/>\n\t<meta name=\"twitter:data1\" content=\"1 minuto\" \/>\n<script type=\"application\/ld+json\" class=\"yoast-schema-graph\">{\"@context\":\"https:\/\/schema.org\",\"@graph\":[{\"@type\":\"WebPage\",\"@id\":\"https:\/\/newsroom.ferrovial.com\/es\/notas-prensa\/ferrovial-y-rubau-comienzan-la-rehabilitacion-y-ampliacion-de-la-mayor-planta-potabilizadora-de-cataluna\/\",\"url\":\"https:\/\/newsroom.ferrovial.com\/es\/notas-prensa\/ferrovial-y-rubau-comienzan-la-rehabilitacion-y-ampliacion-de-la-mayor-planta-potabilizadora-de-cataluna\/\",\"name\":\"Ferrovial y Rubau comienzan la rehabilitaci\u00f3n y ampliaci\u00f3n de la mayor planta potabilizadora de Catalu\u00f1a Sala de prensa Ferrovial | \u00daltimas noticias\",\"isPartOf\":{\"@id\":\"https:\/\/newsroom.ferrovial.com\/es\/#website\"},\"primaryImageOfPage\":{\"@id\":\"https:\/\/newsroom.ferrovial.com\/es\/notas-prensa\/ferrovial-y-rubau-comienzan-la-rehabilitacion-y-ampliacion-de-la-mayor-planta-potabilizadora-de-cataluna\/#primaryimage\"},\"image\":{\"@id\":\"https:\/\/newsroom.ferrovial.com\/es\/notas-prensa\/ferrovial-y-rubau-comienzan-la-rehabilitacion-y-ampliacion-de-la-mayor-planta-potabilizadora-de-cataluna\/#primaryimage\"},\"thumbnailUrl\":\"https:\/\/static.newsroom.ferrovial.com\/wp-content\/uploads\/2025\/01\/15134722\/ferrovial-obtiene-la-certificacion-sge-21-de-foretica1.jpg\",\"datePublished\":\"2025-01-10T09:29:44+00:00\",\"dateModified\":\"2025-12-22T12:39:48+00:00\",\"description\":\"Sala de prensa Ferrovial | \u00daltimas noticias\",\"breadcrumb\":{\"@id\":\"https:\/\/newsroom.ferrovial.com\/es\/notas-prensa\/ferrovial-y-rubau-comienzan-la-rehabilitacion-y-ampliacion-de-la-mayor-planta-potabilizadora-de-cataluna\/#breadcrumb\"},\"inLanguage\":\"es\",\"potentialAction\":[{\"@type\":\"ReadAction\",\"target\":[\"https:\/\/newsroom.ferrovial.com\/es\/notas-prensa\/ferrovial-y-rubau-comienzan-la-rehabilitacion-y-ampliacion-de-la-mayor-planta-potabilizadora-de-cataluna\/\"]}]},{\"@type\":\"ImageObject\",\"inLanguage\":\"es\",\"@id\":\"https:\/\/newsroom.ferrovial.com\/es\/notas-prensa\/ferrovial-y-rubau-comienzan-la-rehabilitacion-y-ampliacion-de-la-mayor-planta-potabilizadora-de-cataluna\/#primaryimage\",\"url\":\"https:\/\/static.newsroom.ferrovial.com\/wp-content\/uploads\/2025\/01\/15134722\/ferrovial-obtiene-la-certificacion-sge-21-de-foretica1.jpg\",\"contentUrl\":\"https:\/\/static.newsroom.ferrovial.com\/wp-content\/uploads\/2025\/01\/15134722\/ferrovial-obtiene-la-certificacion-sge-21-de-foretica1.jpg\",\"width\":2560,\"height\":1707,\"caption\":\"TRAMO AVE.MEIRAMA CERCEDA.LA CORU\u00d1A\"},{\"@type\":\"BreadcrumbList\",\"@id\":\"https:\/\/newsroom.ferrovial.com\/es\/notas-prensa\/ferrovial-y-rubau-comienzan-la-rehabilitacion-y-ampliacion-de-la-mayor-planta-potabilizadora-de-cataluna\/#breadcrumb\",\"itemListElement\":[{\"@type\":\"ListItem\",\"position\":1,\"name\":\"Portada\",\"item\":\"https:\/\/newsroom.ferrovial.com\/es\/\"},{\"@type\":\"ListItem\",\"position\":2,\"name\":\"Notas de Prensa\",\"item\":\"https:\/\/newsroom.ferrovial.com\/es\/notas-prensa\/\"},{\"@type\":\"ListItem\",\"position\":3,\"name\":\"Ferrovial y Rubau comienzan la rehabilitaci\u00f3n y ampliaci\u00f3n de la mayor planta potabilizadora de Catalu\u00f1a\"}]},{\"@type\":\"WebSite\",\"@id\":\"https:\/\/newsroom.ferrovial.com\/es\/#website\",\"url\":\"https:\/\/newsroom.ferrovial.com\/es\/\",\"name\":\"Sala de prensa Ferrovial | \u00daltimas noticias\",\"description\":\"Sala de prensa Ferrovial | \u00daltimas noticias\",\"publisher\":{\"@id\":\"https:\/\/newsroom.ferrovial.com\/es\/#organization\"},\"potentialAction\":[{\"@type\":\"SearchAction\",\"target\":{\"@type\":\"EntryPoint\",\"urlTemplate\":\"https:\/\/newsroom.ferrovial.com\/es\/?s={search_term_string}\"},\"query-input\":{\"@type\":\"PropertyValueSpecification\",\"valueRequired\":true,\"valueName\":\"search_term_string\"}}],\"inLanguage\":\"es\"},{\"@type\":\"Organization\",\"@id\":\"https:\/\/newsroom.ferrovial.com\/es\/#organization\",\"name\":\"Ferrovial S.A.\",\"url\":\"https:\/\/newsroom.ferrovial.com\/es\/\",\"logo\":{\"@type\":\"ImageObject\",\"inLanguage\":\"es\",\"@id\":\"https:\/\/newsroom.ferrovial.com\/es\/#\/schema\/logo\/image\/\",\"url\":\"https:\/\/static.newsroom.ferrovial.com\/wp-content\/uploads\/2018\/07\/15145720\/Ferrovial_Logotipo1.jpg\",\"contentUrl\":\"https:\/\/static.newsroom.ferrovial.com\/wp-content\/uploads\/2018\/07\/15145720\/Ferrovial_Logotipo1.jpg\",\"width\":600,\"height\":300,\"caption\":\"Ferrovial S.A.\"},\"image\":{\"@id\":\"https:\/\/newsroom.ferrovial.com\/es\/#\/schema\/logo\/image\/\"},\"sameAs\":[\"https:\/\/www.facebook.com\/ferrovial\",\"https:\/\/x.com\/ferrovial\",\"https:\/\/www.instagram.com\/ferrovial\/\",\"https:\/\/www.linkedin.com\/company\/ferrovial\",\"https:\/\/www.pinterest.es\/ferrovial\/\",\"https:\/\/www.youtube.com\/ferrovial\",\"https:\/\/en.wikipedia.org\/wiki\/Ferrovial\"]}]}<\/script>","yoast_head_json":{"title":"Ferrovial y Rubau comienzan la rehabilitaci\u00f3n y ampliaci\u00f3n de la mayor planta potabilizadora de Catalu\u00f1a Sala de prensa Ferrovial | \u00daltimas noticias","description":"Sala de prensa Ferrovial | \u00daltimas noticias","robots":{"index":"index","follow":"follow","max-snippet":"max-snippet:-1","max-image-preview":"max-image-preview:large","max-video-preview":"max-video-preview:-1"},"canonical":"https:\/\/newsroom.ferrovial.com\/es\/notas-prensa\/ferrovial-y-rubau-comienzan-la-rehabilitacion-y-ampliacion-de-la-mayor-planta-potabilizadora-de-cataluna\/","og_locale":"es_ES","og_type":"article","og_title":"Ferrovial y Rubau comienzan la rehabilitaci\u00f3n y ampliaci\u00f3n de la mayor planta potabilizadora de Catalu\u00f1a Sala de prensa Ferrovial | \u00daltimas noticias","og_description":"Sala de prensa Ferrovial | \u00daltimas noticias","og_url":"https:\/\/newsroom.ferrovial.com\/es\/notas-prensa\/ferrovial-y-rubau-comienzan-la-rehabilitacion-y-ampliacion-de-la-mayor-planta-potabilizadora-de-cataluna\/","og_site_name":"Sala de prensa Ferrovial | \u00daltimas noticias","article_publisher":"https:\/\/www.facebook.com\/ferrovial","article_modified_time":"2025-12-22T12:39:48+00:00","og_image":[{"width":2560,"height":1707,"url":"https:\/\/static.newsroom.ferrovial.com\/wp-content\/uploads\/2025\/01\/15134722\/ferrovial-obtiene-la-certificacion-sge-21-de-foretica1.jpg","type":"image\/jpeg"}],"twitter_card":"summary_large_image","twitter_site":"@ferrovial","twitter_misc":{"Tiempo de lectura":"1 minuto"},"schema":{"@context":"https:\/\/schema.org","@graph":[{"@type":"WebPage","@id":"https:\/\/newsroom.ferrovial.com\/es\/notas-prensa\/ferrovial-y-rubau-comienzan-la-rehabilitacion-y-ampliacion-de-la-mayor-planta-potabilizadora-de-cataluna\/","url":"https:\/\/newsroom.ferrovial.com\/es\/notas-prensa\/ferrovial-y-rubau-comienzan-la-rehabilitacion-y-ampliacion-de-la-mayor-planta-potabilizadora-de-cataluna\/","name":"Ferrovial y Rubau comienzan la rehabilitaci\u00f3n y ampliaci\u00f3n de la mayor planta potabilizadora de Catalu\u00f1a Sala de prensa Ferrovial | \u00daltimas noticias","isPartOf":{"@id":"https:\/\/newsroom.ferrovial.com\/es\/#website"},"primaryImageOfPage":{"@id":"https:\/\/newsroom.ferrovial.com\/es\/notas-prensa\/ferrovial-y-rubau-comienzan-la-rehabilitacion-y-ampliacion-de-la-mayor-planta-potabilizadora-de-cataluna\/#primaryimage"},"image":{"@id":"https:\/\/newsroom.ferrovial.com\/es\/notas-prensa\/ferrovial-y-rubau-comienzan-la-rehabilitacion-y-ampliacion-de-la-mayor-planta-potabilizadora-de-cataluna\/#primaryimage"},"thumbnailUrl":"https:\/\/static.newsroom.ferrovial.com\/wp-content\/uploads\/2025\/01\/15134722\/ferrovial-obtiene-la-certificacion-sge-21-de-foretica1.jpg","datePublished":"2025-01-10T09:29:44+00:00","dateModified":"2025-12-22T12:39:48+00:00","description":"Sala de prensa Ferrovial | \u00daltimas noticias","breadcrumb":{"@id":"https:\/\/newsroom.ferrovial.com\/es\/notas-prensa\/ferrovial-y-rubau-comienzan-la-rehabilitacion-y-ampliacion-de-la-mayor-planta-potabilizadora-de-cataluna\/#breadcrumb"},"inLanguage":"es","potentialAction":[{"@type":"ReadAction","target":["https:\/\/newsroom.ferrovial.com\/es\/notas-prensa\/ferrovial-y-rubau-comienzan-la-rehabilitacion-y-ampliacion-de-la-mayor-planta-potabilizadora-de-cataluna\/"]}]},{"@type":"ImageObject","inLanguage":"es","@id":"https:\/\/newsroom.ferrovial.com\/es\/notas-prensa\/ferrovial-y-rubau-comienzan-la-rehabilitacion-y-ampliacion-de-la-mayor-planta-potabilizadora-de-cataluna\/#primaryimage","url":"https:\/\/static.newsroom.ferrovial.com\/wp-content\/uploads\/2025\/01\/15134722\/ferrovial-obtiene-la-certificacion-sge-21-de-foretica1.jpg","contentUrl":"https:\/\/static.newsroom.ferrovial.com\/wp-content\/uploads\/2025\/01\/15134722\/ferrovial-obtiene-la-certificacion-sge-21-de-foretica1.jpg","width":2560,"height":1707,"caption":"TRAMO AVE.MEIRAMA CERCEDA.LA CORU\u00d1A"},{"@type":"BreadcrumbList","@id":"https:\/\/newsroom.ferrovial.com\/es\/notas-prensa\/ferrovial-y-rubau-comienzan-la-rehabilitacion-y-ampliacion-de-la-mayor-planta-potabilizadora-de-cataluna\/#breadcrumb","itemListElement":[{"@type":"ListItem","position":1,"name":"Portada","item":"https:\/\/newsroom.ferrovial.com\/es\/"},{"@type":"ListItem","position":2,"name":"Notas de Prensa","item":"https:\/\/newsroom.ferrovial.com\/es\/notas-prensa\/"},{"@type":"ListItem","position":3,"name":"Ferrovial y Rubau comienzan la rehabilitaci\u00f3n y ampliaci\u00f3n de la mayor planta potabilizadora de Catalu\u00f1a"}]},{"@type":"WebSite","@id":"https:\/\/newsroom.ferrovial.com\/es\/#website","url":"https:\/\/newsroom.ferrovial.com\/es\/","name":"Sala de prensa Ferrovial | \u00daltimas noticias","description":"Sala de prensa Ferrovial | \u00daltimas noticias","publisher":{"@id":"https:\/\/newsroom.ferrovial.com\/es\/#organization"},"potentialAction":[{"@type":"SearchAction","target":{"@type":"EntryPoint","urlTemplate":"https:\/\/newsroom.ferrovial.com\/es\/?s={search_term_string}"},"query-input":{"@type":"PropertyValueSpecification","valueRequired":true,"valueName":"search_term_string"}}],"inLanguage":"es"},{"@type":"Organization","@id":"https:\/\/newsroom.ferrovial.com\/es\/#organization","name":"Ferrovial S.A.","url":"https:\/\/newsroom.ferrovial.com\/es\/","logo":{"@type":"ImageObject","inLanguage":"es","@id":"https:\/\/newsroom.ferrovial.com\/es\/#\/schema\/logo\/image\/","url":"https:\/\/static.newsroom.ferrovial.com\/wp-content\/uploads\/2018\/07\/15145720\/Ferrovial_Logotipo1.jpg","contentUrl":"https:\/\/static.newsroom.ferrovial.com\/wp-content\/uploads\/2018\/07\/15145720\/Ferrovial_Logotipo1.jpg","width":600,"height":300,"caption":"Ferrovial S.A."},"image":{"@id":"https:\/\/newsroom.ferrovial.com\/es\/#\/schema\/logo\/image\/"},"sameAs":["https:\/\/www.facebook.com\/ferrovial","https:\/\/x.com\/ferrovial","https:\/\/www.instagram.com\/ferrovial\/","https:\/\/www.linkedin.com\/company\/ferrovial","https:\/\/www.pinterest.es\/ferrovial\/","https:\/\/www.youtube.com\/ferrovial","https:\/\/en.wikipedia.org\/wiki\/Ferrovial"]}]}},"_links":{"self":[{"href":"https:\/\/newsroom.ferrovial.com\/es\/wp-json\/wp\/v2\/press_release\/127715","targetHints":{"allow":["GET"]}}],"collection":[{"href":"https:\/\/newsroom.ferrovial.com\/es\/wp-json\/wp\/v2\/press_release"}],"about":[{"href":"https:\/\/newsroom.ferrovial.com\/es\/wp-json\/wp\/v2\/types\/press_release"}],"replies":[{"embeddable":true,"href":"https:\/\/newsroom.ferrovial.com\/es\/wp-json\/wp\/v2\/comments?post=127715"}],"version-history":[{"count":3,"href":"https:\/\/newsroom.ferrovial.com\/es\/wp-json\/wp\/v2\/press_release\/127715\/revisions"}],"predecessor-version":[{"id":127884,"href":"https:\/\/newsroom.ferrovial.com\/es\/wp-json\/wp\/v2\/press_release\/127715\/revisions\/127884"}],"wp:featuredmedia":[{"embeddable":true,"href":"https:\/\/newsroom.ferrovial.com\/es\/wp-json\/wp\/v2\/media\/127880"}],"wp:attachment":[{"href":"https:\/\/newsroom.ferrovial.com\/es\/wp-json\/wp\/v2\/media?parent=127715"}],"wp:term":[{"taxonomy":"nivel-2","embeddable":true,"href":"https:\/\/newsroom.ferrovial.com\/es\/wp-json\/wp\/v2\/nivel-2?post=127715"},{"taxonomy":"nivel-5","embeddable":true,"href":"https:\/\/newsroom.ferrovial.com\/es\/wp-json\/wp\/v2\/nivel-5?post=127715"},{"taxonomy":"nivel-1","embeddable":true,"href":"https:\/\/newsroom.ferrovial.com\/es\/wp-json\/wp\/v2\/nivel-1?post=127715"},{"taxonomy":"nivel-3","embeddable":true,"href":"https:\/\/newsroom.ferrovial.com\/es\/wp-json\/wp\/v2\/nivel-3?post=127715"},{"taxonomy":"nivel-4","embeddable":true,"href":"https:\/\/newsroom.ferrovial.com\/es\/wp-json\/wp\/v2\/nivel-4?post=127715"}],"curies":[{"name":"wp","href":"https:\/\/api.w.org\/{rel}","templated":true}]}}