{"id":273,"date":"1998-06-23T00:00:00","date_gmt":"1998-06-23T00:00:00","guid":{"rendered":"https:\/\/newsroom.ferrovial.com\/press_releases\/grupo-ferrovial-avanza-en-el-proyecto-cintra-con-la-constitucion-de-su-estructura-organizativa\/"},"modified":"2022-12-21T12:32:28","modified_gmt":"2022-12-21T11:32:28","slug":"grupo-ferrovial-avanza-en-el-proyecto-cintra-con-la-constitucion-de-su-estructura-organizativa","status":"publish","type":"press_release","link":"https:\/\/newsroom.ferrovial.com\/es\/notas-prensa\/grupo-ferrovial-avanza-en-el-proyecto-cintra-con-la-constitucion-de-su-estructura-organizativa\/","title":{"rendered":"Grupo Ferrovial avanza en el proyecto Cintra con la constituci\u00f3n de su estructura organizativa"},"content":{"rendered":"    <section class=\"wysiwyg text-editor \" id=\"\">\n        <div class=\"container container--narrow container--p-10\">\n            <p>Grupo Ferrovial ha avanzado un paso m\u00e1s en su proyecto Cintra, Concesiones de Infraestructuras de Transporte, S.A., con la constituci\u00f3n de su estructura organizativa, encabezada por Rafael del Pino y Calvo-Sotelo, como Presidente; Santiago Bergareche Busquet, Presidente de Agrom\u00e1n, como Vicepresidente; y Juan B\u00e9jar Ochoa, hasta ahora Director General de Desarrollo de Grupo Ferrovial, como Consejero-Director General de la compa\u00f1\u00eda y, por lo tanto, responsable de la gerencia del proyecto Cintra.<\/p>\n<p>Jaime Carvajal Urquijo; Joseph G. Fogg; Jos\u00e9 M\u00aa P\u00e9rez Tremps, Consejero-Secretario General de Grupo Ferrovial; y Nicol\u00e1s Vill\u00e9n Jim\u00e9nez, Director Econ\u00f3mico-Financiero de Grupo Ferrovial, han sido nombrados Consejeros de dicha sociedad.<\/p>\n<p><strong>Cintra, l\u00edder en concesiones de transporte<\/strong><\/p>\n<p>La sociedad Cintra, Concesiones de Infraestructuras de Transporte, agrupa las concesiones de autopistas de peaje en las que el Grupo participa -en la actualidad doce- y es el veh\u00edculo a trav\u00e9s del cual se licitan ya y se gestionar\u00e1n las futuras concesiones en Espa\u00f1a y el exterior. En estos momentos, la participaci\u00f3n del Grupo en estas concesiones est\u00e1 valorada en 70.000 millones de pesetas y el c\u00famulo de inversi\u00f3n total est\u00e1 cercano al medio bill\u00f3n de pesetas.<\/p>\n<p>Cintra tiene como objetivo prioritario convertirse en una empresa l\u00edder, en los mercados nacionales e internacionales, en el \u00e1rea de las concesiones de proyectos de infraestructura de transporte. Para ello cuenta con su condici\u00f3n de pionero en este \u00e1mbito -Grupo Ferrovial posee 30 a\u00f1os de experiencia, que le han llevado a gestionar en la actualidad 1.200 km de autopista en Espa\u00f1a y Latinoam\u00e9rica; su presencia estable en los pa\u00edses objetivo -Europa, Latinoam\u00e9rica y el Norte de Africa- y el respaldo de la capacidad econ\u00f3mico financiera de sus matrices: Grupo Ferrovial y Agrom\u00e1n en una proporci\u00f3n de 60\/40.<\/p>\n<p>&nbsp;<\/p>\n        <\/div>\n    <\/section>\n","protected":false},"excerpt":{"rendered":"","protected":false},"featured_media":0,"menu_order":0,"comment_status":"closed","ping_status":"closed","template":"","nivel-2":[907,937,2212,1846,987,1018],"nivel-5":[1729],"nivel-1":[894],"nivel-3":[],"nivel-4":[],"class_list":["post-273","press_release","type-press_release","status-publish","hentry","nivel-2-accionistas-e-inversores","nivel-2-carreteras","nivel-2-concesiones","nivel-2-gestion","nivel-2-infraestructuras","nivel-2-peajes","nivel-5-cintra","nivel-1-autopistas"],"acf":[],"yoast_head":"<title>Grupo Ferrovial avanza en el proyecto Cintra con la constituci\u00f3n de su estructura organizativa Sala de prensa Ferrovial | \u00daltimas noticias<\/title>\n<meta name=\"description\" content=\"Sala de prensa Ferrovial | \u00daltimas noticias\" \/>\n<meta name=\"robots\" content=\"index, follow, max-snippet:-1, max-image-preview:large, max-video-preview:-1\" \/>\n<link rel=\"canonical\" href=\"https:\/\/newsroom.ferrovial.com\/es\/notas-prensa\/grupo-ferrovial-avanza-en-el-proyecto-cintra-con-la-constitucion-de-su-estructura-organizativa\/\" \/>\n<meta property=\"og:locale\" content=\"es_ES\" \/>\n<meta property=\"og:type\" content=\"article\" \/>\n<meta property=\"og:title\" content=\"Grupo Ferrovial avanza en el proyecto Cintra con la constituci\u00f3n de su estructura organizativa Sala de prensa Ferrovial | \u00daltimas noticias\" \/>\n<meta property=\"og:description\" content=\"Sala de prensa Ferrovial | \u00daltimas noticias\" \/>\n<meta property=\"og:url\" content=\"https:\/\/newsroom.ferrovial.com\/es\/notas-prensa\/grupo-ferrovial-avanza-en-el-proyecto-cintra-con-la-constitucion-de-su-estructura-organizativa\/\" \/>\n<meta property=\"og:site_name\" content=\"Sala de prensa Ferrovial | \u00daltimas noticias\" \/>\n<meta property=\"article:publisher\" content=\"https:\/\/www.facebook.com\/ferrovial\" \/>\n<meta property=\"article:modified_time\" content=\"2022-12-21T11:32:28+00:00\" \/>\n<meta name=\"twitter:card\" content=\"summary_large_image\" \/>\n<meta name=\"twitter:site\" content=\"@ferrovial\" \/>\n<script type=\"application\/ld+json\" class=\"yoast-schema-graph\">{\"@context\":\"https:\/\/schema.org\",\"@graph\":[{\"@type\":\"WebPage\",\"@id\":\"https:\/\/newsroom.ferrovial.com\/es\/notas-prensa\/grupo-ferrovial-avanza-en-el-proyecto-cintra-con-la-constitucion-de-su-estructura-organizativa\/\",\"url\":\"https:\/\/newsroom.ferrovial.com\/es\/notas-prensa\/grupo-ferrovial-avanza-en-el-proyecto-cintra-con-la-constitucion-de-su-estructura-organizativa\/\",\"name\":\"Grupo Ferrovial avanza en el proyecto Cintra con la constituci\u00f3n de su estructura organizativa Sala de prensa Ferrovial | \u00daltimas noticias\",\"isPartOf\":{\"@id\":\"https:\/\/newsroom.ferrovial.com\/es\/#website\"},\"datePublished\":\"1998-06-23T00:00:00+00:00\",\"dateModified\":\"2022-12-21T11:32:28+00:00\",\"description\":\"Sala de prensa Ferrovial | \u00daltimas noticias\",\"breadcrumb\":{\"@id\":\"https:\/\/newsroom.ferrovial.com\/es\/notas-prensa\/grupo-ferrovial-avanza-en-el-proyecto-cintra-con-la-constitucion-de-su-estructura-organizativa\/#breadcrumb\"},\"inLanguage\":\"es\",\"potentialAction\":[{\"@type\":\"ReadAction\",\"target\":[\"https:\/\/newsroom.ferrovial.com\/es\/notas-prensa\/grupo-ferrovial-avanza-en-el-proyecto-cintra-con-la-constitucion-de-su-estructura-organizativa\/\"]}]},{\"@type\":\"BreadcrumbList\",\"@id\":\"https:\/\/newsroom.ferrovial.com\/es\/notas-prensa\/grupo-ferrovial-avanza-en-el-proyecto-cintra-con-la-constitucion-de-su-estructura-organizativa\/#breadcrumb\",\"itemListElement\":[{\"@type\":\"ListItem\",\"position\":1,\"name\":\"Portada\",\"item\":\"https:\/\/newsroom.ferrovial.com\/es\/\"},{\"@type\":\"ListItem\",\"position\":2,\"name\":\"Notas de Prensa\",\"item\":\"https:\/\/newsroom.ferrovial.com\/es\/notas-prensa\/\"},{\"@type\":\"ListItem\",\"position\":3,\"name\":\"Grupo Ferrovial avanza en el proyecto Cintra con la constituci\u00f3n de su estructura organizativa\"}]},{\"@type\":\"WebSite\",\"@id\":\"https:\/\/newsroom.ferrovial.com\/es\/#website\",\"url\":\"https:\/\/newsroom.ferrovial.com\/es\/\",\"name\":\"Sala de prensa Ferrovial | \u00daltimas noticias\",\"description\":\"Sala de prensa Ferrovial | \u00daltimas noticias\",\"publisher\":{\"@id\":\"https:\/\/newsroom.ferrovial.com\/es\/#organization\"},\"potentialAction\":[{\"@type\":\"SearchAction\",\"target\":{\"@type\":\"EntryPoint\",\"urlTemplate\":\"https:\/\/newsroom.ferrovial.com\/es\/?s={search_term_string}\"},\"query-input\":{\"@type\":\"PropertyValueSpecification\",\"valueRequired\":true,\"valueName\":\"search_term_string\"}}],\"inLanguage\":\"es\"},{\"@type\":\"Organization\",\"@id\":\"https:\/\/newsroom.ferrovial.com\/es\/#organization\",\"name\":\"Ferrovial S.A.\",\"url\":\"https:\/\/newsroom.ferrovial.com\/es\/\",\"logo\":{\"@type\":\"ImageObject\",\"inLanguage\":\"es\",\"@id\":\"https:\/\/newsroom.ferrovial.com\/es\/#\/schema\/logo\/image\/\",\"url\":\"https:\/\/static.newsroom.ferrovial.com\/wp-content\/uploads\/2018\/07\/15145720\/Ferrovial_Logotipo1.jpg\",\"contentUrl\":\"https:\/\/static.newsroom.ferrovial.com\/wp-content\/uploads\/2018\/07\/15145720\/Ferrovial_Logotipo1.jpg\",\"width\":600,\"height\":300,\"caption\":\"Ferrovial S.A.\"},\"image\":{\"@id\":\"https:\/\/newsroom.ferrovial.com\/es\/#\/schema\/logo\/image\/\"},\"sameAs\":[\"https:\/\/www.facebook.com\/ferrovial\",\"https:\/\/x.com\/ferrovial\",\"https:\/\/www.instagram.com\/ferrovial\/\",\"https:\/\/www.linkedin.com\/company\/ferrovial\",\"https:\/\/www.pinterest.es\/ferrovial\/\",\"https:\/\/www.youtube.com\/ferrovial\",\"https:\/\/en.wikipedia.org\/wiki\/Ferrovial\"]}]}<\/script>","yoast_head_json":{"title":"Grupo Ferrovial avanza en el proyecto Cintra con la constituci\u00f3n de su estructura organizativa Sala de prensa Ferrovial | \u00daltimas noticias","description":"Sala de prensa Ferrovial | \u00daltimas noticias","robots":{"index":"index","follow":"follow","max-snippet":"max-snippet:-1","max-image-preview":"max-image-preview:large","max-video-preview":"max-video-preview:-1"},"canonical":"https:\/\/newsroom.ferrovial.com\/es\/notas-prensa\/grupo-ferrovial-avanza-en-el-proyecto-cintra-con-la-constitucion-de-su-estructura-organizativa\/","og_locale":"es_ES","og_type":"article","og_title":"Grupo Ferrovial avanza en el proyecto Cintra con la constituci\u00f3n de su estructura organizativa Sala de prensa Ferrovial | \u00daltimas noticias","og_description":"Sala de prensa Ferrovial | \u00daltimas noticias","og_url":"https:\/\/newsroom.ferrovial.com\/es\/notas-prensa\/grupo-ferrovial-avanza-en-el-proyecto-cintra-con-la-constitucion-de-su-estructura-organizativa\/","og_site_name":"Sala de prensa Ferrovial | \u00daltimas noticias","article_publisher":"https:\/\/www.facebook.com\/ferrovial","article_modified_time":"2022-12-21T11:32:28+00:00","twitter_card":"summary_large_image","twitter_site":"@ferrovial","schema":{"@context":"https:\/\/schema.org","@graph":[{"@type":"WebPage","@id":"https:\/\/newsroom.ferrovial.com\/es\/notas-prensa\/grupo-ferrovial-avanza-en-el-proyecto-cintra-con-la-constitucion-de-su-estructura-organizativa\/","url":"https:\/\/newsroom.ferrovial.com\/es\/notas-prensa\/grupo-ferrovial-avanza-en-el-proyecto-cintra-con-la-constitucion-de-su-estructura-organizativa\/","name":"Grupo Ferrovial avanza en el proyecto Cintra con la constituci\u00f3n de su estructura organizativa Sala de prensa Ferrovial | \u00daltimas noticias","isPartOf":{"@id":"https:\/\/newsroom.ferrovial.com\/es\/#website"},"datePublished":"1998-06-23T00:00:00+00:00","dateModified":"2022-12-21T11:32:28+00:00","description":"Sala de prensa Ferrovial | \u00daltimas noticias","breadcrumb":{"@id":"https:\/\/newsroom.ferrovial.com\/es\/notas-prensa\/grupo-ferrovial-avanza-en-el-proyecto-cintra-con-la-constitucion-de-su-estructura-organizativa\/#breadcrumb"},"inLanguage":"es","potentialAction":[{"@type":"ReadAction","target":["https:\/\/newsroom.ferrovial.com\/es\/notas-prensa\/grupo-ferrovial-avanza-en-el-proyecto-cintra-con-la-constitucion-de-su-estructura-organizativa\/"]}]},{"@type":"BreadcrumbList","@id":"https:\/\/newsroom.ferrovial.com\/es\/notas-prensa\/grupo-ferrovial-avanza-en-el-proyecto-cintra-con-la-constitucion-de-su-estructura-organizativa\/#breadcrumb","itemListElement":[{"@type":"ListItem","position":1,"name":"Portada","item":"https:\/\/newsroom.ferrovial.com\/es\/"},{"@type":"ListItem","position":2,"name":"Notas de Prensa","item":"https:\/\/newsroom.ferrovial.com\/es\/notas-prensa\/"},{"@type":"ListItem","position":3,"name":"Grupo Ferrovial avanza en el proyecto Cintra con la constituci\u00f3n de su estructura organizativa"}]},{"@type":"WebSite","@id":"https:\/\/newsroom.ferrovial.com\/es\/#website","url":"https:\/\/newsroom.ferrovial.com\/es\/","name":"Sala de prensa Ferrovial | \u00daltimas noticias","description":"Sala de prensa Ferrovial | \u00daltimas noticias","publisher":{"@id":"https:\/\/newsroom.ferrovial.com\/es\/#organization"},"potentialAction":[{"@type":"SearchAction","target":{"@type":"EntryPoint","urlTemplate":"https:\/\/newsroom.ferrovial.com\/es\/?s={search_term_string}"},"query-input":{"@type":"PropertyValueSpecification","valueRequired":true,"valueName":"search_term_string"}}],"inLanguage":"es"},{"@type":"Organization","@id":"https:\/\/newsroom.ferrovial.com\/es\/#organization","name":"Ferrovial S.A.","url":"https:\/\/newsroom.ferrovial.com\/es\/","logo":{"@type":"ImageObject","inLanguage":"es","@id":"https:\/\/newsroom.ferrovial.com\/es\/#\/schema\/logo\/image\/","url":"https:\/\/static.newsroom.ferrovial.com\/wp-content\/uploads\/2018\/07\/15145720\/Ferrovial_Logotipo1.jpg","contentUrl":"https:\/\/static.newsroom.ferrovial.com\/wp-content\/uploads\/2018\/07\/15145720\/Ferrovial_Logotipo1.jpg","width":600,"height":300,"caption":"Ferrovial S.A."},"image":{"@id":"https:\/\/newsroom.ferrovial.com\/es\/#\/schema\/logo\/image\/"},"sameAs":["https:\/\/www.facebook.com\/ferrovial","https:\/\/x.com\/ferrovial","https:\/\/www.instagram.com\/ferrovial\/","https:\/\/www.linkedin.com\/company\/ferrovial","https:\/\/www.pinterest.es\/ferrovial\/","https:\/\/www.youtube.com\/ferrovial","https:\/\/en.wikipedia.org\/wiki\/Ferrovial"]}]}},"_links":{"self":[{"href":"https:\/\/newsroom.ferrovial.com\/es\/wp-json\/wp\/v2\/press_release\/273","targetHints":{"allow":["GET"]}}],"collection":[{"href":"https:\/\/newsroom.ferrovial.com\/es\/wp-json\/wp\/v2\/press_release"}],"about":[{"href":"https:\/\/newsroom.ferrovial.com\/es\/wp-json\/wp\/v2\/types\/press_release"}],"replies":[{"embeddable":true,"href":"https:\/\/newsroom.ferrovial.com\/es\/wp-json\/wp\/v2\/comments?post=273"}],"version-history":[{"count":1,"href":"https:\/\/newsroom.ferrovial.com\/es\/wp-json\/wp\/v2\/press_release\/273\/revisions"}],"predecessor-version":[{"id":110431,"href":"https:\/\/newsroom.ferrovial.com\/es\/wp-json\/wp\/v2\/press_release\/273\/revisions\/110431"}],"wp:attachment":[{"href":"https:\/\/newsroom.ferrovial.com\/es\/wp-json\/wp\/v2\/media?parent=273"}],"wp:term":[{"taxonomy":"nivel-2","embeddable":true,"href":"https:\/\/newsroom.ferrovial.com\/es\/wp-json\/wp\/v2\/nivel-2?post=273"},{"taxonomy":"nivel-5","embeddable":true,"href":"https:\/\/newsroom.ferrovial.com\/es\/wp-json\/wp\/v2\/nivel-5?post=273"},{"taxonomy":"nivel-1","embeddable":true,"href":"https:\/\/newsroom.ferrovial.com\/es\/wp-json\/wp\/v2\/nivel-1?post=273"},{"taxonomy":"nivel-3","embeddable":true,"href":"https:\/\/newsroom.ferrovial.com\/es\/wp-json\/wp\/v2\/nivel-3?post=273"},{"taxonomy":"nivel-4","embeddable":true,"href":"https:\/\/newsroom.ferrovial.com\/es\/wp-json\/wp\/v2\/nivel-4?post=273"}],"curies":[{"name":"wp","href":"https:\/\/api.w.org\/{rel}","templated":true}]}}