{"id":283,"date":"2002-01-24T00:00:00","date_gmt":"2002-01-24T00:00:00","guid":{"rendered":"https:\/\/newsroom.ferrovial.com\/press_releases\/joaquin-ayuso-es-nombrado-maximo-ejecutivo-de-grupo-ferrovial\/"},"modified":"2022-12-21T12:29:12","modified_gmt":"2022-12-21T11:29:12","slug":"joaquin-ayuso-es-nombrado-maximo-ejecutivo-de-grupo-ferrovial","status":"publish","type":"press_release","link":"https:\/\/newsroom.ferrovial.com\/es\/notas-prensa\/joaquin-ayuso-es-nombrado-maximo-ejecutivo-de-grupo-ferrovial\/","title":{"rendered":"Joaqu\u00edn Ayuso es nombrado m\u00e1ximo ejecutivo de Grupo Ferrovial"},"content":{"rendered":"    <section class=\"wysiwyg text-editor \" id=\"\">\n        <div class=\"container container--narrow container--p-10\">\n            <p><strong><img loading=\"lazy\" decoding=\"async\" class=\"alignleft\" alt=\"\" src=\"https:\/\/www.ferrovial.com\/wp-content\/uploads\/2007\/05\/img_112350429106_2242005135916.gif\" width=\"200\" height=\"86\" \/>Santiago Bergareche permanece en el Consejo y es designado vicepresidente<\/strong><\/p>\n<p>Joaqu\u00edn Ayuso ha sido nombrado hoy por el Consejo de Administraci\u00f3n de Grupo Ferrovial m\u00e1ximo ejecutivo del Grupo, y ser\u00e1 nombrado nuevo consejero delegado del mismo el pr\u00f3ximo marzo, una vez sea aprobado por la Junta General de Accionistas. El relevo se ha puesto en marcha una vez que Santiago Bergareche expresara al presidente de Grupo Ferrovial, Rafael del Pino y Calvo-Sotelo, la voluntad de ceder sus responsabilidades ejecutivas.<\/p>\n<p>A propuesta de la Comisi\u00f3n de Nombramientos y Retribuciones del Consejo, Joaqu\u00edn Ayuso ha sido designado director general de Grupo Ferrovial, cargo que conlleva la presidencia del Comit\u00e9 de Direcci\u00f3n, con las m\u00e1ximas responsabilidades ejecutivas del Grupo Ferrovial. Santiago Bergareche permanece en el Consejo como independiente y ha sido nombrado vicepresidente de la compa\u00f1\u00eda.<\/p>\n<p>Bergareche se incorpor\u00f3 al Grupo Ferrovial en abril de 1995 como presidente de Agrom\u00e1n. En 1999 fue nombrado consejero delegado de Grupo Ferrovial S. A. Desde su incorporaci\u00f3n, ha colaborado estrechamente con el actual presidente del Grupo, Rafael del Pino, en iniciativas y proyectos que han colocado al Grupo Ferrovial en puestos de vanguardia entre los grupos constructores espa\u00f1oles y del resto de Europa.<\/p>\n<p>De 46 a\u00f1os de edad e ingeniero de Caminos, Joaqu\u00edn Ayuso se incorpor\u00f3 a Grupo Ferrovial en 1982. Tras ocupar diversos cargos de responsabilidad en el \u00e1rea de construcci\u00f3n, fue nombrado en 1992 director general de Construcci\u00f3n, desde cuya responsabilidad llev\u00f3 a cabo con \u00e9xito el proceso de fusi\u00f3n entre la divisi\u00f3n de Construcci\u00f3n del Grupo Ferrovial y Agrom\u00e1n. Asimismo, en 1999 fue designado consejero delegado de Ferrovial Agrom\u00e1n S.A., empresa resultante de la fusi\u00f3n de ambas compa\u00f1\u00edas. Desde entonces, Ayuso ha situado a esta empresa en el primer puesto del sector en Espa\u00f1a por volumen de facturaci\u00f3n.<\/p>\n        <\/div>\n    <\/section>\n","protected":false},"excerpt":{"rendered":"","protected":false},"featured_media":0,"menu_order":0,"comment_status":"closed","ping_status":"closed","template":"","nivel-2":[1912,1015,2207,1019,1904,2242],"nivel-5":[2149],"nivel-1":[],"nivel-3":[],"nivel-4":[],"class_list":["post-283","press_release","type-press_release","status-publish","hentry","nivel-2-corporativo","nivel-2-organigrama","nivel-2-organizacion-de-la-empresa","nivel-2-personas-y-equipo","nivel-2-recursos-humanos","nivel-2-talento","nivel-5-ferrovial-construccion"],"acf":[],"yoast_head":"<title>Joaqu\u00edn Ayuso es nombrado m\u00e1ximo ejecutivo de Grupo Ferrovial Sala de prensa Ferrovial | \u00daltimas noticias<\/title>\n<meta name=\"description\" content=\"Sala de prensa Ferrovial | \u00daltimas noticias\" \/>\n<meta name=\"robots\" content=\"index, follow, max-snippet:-1, max-image-preview:large, max-video-preview:-1\" \/>\n<link rel=\"canonical\" href=\"https:\/\/newsroom.ferrovial.com\/es\/notas-prensa\/joaquin-ayuso-es-nombrado-maximo-ejecutivo-de-grupo-ferrovial\/\" \/>\n<meta property=\"og:locale\" content=\"es_ES\" \/>\n<meta property=\"og:type\" content=\"article\" \/>\n<meta property=\"og:title\" content=\"Joaqu\u00edn Ayuso es nombrado m\u00e1ximo ejecutivo de Grupo Ferrovial Sala de prensa Ferrovial | \u00daltimas noticias\" \/>\n<meta property=\"og:description\" content=\"Sala de prensa Ferrovial | \u00daltimas noticias\" \/>\n<meta property=\"og:url\" content=\"https:\/\/newsroom.ferrovial.com\/es\/notas-prensa\/joaquin-ayuso-es-nombrado-maximo-ejecutivo-de-grupo-ferrovial\/\" \/>\n<meta property=\"og:site_name\" content=\"Sala de prensa Ferrovial | \u00daltimas noticias\" \/>\n<meta property=\"article:publisher\" content=\"https:\/\/www.facebook.com\/ferrovial\" \/>\n<meta property=\"article:modified_time\" content=\"2022-12-21T11:29:12+00:00\" \/>\n<meta name=\"twitter:card\" content=\"summary_large_image\" \/>\n<meta name=\"twitter:site\" content=\"@ferrovial\" \/>\n<script type=\"application\/ld+json\" class=\"yoast-schema-graph\">{\"@context\":\"https:\/\/schema.org\",\"@graph\":[{\"@type\":\"WebPage\",\"@id\":\"https:\/\/newsroom.ferrovial.com\/es\/notas-prensa\/joaquin-ayuso-es-nombrado-maximo-ejecutivo-de-grupo-ferrovial\/\",\"url\":\"https:\/\/newsroom.ferrovial.com\/es\/notas-prensa\/joaquin-ayuso-es-nombrado-maximo-ejecutivo-de-grupo-ferrovial\/\",\"name\":\"Joaqu\u00edn Ayuso es nombrado m\u00e1ximo ejecutivo de Grupo Ferrovial Sala de prensa Ferrovial | \u00daltimas noticias\",\"isPartOf\":{\"@id\":\"https:\/\/newsroom.ferrovial.com\/es\/#website\"},\"datePublished\":\"2002-01-24T00:00:00+00:00\",\"dateModified\":\"2022-12-21T11:29:12+00:00\",\"description\":\"Sala de prensa Ferrovial | \u00daltimas noticias\",\"breadcrumb\":{\"@id\":\"https:\/\/newsroom.ferrovial.com\/es\/notas-prensa\/joaquin-ayuso-es-nombrado-maximo-ejecutivo-de-grupo-ferrovial\/#breadcrumb\"},\"inLanguage\":\"es\",\"potentialAction\":[{\"@type\":\"ReadAction\",\"target\":[\"https:\/\/newsroom.ferrovial.com\/es\/notas-prensa\/joaquin-ayuso-es-nombrado-maximo-ejecutivo-de-grupo-ferrovial\/\"]}]},{\"@type\":\"BreadcrumbList\",\"@id\":\"https:\/\/newsroom.ferrovial.com\/es\/notas-prensa\/joaquin-ayuso-es-nombrado-maximo-ejecutivo-de-grupo-ferrovial\/#breadcrumb\",\"itemListElement\":[{\"@type\":\"ListItem\",\"position\":1,\"name\":\"Portada\",\"item\":\"https:\/\/newsroom.ferrovial.com\/es\/\"},{\"@type\":\"ListItem\",\"position\":2,\"name\":\"Notas de Prensa\",\"item\":\"https:\/\/newsroom.ferrovial.com\/es\/notas-prensa\/\"},{\"@type\":\"ListItem\",\"position\":3,\"name\":\"Joaqu\u00edn Ayuso es nombrado m\u00e1ximo ejecutivo de Grupo Ferrovial\"}]},{\"@type\":\"WebSite\",\"@id\":\"https:\/\/newsroom.ferrovial.com\/es\/#website\",\"url\":\"https:\/\/newsroom.ferrovial.com\/es\/\",\"name\":\"Sala de prensa Ferrovial | \u00daltimas noticias\",\"description\":\"Sala de prensa Ferrovial | \u00daltimas noticias\",\"publisher\":{\"@id\":\"https:\/\/newsroom.ferrovial.com\/es\/#organization\"},\"potentialAction\":[{\"@type\":\"SearchAction\",\"target\":{\"@type\":\"EntryPoint\",\"urlTemplate\":\"https:\/\/newsroom.ferrovial.com\/es\/?s={search_term_string}\"},\"query-input\":{\"@type\":\"PropertyValueSpecification\",\"valueRequired\":true,\"valueName\":\"search_term_string\"}}],\"inLanguage\":\"es\"},{\"@type\":\"Organization\",\"@id\":\"https:\/\/newsroom.ferrovial.com\/es\/#organization\",\"name\":\"Ferrovial S.A.\",\"url\":\"https:\/\/newsroom.ferrovial.com\/es\/\",\"logo\":{\"@type\":\"ImageObject\",\"inLanguage\":\"es\",\"@id\":\"https:\/\/newsroom.ferrovial.com\/es\/#\/schema\/logo\/image\/\",\"url\":\"https:\/\/static.newsroom.ferrovial.com\/wp-content\/uploads\/2018\/07\/15145720\/Ferrovial_Logotipo1.jpg\",\"contentUrl\":\"https:\/\/static.newsroom.ferrovial.com\/wp-content\/uploads\/2018\/07\/15145720\/Ferrovial_Logotipo1.jpg\",\"width\":600,\"height\":300,\"caption\":\"Ferrovial S.A.\"},\"image\":{\"@id\":\"https:\/\/newsroom.ferrovial.com\/es\/#\/schema\/logo\/image\/\"},\"sameAs\":[\"https:\/\/www.facebook.com\/ferrovial\",\"https:\/\/x.com\/ferrovial\",\"https:\/\/www.instagram.com\/ferrovial\/\",\"https:\/\/www.linkedin.com\/company\/ferrovial\",\"https:\/\/www.pinterest.es\/ferrovial\/\",\"https:\/\/www.youtube.com\/ferrovial\",\"https:\/\/en.wikipedia.org\/wiki\/Ferrovial\"]}]}<\/script>","yoast_head_json":{"title":"Joaqu\u00edn Ayuso es nombrado m\u00e1ximo ejecutivo de Grupo Ferrovial Sala de prensa Ferrovial | \u00daltimas noticias","description":"Sala de prensa Ferrovial | \u00daltimas noticias","robots":{"index":"index","follow":"follow","max-snippet":"max-snippet:-1","max-image-preview":"max-image-preview:large","max-video-preview":"max-video-preview:-1"},"canonical":"https:\/\/newsroom.ferrovial.com\/es\/notas-prensa\/joaquin-ayuso-es-nombrado-maximo-ejecutivo-de-grupo-ferrovial\/","og_locale":"es_ES","og_type":"article","og_title":"Joaqu\u00edn Ayuso es nombrado m\u00e1ximo ejecutivo de Grupo Ferrovial Sala de prensa Ferrovial | \u00daltimas noticias","og_description":"Sala de prensa Ferrovial | \u00daltimas noticias","og_url":"https:\/\/newsroom.ferrovial.com\/es\/notas-prensa\/joaquin-ayuso-es-nombrado-maximo-ejecutivo-de-grupo-ferrovial\/","og_site_name":"Sala de prensa Ferrovial | \u00daltimas noticias","article_publisher":"https:\/\/www.facebook.com\/ferrovial","article_modified_time":"2022-12-21T11:29:12+00:00","twitter_card":"summary_large_image","twitter_site":"@ferrovial","schema":{"@context":"https:\/\/schema.org","@graph":[{"@type":"WebPage","@id":"https:\/\/newsroom.ferrovial.com\/es\/notas-prensa\/joaquin-ayuso-es-nombrado-maximo-ejecutivo-de-grupo-ferrovial\/","url":"https:\/\/newsroom.ferrovial.com\/es\/notas-prensa\/joaquin-ayuso-es-nombrado-maximo-ejecutivo-de-grupo-ferrovial\/","name":"Joaqu\u00edn Ayuso es nombrado m\u00e1ximo ejecutivo de Grupo Ferrovial Sala de prensa Ferrovial | \u00daltimas noticias","isPartOf":{"@id":"https:\/\/newsroom.ferrovial.com\/es\/#website"},"datePublished":"2002-01-24T00:00:00+00:00","dateModified":"2022-12-21T11:29:12+00:00","description":"Sala de prensa Ferrovial | \u00daltimas noticias","breadcrumb":{"@id":"https:\/\/newsroom.ferrovial.com\/es\/notas-prensa\/joaquin-ayuso-es-nombrado-maximo-ejecutivo-de-grupo-ferrovial\/#breadcrumb"},"inLanguage":"es","potentialAction":[{"@type":"ReadAction","target":["https:\/\/newsroom.ferrovial.com\/es\/notas-prensa\/joaquin-ayuso-es-nombrado-maximo-ejecutivo-de-grupo-ferrovial\/"]}]},{"@type":"BreadcrumbList","@id":"https:\/\/newsroom.ferrovial.com\/es\/notas-prensa\/joaquin-ayuso-es-nombrado-maximo-ejecutivo-de-grupo-ferrovial\/#breadcrumb","itemListElement":[{"@type":"ListItem","position":1,"name":"Portada","item":"https:\/\/newsroom.ferrovial.com\/es\/"},{"@type":"ListItem","position":2,"name":"Notas de Prensa","item":"https:\/\/newsroom.ferrovial.com\/es\/notas-prensa\/"},{"@type":"ListItem","position":3,"name":"Joaqu\u00edn Ayuso es nombrado m\u00e1ximo ejecutivo de Grupo Ferrovial"}]},{"@type":"WebSite","@id":"https:\/\/newsroom.ferrovial.com\/es\/#website","url":"https:\/\/newsroom.ferrovial.com\/es\/","name":"Sala de prensa Ferrovial | \u00daltimas noticias","description":"Sala de prensa Ferrovial | \u00daltimas noticias","publisher":{"@id":"https:\/\/newsroom.ferrovial.com\/es\/#organization"},"potentialAction":[{"@type":"SearchAction","target":{"@type":"EntryPoint","urlTemplate":"https:\/\/newsroom.ferrovial.com\/es\/?s={search_term_string}"},"query-input":{"@type":"PropertyValueSpecification","valueRequired":true,"valueName":"search_term_string"}}],"inLanguage":"es"},{"@type":"Organization","@id":"https:\/\/newsroom.ferrovial.com\/es\/#organization","name":"Ferrovial S.A.","url":"https:\/\/newsroom.ferrovial.com\/es\/","logo":{"@type":"ImageObject","inLanguage":"es","@id":"https:\/\/newsroom.ferrovial.com\/es\/#\/schema\/logo\/image\/","url":"https:\/\/static.newsroom.ferrovial.com\/wp-content\/uploads\/2018\/07\/15145720\/Ferrovial_Logotipo1.jpg","contentUrl":"https:\/\/static.newsroom.ferrovial.com\/wp-content\/uploads\/2018\/07\/15145720\/Ferrovial_Logotipo1.jpg","width":600,"height":300,"caption":"Ferrovial S.A."},"image":{"@id":"https:\/\/newsroom.ferrovial.com\/es\/#\/schema\/logo\/image\/"},"sameAs":["https:\/\/www.facebook.com\/ferrovial","https:\/\/x.com\/ferrovial","https:\/\/www.instagram.com\/ferrovial\/","https:\/\/www.linkedin.com\/company\/ferrovial","https:\/\/www.pinterest.es\/ferrovial\/","https:\/\/www.youtube.com\/ferrovial","https:\/\/en.wikipedia.org\/wiki\/Ferrovial"]}]}},"_links":{"self":[{"href":"https:\/\/newsroom.ferrovial.com\/es\/wp-json\/wp\/v2\/press_release\/283","targetHints":{"allow":["GET"]}}],"collection":[{"href":"https:\/\/newsroom.ferrovial.com\/es\/wp-json\/wp\/v2\/press_release"}],"about":[{"href":"https:\/\/newsroom.ferrovial.com\/es\/wp-json\/wp\/v2\/types\/press_release"}],"replies":[{"embeddable":true,"href":"https:\/\/newsroom.ferrovial.com\/es\/wp-json\/wp\/v2\/comments?post=283"}],"version-history":[{"count":1,"href":"https:\/\/newsroom.ferrovial.com\/es\/wp-json\/wp\/v2\/press_release\/283\/revisions"}],"predecessor-version":[{"id":110348,"href":"https:\/\/newsroom.ferrovial.com\/es\/wp-json\/wp\/v2\/press_release\/283\/revisions\/110348"}],"wp:attachment":[{"href":"https:\/\/newsroom.ferrovial.com\/es\/wp-json\/wp\/v2\/media?parent=283"}],"wp:term":[{"taxonomy":"nivel-2","embeddable":true,"href":"https:\/\/newsroom.ferrovial.com\/es\/wp-json\/wp\/v2\/nivel-2?post=283"},{"taxonomy":"nivel-5","embeddable":true,"href":"https:\/\/newsroom.ferrovial.com\/es\/wp-json\/wp\/v2\/nivel-5?post=283"},{"taxonomy":"nivel-1","embeddable":true,"href":"https:\/\/newsroom.ferrovial.com\/es\/wp-json\/wp\/v2\/nivel-1?post=283"},{"taxonomy":"nivel-3","embeddable":true,"href":"https:\/\/newsroom.ferrovial.com\/es\/wp-json\/wp\/v2\/nivel-3?post=283"},{"taxonomy":"nivel-4","embeddable":true,"href":"https:\/\/newsroom.ferrovial.com\/es\/wp-json\/wp\/v2\/nivel-4?post=283"}],"curies":[{"name":"wp","href":"https:\/\/api.w.org\/{rel}","templated":true}]}}