{"id":311,"date":"2000-03-30T00:00:00","date_gmt":"2000-03-30T00:00:00","guid":{"rendered":"https:\/\/newsroom.ferrovial.com\/press_releases\/rafael-del-pino-presidente-de-ferrovial-anuncia-su-retirada-al-frente-de-grupo-ferrovial\/"},"modified":"2022-12-21T12:30:37","modified_gmt":"2022-12-21T11:30:37","slug":"rafael-del-pino-presidente-de-ferrovial-anuncia-su-retirada-al-frente-de-grupo-ferrovial","status":"publish","type":"press_release","link":"https:\/\/newsroom.ferrovial.com\/es\/notas-prensa\/rafael-del-pino-presidente-de-ferrovial-anuncia-su-retirada-al-frente-de-grupo-ferrovial\/","title":{"rendered":"Rafael del Pino, Presidente de Ferrovial, anuncia su retirada al frente de Grupo Ferrovial"},"content":{"rendered":"    <section class=\"wysiwyg text-editor \" id=\"\">\n        <div class=\"container container--narrow container--p-10\">\n            <p><strong><img decoding=\"async\" class=\"alignleft\" alt=\"\" src=\"\/wp-content\/uploads\/noticias\/img_nombramiento_de_rafael_del.jpg\" \/>Propondr\u00e1 al Consejo de Administraci\u00f3n el nombramiento de Rafael del Pino y Calvo-Sotelo como nuevo presidente<br \/>\nMadrid, 31 de Marzo de 2000<\/strong><\/p>\n<p>Rafael del Pino, Presidente de Ferrovial, ha anunciado en la Junta General de Accionistas de Grupo Ferrovial, celebrada hoy, la intenci\u00f3n de abandonar su actual cargo en los pr\u00f3ximos tres meses, as\u00ed como sugerir al Consejo de Administraci\u00f3n el nombramiento como nuevo presidente del Grupo de Rafael del Pino Calvo-Sotelo, actual Vicepresidente Ejecutivo. La retirada de Rafael del Pino y Moreno ir\u00e1 acompa\u00f1ada de la salida de los actuales consejeros Claudio Boada Vilallonga y Jos\u00e9 M\u00aa L\u00f3pez de Letona.<\/p>\n<p>En una intervenci\u00f3n al final de la Junta, Rafael del Pino y Moreno ha manifestado que antes de clausurar la sesi\u00f3n, yo quisiera decirles algo que me parece de obligada cortes\u00eda con los se\u00f1ores accionistas, nuestros socios. Llevo trabajando en esta casa desde 1952 y, despu\u00e9s de mucha reflexi\u00f3n, me ha parecido que ya es hora de cambiar de oficio. Tengo otras ofertas de trabajo fuera de la casa, y quiero aprovecharlas antes de que sea demasiado tarde, si ustedes me permiten decirlo.<\/p>\n<p>A\u00f1adi\u00f3 que a lo largo de los \u00faltimos a\u00f1os, y especialmente a lo largo del a\u00f1o 1999, como les dec\u00eda a ustedes antes, hemos venido preparando este suceso, que no tiene m\u00e1s remedio que ocurrir. Actualmente, la sociedad tiene unos \u00f3rganos de gobierno modernos. Por cierto, en la memoria tienen ustedes el C\u00f3digo de Conducta del Consejo, que hemos hecho ayudados por el asesoramiento extraordinario del se\u00f1or L\u00f3pez de Letona, miembro de la llamada Comisi\u00f3n Olivencia, creada para modificar y modernizar la actuaci\u00f3n de los \u00f3rganos de administraci\u00f3n de las sociedades an\u00f3nimas en Espa\u00f1a.<\/p>\n<p>El Consejo de Ferrovial funciona muy bien, como hemos visto a lo largo del a\u00f1o 1999. Las Comisiones del Consejo tambi\u00e9n, y, por lo tanto, de aqu\u00ed a tres meses tengo la intenci\u00f3n de presentar al Consejo mi dimisi\u00f3n, para aceptar las otras ofertas de trabajo que antes les he mencionado. Quieren hacer tambi\u00e9n lo mismo los se\u00f1ores Boada y L\u00f3pez de Letona, quienes, a\u00fan siendo todav\u00eda un poco mayor y un poco m\u00e1s joven que yo, quieren tambi\u00e9n dedicarse a otras cosas, prosigui\u00f3.\u00a0<\/p>\n<p>Es obligaci\u00f3n del que se va cerciorarse de que la sucesi\u00f3n se verifica de manera adecuada , indic\u00f3. He pensado, al mismo tiempo que presente mi dimisi\u00f3n al Consejo dentro de tres meses, proponer o sugerir a \u00e9ste el nombramiento de un nuevo presidente. Quiero decir lo que me parece: el Vicepresidente actual de la sociedad ha demostrado, a lo largo de los a\u00f1os que ha sido primer ejecutivo, su capacidad y su val\u00eda para conducir a la sociedad a los niveles que tiene ahora. Y como tiene una edad ya madura, pero no tan madura como la m\u00eda, le queda todav\u00eda mucho tiempo por delante para seguir ejerciendo esa capacidad, que ha demostrado plenamente, de liderar la casa. De manera que, cuando yo me vaya, me propongo sugerir al Consejo que nombre presidente al se\u00f1or don Rafael del Pino y Calvo-Sotelo, aqu\u00ed presente. Tendr\u00e1 unos colaboradores: para empezar, el se\u00f1or Consejero Delegado, Santiago Bergareche; el se\u00f1or consejero Jos\u00e9 Mar\u00eda P\u00e9rez Tremps, y todos los miembros del Comit\u00e9 de Direcci\u00f3n presentes y futuros. Estoy seguro de que la sociedad queda as\u00ed en buenas manos. Yo no me despido de ustedes, porque el a\u00f1o que viene les acompa\u00f1are, no desde esta mesa, sino a su lado. Por tanto, se\u00f1ores, muchas gracias por su atenci\u00f3n y hasta el a\u00f1o que viene.<\/p>\n        <\/div>\n    <\/section>\n","protected":false},"excerpt":{"rendered":"","protected":false},"featured_media":0,"menu_order":0,"comment_status":"closed","ping_status":"closed","template":"","nivel-2":[1912,1015,2207,1019,1904,2242],"nivel-5":[1902],"nivel-1":[],"nivel-3":[],"nivel-4":[],"class_list":["post-311","press_release","type-press_release","status-publish","hentry","nivel-2-corporativo","nivel-2-organigrama","nivel-2-organizacion-de-la-empresa","nivel-2-personas-y-equipo","nivel-2-recursos-humanos","nivel-2-talento","nivel-5-ferrovial"],"acf":[],"yoast_head":"<title>Rafael del Pino, Presidente de Ferrovial, anuncia su retirada al frente de Grupo Ferrovial Sala de prensa Ferrovial | \u00daltimas noticias<\/title>\n<meta name=\"description\" content=\"Sala de prensa Ferrovial | \u00daltimas noticias\" \/>\n<meta name=\"robots\" content=\"index, follow, max-snippet:-1, max-image-preview:large, max-video-preview:-1\" \/>\n<link rel=\"canonical\" href=\"https:\/\/newsroom.ferrovial.com\/es\/notas-prensa\/rafael-del-pino-presidente-de-ferrovial-anuncia-su-retirada-al-frente-de-grupo-ferrovial\/\" \/>\n<meta property=\"og:locale\" content=\"es_ES\" \/>\n<meta property=\"og:type\" content=\"article\" \/>\n<meta property=\"og:title\" content=\"Rafael del Pino, Presidente de Ferrovial, anuncia su retirada al frente de Grupo Ferrovial Sala de prensa Ferrovial | \u00daltimas noticias\" \/>\n<meta property=\"og:description\" content=\"Sala de prensa Ferrovial | \u00daltimas noticias\" \/>\n<meta property=\"og:url\" content=\"https:\/\/newsroom.ferrovial.com\/es\/notas-prensa\/rafael-del-pino-presidente-de-ferrovial-anuncia-su-retirada-al-frente-de-grupo-ferrovial\/\" \/>\n<meta property=\"og:site_name\" content=\"Sala de prensa Ferrovial | \u00daltimas noticias\" \/>\n<meta property=\"article:publisher\" content=\"https:\/\/www.facebook.com\/ferrovial\" \/>\n<meta property=\"article:modified_time\" content=\"2022-12-21T11:30:37+00:00\" \/>\n<meta name=\"twitter:card\" content=\"summary_large_image\" \/>\n<meta name=\"twitter:site\" content=\"@ferrovial\" \/>\n<script type=\"application\/ld+json\" class=\"yoast-schema-graph\">{\"@context\":\"https:\/\/schema.org\",\"@graph\":[{\"@type\":\"WebPage\",\"@id\":\"https:\/\/newsroom.ferrovial.com\/es\/notas-prensa\/rafael-del-pino-presidente-de-ferrovial-anuncia-su-retirada-al-frente-de-grupo-ferrovial\/\",\"url\":\"https:\/\/newsroom.ferrovial.com\/es\/notas-prensa\/rafael-del-pino-presidente-de-ferrovial-anuncia-su-retirada-al-frente-de-grupo-ferrovial\/\",\"name\":\"Rafael del Pino, Presidente de Ferrovial, anuncia su retirada al frente de Grupo Ferrovial Sala de prensa Ferrovial | \u00daltimas noticias\",\"isPartOf\":{\"@id\":\"https:\/\/newsroom.ferrovial.com\/es\/#website\"},\"datePublished\":\"2000-03-30T00:00:00+00:00\",\"dateModified\":\"2022-12-21T11:30:37+00:00\",\"description\":\"Sala de prensa Ferrovial | \u00daltimas noticias\",\"breadcrumb\":{\"@id\":\"https:\/\/newsroom.ferrovial.com\/es\/notas-prensa\/rafael-del-pino-presidente-de-ferrovial-anuncia-su-retirada-al-frente-de-grupo-ferrovial\/#breadcrumb\"},\"inLanguage\":\"es\",\"potentialAction\":[{\"@type\":\"ReadAction\",\"target\":[\"https:\/\/newsroom.ferrovial.com\/es\/notas-prensa\/rafael-del-pino-presidente-de-ferrovial-anuncia-su-retirada-al-frente-de-grupo-ferrovial\/\"]}]},{\"@type\":\"BreadcrumbList\",\"@id\":\"https:\/\/newsroom.ferrovial.com\/es\/notas-prensa\/rafael-del-pino-presidente-de-ferrovial-anuncia-su-retirada-al-frente-de-grupo-ferrovial\/#breadcrumb\",\"itemListElement\":[{\"@type\":\"ListItem\",\"position\":1,\"name\":\"Portada\",\"item\":\"https:\/\/newsroom.ferrovial.com\/es\/\"},{\"@type\":\"ListItem\",\"position\":2,\"name\":\"Notas de Prensa\",\"item\":\"https:\/\/newsroom.ferrovial.com\/es\/notas-prensa\/\"},{\"@type\":\"ListItem\",\"position\":3,\"name\":\"Rafael del Pino, Presidente de Ferrovial, anuncia su retirada al frente de Grupo Ferrovial\"}]},{\"@type\":\"WebSite\",\"@id\":\"https:\/\/newsroom.ferrovial.com\/es\/#website\",\"url\":\"https:\/\/newsroom.ferrovial.com\/es\/\",\"name\":\"Sala de prensa Ferrovial | \u00daltimas noticias\",\"description\":\"Sala de prensa Ferrovial | \u00daltimas noticias\",\"publisher\":{\"@id\":\"https:\/\/newsroom.ferrovial.com\/es\/#organization\"},\"potentialAction\":[{\"@type\":\"SearchAction\",\"target\":{\"@type\":\"EntryPoint\",\"urlTemplate\":\"https:\/\/newsroom.ferrovial.com\/es\/?s={search_term_string}\"},\"query-input\":{\"@type\":\"PropertyValueSpecification\",\"valueRequired\":true,\"valueName\":\"search_term_string\"}}],\"inLanguage\":\"es\"},{\"@type\":\"Organization\",\"@id\":\"https:\/\/newsroom.ferrovial.com\/es\/#organization\",\"name\":\"Ferrovial S.A.\",\"url\":\"https:\/\/newsroom.ferrovial.com\/es\/\",\"logo\":{\"@type\":\"ImageObject\",\"inLanguage\":\"es\",\"@id\":\"https:\/\/newsroom.ferrovial.com\/es\/#\/schema\/logo\/image\/\",\"url\":\"https:\/\/static.newsroom.ferrovial.com\/wp-content\/uploads\/2018\/07\/15145720\/Ferrovial_Logotipo1.jpg\",\"contentUrl\":\"https:\/\/static.newsroom.ferrovial.com\/wp-content\/uploads\/2018\/07\/15145720\/Ferrovial_Logotipo1.jpg\",\"width\":600,\"height\":300,\"caption\":\"Ferrovial S.A.\"},\"image\":{\"@id\":\"https:\/\/newsroom.ferrovial.com\/es\/#\/schema\/logo\/image\/\"},\"sameAs\":[\"https:\/\/www.facebook.com\/ferrovial\",\"https:\/\/x.com\/ferrovial\",\"https:\/\/www.instagram.com\/ferrovial\/\",\"https:\/\/www.linkedin.com\/company\/ferrovial\",\"https:\/\/www.pinterest.es\/ferrovial\/\",\"https:\/\/www.youtube.com\/ferrovial\",\"https:\/\/en.wikipedia.org\/wiki\/Ferrovial\"]}]}<\/script>","yoast_head_json":{"title":"Rafael del Pino, Presidente de Ferrovial, anuncia su retirada al frente de Grupo Ferrovial Sala de prensa Ferrovial | \u00daltimas noticias","description":"Sala de prensa Ferrovial | \u00daltimas noticias","robots":{"index":"index","follow":"follow","max-snippet":"max-snippet:-1","max-image-preview":"max-image-preview:large","max-video-preview":"max-video-preview:-1"},"canonical":"https:\/\/newsroom.ferrovial.com\/es\/notas-prensa\/rafael-del-pino-presidente-de-ferrovial-anuncia-su-retirada-al-frente-de-grupo-ferrovial\/","og_locale":"es_ES","og_type":"article","og_title":"Rafael del Pino, Presidente de Ferrovial, anuncia su retirada al frente de Grupo Ferrovial Sala de prensa Ferrovial | \u00daltimas noticias","og_description":"Sala de prensa Ferrovial | \u00daltimas noticias","og_url":"https:\/\/newsroom.ferrovial.com\/es\/notas-prensa\/rafael-del-pino-presidente-de-ferrovial-anuncia-su-retirada-al-frente-de-grupo-ferrovial\/","og_site_name":"Sala de prensa Ferrovial | \u00daltimas noticias","article_publisher":"https:\/\/www.facebook.com\/ferrovial","article_modified_time":"2022-12-21T11:30:37+00:00","twitter_card":"summary_large_image","twitter_site":"@ferrovial","schema":{"@context":"https:\/\/schema.org","@graph":[{"@type":"WebPage","@id":"https:\/\/newsroom.ferrovial.com\/es\/notas-prensa\/rafael-del-pino-presidente-de-ferrovial-anuncia-su-retirada-al-frente-de-grupo-ferrovial\/","url":"https:\/\/newsroom.ferrovial.com\/es\/notas-prensa\/rafael-del-pino-presidente-de-ferrovial-anuncia-su-retirada-al-frente-de-grupo-ferrovial\/","name":"Rafael del Pino, Presidente de Ferrovial, anuncia su retirada al frente de Grupo Ferrovial Sala de prensa Ferrovial | \u00daltimas noticias","isPartOf":{"@id":"https:\/\/newsroom.ferrovial.com\/es\/#website"},"datePublished":"2000-03-30T00:00:00+00:00","dateModified":"2022-12-21T11:30:37+00:00","description":"Sala de prensa Ferrovial | \u00daltimas noticias","breadcrumb":{"@id":"https:\/\/newsroom.ferrovial.com\/es\/notas-prensa\/rafael-del-pino-presidente-de-ferrovial-anuncia-su-retirada-al-frente-de-grupo-ferrovial\/#breadcrumb"},"inLanguage":"es","potentialAction":[{"@type":"ReadAction","target":["https:\/\/newsroom.ferrovial.com\/es\/notas-prensa\/rafael-del-pino-presidente-de-ferrovial-anuncia-su-retirada-al-frente-de-grupo-ferrovial\/"]}]},{"@type":"BreadcrumbList","@id":"https:\/\/newsroom.ferrovial.com\/es\/notas-prensa\/rafael-del-pino-presidente-de-ferrovial-anuncia-su-retirada-al-frente-de-grupo-ferrovial\/#breadcrumb","itemListElement":[{"@type":"ListItem","position":1,"name":"Portada","item":"https:\/\/newsroom.ferrovial.com\/es\/"},{"@type":"ListItem","position":2,"name":"Notas de Prensa","item":"https:\/\/newsroom.ferrovial.com\/es\/notas-prensa\/"},{"@type":"ListItem","position":3,"name":"Rafael del Pino, Presidente de Ferrovial, anuncia su retirada al frente de Grupo Ferrovial"}]},{"@type":"WebSite","@id":"https:\/\/newsroom.ferrovial.com\/es\/#website","url":"https:\/\/newsroom.ferrovial.com\/es\/","name":"Sala de prensa Ferrovial | \u00daltimas noticias","description":"Sala de prensa Ferrovial | \u00daltimas noticias","publisher":{"@id":"https:\/\/newsroom.ferrovial.com\/es\/#organization"},"potentialAction":[{"@type":"SearchAction","target":{"@type":"EntryPoint","urlTemplate":"https:\/\/newsroom.ferrovial.com\/es\/?s={search_term_string}"},"query-input":{"@type":"PropertyValueSpecification","valueRequired":true,"valueName":"search_term_string"}}],"inLanguage":"es"},{"@type":"Organization","@id":"https:\/\/newsroom.ferrovial.com\/es\/#organization","name":"Ferrovial S.A.","url":"https:\/\/newsroom.ferrovial.com\/es\/","logo":{"@type":"ImageObject","inLanguage":"es","@id":"https:\/\/newsroom.ferrovial.com\/es\/#\/schema\/logo\/image\/","url":"https:\/\/static.newsroom.ferrovial.com\/wp-content\/uploads\/2018\/07\/15145720\/Ferrovial_Logotipo1.jpg","contentUrl":"https:\/\/static.newsroom.ferrovial.com\/wp-content\/uploads\/2018\/07\/15145720\/Ferrovial_Logotipo1.jpg","width":600,"height":300,"caption":"Ferrovial S.A."},"image":{"@id":"https:\/\/newsroom.ferrovial.com\/es\/#\/schema\/logo\/image\/"},"sameAs":["https:\/\/www.facebook.com\/ferrovial","https:\/\/x.com\/ferrovial","https:\/\/www.instagram.com\/ferrovial\/","https:\/\/www.linkedin.com\/company\/ferrovial","https:\/\/www.pinterest.es\/ferrovial\/","https:\/\/www.youtube.com\/ferrovial","https:\/\/en.wikipedia.org\/wiki\/Ferrovial"]}]}},"_links":{"self":[{"href":"https:\/\/newsroom.ferrovial.com\/es\/wp-json\/wp\/v2\/press_release\/311","targetHints":{"allow":["GET"]}}],"collection":[{"href":"https:\/\/newsroom.ferrovial.com\/es\/wp-json\/wp\/v2\/press_release"}],"about":[{"href":"https:\/\/newsroom.ferrovial.com\/es\/wp-json\/wp\/v2\/types\/press_release"}],"replies":[{"embeddable":true,"href":"https:\/\/newsroom.ferrovial.com\/es\/wp-json\/wp\/v2\/comments?post=311"}],"version-history":[{"count":1,"href":"https:\/\/newsroom.ferrovial.com\/es\/wp-json\/wp\/v2\/press_release\/311\/revisions"}],"predecessor-version":[{"id":110392,"href":"https:\/\/newsroom.ferrovial.com\/es\/wp-json\/wp\/v2\/press_release\/311\/revisions\/110392"}],"wp:attachment":[{"href":"https:\/\/newsroom.ferrovial.com\/es\/wp-json\/wp\/v2\/media?parent=311"}],"wp:term":[{"taxonomy":"nivel-2","embeddable":true,"href":"https:\/\/newsroom.ferrovial.com\/es\/wp-json\/wp\/v2\/nivel-2?post=311"},{"taxonomy":"nivel-5","embeddable":true,"href":"https:\/\/newsroom.ferrovial.com\/es\/wp-json\/wp\/v2\/nivel-5?post=311"},{"taxonomy":"nivel-1","embeddable":true,"href":"https:\/\/newsroom.ferrovial.com\/es\/wp-json\/wp\/v2\/nivel-1?post=311"},{"taxonomy":"nivel-3","embeddable":true,"href":"https:\/\/newsroom.ferrovial.com\/es\/wp-json\/wp\/v2\/nivel-3?post=311"},{"taxonomy":"nivel-4","embeddable":true,"href":"https:\/\/newsroom.ferrovial.com\/es\/wp-json\/wp\/v2\/nivel-4?post=311"}],"curies":[{"name":"wp","href":"https:\/\/api.w.org\/{rel}","templated":true}]}}