{"id":373,"date":"2001-06-23T00:00:00","date_gmt":"2001-06-23T00:00:00","guid":{"rendered":"https:\/\/newsroom.ferrovial.com\/press_releases\/cintra-acudio-a-bilbao-al-ii-congreso-sobre-its-en-europa\/"},"modified":"2022-12-21T12:29:38","modified_gmt":"2022-12-21T11:29:38","slug":"cintra-acudio-a-bilbao-al-ii-congreso-sobre-its-en-europa","status":"publish","type":"press_release","link":"https:\/\/newsroom.ferrovial.com\/es\/notas-prensa\/cintra-acudio-a-bilbao-al-ii-congreso-sobre-its-en-europa\/","title":{"rendered":"Cintra acudi\u00f3 a Bilbao al II Congreso sobre ITS en Europa"},"content":{"rendered":"    <section class=\"wysiwyg text-editor \" id=\"\">\n        <div class=\"container container--narrow container--p-10\">\n            <p><strong>Ferrovial<\/strong>, a trav\u00e9s de su filial Cintra, acudi\u00f3 a la segunda edici\u00f3n del Congreso sobre ITS en Europa que, bajo el lema \u00abLa ciudad en la punta de los dedos\u00bb analiz\u00f3 entre los d\u00edas 20 y 23 de junio en Bilbao las pol\u00edticas y el desarrollo de las nuevas tecnolog\u00edas llamadas ITS (Sistemas Inteligentes de Transporte) que ofrecen la oportunidad de poner en marcha nuevas formas de gesti\u00f3n del tr\u00e1fico en las ciudades.<\/p>\n<p>En un intento por contribuir a esta \u00abreinvenci\u00f3n de la movilidad\u00bb en las ciudades, Cintra acudi\u00f3 al II Congreso sobre ITS en calidad de patrocinador, con un stand (n\u00ba 22), y con una notable aportaci\u00f3n: una ponencia sobre las principales caracter\u00edsticas de la operaci\u00f3n de los sistemas de peaje electr\u00f3nico (RTC) implantados en la Autopista 407 ETR de Toronto, una autopista de peaje circular, gestionada por Ferrovial desde 1999, que rodea el \u00e1rea metropolitana m\u00e1s importante de Canad\u00e1.<\/p>\n<p><strong>Primera experiencia mundial de un sistema de peaje completamente electr\u00f3nico<\/strong><\/p>\n<p>Esta autopista de peaje constituye la primera experiencia mundial de un sistema de peaje completamente electr\u00f3nico, basado en un esquema \u00abfree flow\u00bb que permite que los veh\u00edculos no tengan que parar en las zonas de peaje o reducir la velocidad para efectuar el pago del peaje. La 407 ETR dispone de un peaje totalmente electr\u00f3nico y de libre acceso, a trav\u00e9s de un sistema de identificaci\u00f3n de veh\u00edculos combinado, mediante \u00abtransponders\u00bb (lecturas a trav\u00e9s de una tarjeta electr\u00f3nica situada en el veh\u00edculo) y video (lectura de la fotograf\u00eda digital de la matr\u00edcula) y posterior cargo a la cuenta o domicilio del titular del veh\u00edculo.<\/p>\n<p>En su ponencia, Rafael Fando, Director de Sistemas de Informaci\u00f3n de Cintra, destac\u00f3 las mejoras en los sistemas de informaci\u00f3n implantados en la autopista para mejorar y poner al d\u00eda las condiciones de explotaci\u00f3n y el servicio a los usuarios y di\u00f3 a conocer los principales logros del \u00abProyecto Rascal\u00bb, que incluye la implantaci\u00f3n de un nuevo sistema de gesti\u00f3n completamente informatizado, que da soporte tanto a las aplicaciones de facturaci\u00f3n de peajes como a las de informaci\u00f3n al usuario de la autopista. Este proyecto, en concreto, se basa en al aplicaci\u00f3n de tecnolog\u00edas internet e incluyen los \u00faltimos avances en sistemas de comunicaciones, con el fin de superar y eliminar los inconvenientes de los \u00abcall center\u00bb convencionales.<\/p>\n        <\/div>\n    <\/section>\n","protected":false},"excerpt":{"rendered":"","protected":false},"featured_media":0,"menu_order":0,"comment_status":"closed","ping_status":"closed","template":"","nivel-2":[972,1846,2200,2222,1018,2241],"nivel-5":[1729],"nivel-1":[894],"nivel-3":[1258],"nivel-4":[1819],"class_list":["post-373","press_release","type-press_release","status-publish","hentry","nivel-2-eventos","nivel-2-gestion","nivel-2-innovacion","nivel-2-movilidad","nivel-2-peajes","nivel-2-sistemas-de-transporte","nivel-5-cintra","nivel-1-autopistas","nivel-3-espana","nivel-4-pais-vasco"],"acf":[],"yoast_head":"<title>Cintra acudi\u00f3 a Bilbao al II Congreso sobre ITS en Europa Sala de prensa Ferrovial | \u00daltimas noticias<\/title>\n<meta name=\"description\" content=\"Sala de prensa Ferrovial | \u00daltimas noticias\" \/>\n<meta name=\"robots\" content=\"index, follow, max-snippet:-1, max-image-preview:large, max-video-preview:-1\" \/>\n<link rel=\"canonical\" href=\"https:\/\/newsroom.ferrovial.com\/es\/notas-prensa\/cintra-acudio-a-bilbao-al-ii-congreso-sobre-its-en-europa\/\" \/>\n<meta property=\"og:locale\" content=\"es_ES\" \/>\n<meta property=\"og:type\" content=\"article\" \/>\n<meta property=\"og:title\" content=\"Cintra acudi\u00f3 a Bilbao al II Congreso sobre ITS en Europa Sala de prensa Ferrovial | \u00daltimas noticias\" \/>\n<meta property=\"og:description\" content=\"Sala de prensa Ferrovial | \u00daltimas noticias\" \/>\n<meta property=\"og:url\" content=\"https:\/\/newsroom.ferrovial.com\/es\/notas-prensa\/cintra-acudio-a-bilbao-al-ii-congreso-sobre-its-en-europa\/\" \/>\n<meta property=\"og:site_name\" content=\"Sala de prensa Ferrovial | \u00daltimas noticias\" \/>\n<meta property=\"article:publisher\" content=\"https:\/\/www.facebook.com\/ferrovial\" \/>\n<meta property=\"article:modified_time\" content=\"2022-12-21T11:29:38+00:00\" \/>\n<meta name=\"twitter:card\" content=\"summary_large_image\" \/>\n<meta name=\"twitter:site\" content=\"@ferrovial\" \/>\n<script type=\"application\/ld+json\" class=\"yoast-schema-graph\">{\"@context\":\"https:\/\/schema.org\",\"@graph\":[{\"@type\":\"WebPage\",\"@id\":\"https:\/\/newsroom.ferrovial.com\/es\/notas-prensa\/cintra-acudio-a-bilbao-al-ii-congreso-sobre-its-en-europa\/\",\"url\":\"https:\/\/newsroom.ferrovial.com\/es\/notas-prensa\/cintra-acudio-a-bilbao-al-ii-congreso-sobre-its-en-europa\/\",\"name\":\"Cintra acudi\u00f3 a Bilbao al II Congreso sobre ITS en Europa Sala de prensa Ferrovial | \u00daltimas noticias\",\"isPartOf\":{\"@id\":\"https:\/\/newsroom.ferrovial.com\/es\/#website\"},\"datePublished\":\"2001-06-23T00:00:00+00:00\",\"dateModified\":\"2022-12-21T11:29:38+00:00\",\"description\":\"Sala de prensa Ferrovial | \u00daltimas noticias\",\"breadcrumb\":{\"@id\":\"https:\/\/newsroom.ferrovial.com\/es\/notas-prensa\/cintra-acudio-a-bilbao-al-ii-congreso-sobre-its-en-europa\/#breadcrumb\"},\"inLanguage\":\"es\",\"potentialAction\":[{\"@type\":\"ReadAction\",\"target\":[\"https:\/\/newsroom.ferrovial.com\/es\/notas-prensa\/cintra-acudio-a-bilbao-al-ii-congreso-sobre-its-en-europa\/\"]}]},{\"@type\":\"BreadcrumbList\",\"@id\":\"https:\/\/newsroom.ferrovial.com\/es\/notas-prensa\/cintra-acudio-a-bilbao-al-ii-congreso-sobre-its-en-europa\/#breadcrumb\",\"itemListElement\":[{\"@type\":\"ListItem\",\"position\":1,\"name\":\"Portada\",\"item\":\"https:\/\/newsroom.ferrovial.com\/es\/\"},{\"@type\":\"ListItem\",\"position\":2,\"name\":\"Notas de Prensa\",\"item\":\"https:\/\/newsroom.ferrovial.com\/es\/notas-prensa\/\"},{\"@type\":\"ListItem\",\"position\":3,\"name\":\"Cintra acudi\u00f3 a Bilbao al II Congreso sobre ITS en Europa\"}]},{\"@type\":\"WebSite\",\"@id\":\"https:\/\/newsroom.ferrovial.com\/es\/#website\",\"url\":\"https:\/\/newsroom.ferrovial.com\/es\/\",\"name\":\"Sala de prensa Ferrovial | \u00daltimas noticias\",\"description\":\"Sala de prensa Ferrovial | \u00daltimas noticias\",\"publisher\":{\"@id\":\"https:\/\/newsroom.ferrovial.com\/es\/#organization\"},\"potentialAction\":[{\"@type\":\"SearchAction\",\"target\":{\"@type\":\"EntryPoint\",\"urlTemplate\":\"https:\/\/newsroom.ferrovial.com\/es\/?s={search_term_string}\"},\"query-input\":{\"@type\":\"PropertyValueSpecification\",\"valueRequired\":true,\"valueName\":\"search_term_string\"}}],\"inLanguage\":\"es\"},{\"@type\":\"Organization\",\"@id\":\"https:\/\/newsroom.ferrovial.com\/es\/#organization\",\"name\":\"Ferrovial S.A.\",\"url\":\"https:\/\/newsroom.ferrovial.com\/es\/\",\"logo\":{\"@type\":\"ImageObject\",\"inLanguage\":\"es\",\"@id\":\"https:\/\/newsroom.ferrovial.com\/es\/#\/schema\/logo\/image\/\",\"url\":\"https:\/\/static.newsroom.ferrovial.com\/wp-content\/uploads\/2018\/07\/15145720\/Ferrovial_Logotipo1.jpg\",\"contentUrl\":\"https:\/\/static.newsroom.ferrovial.com\/wp-content\/uploads\/2018\/07\/15145720\/Ferrovial_Logotipo1.jpg\",\"width\":600,\"height\":300,\"caption\":\"Ferrovial S.A.\"},\"image\":{\"@id\":\"https:\/\/newsroom.ferrovial.com\/es\/#\/schema\/logo\/image\/\"},\"sameAs\":[\"https:\/\/www.facebook.com\/ferrovial\",\"https:\/\/x.com\/ferrovial\",\"https:\/\/www.instagram.com\/ferrovial\/\",\"https:\/\/www.linkedin.com\/company\/ferrovial\",\"https:\/\/www.pinterest.es\/ferrovial\/\",\"https:\/\/www.youtube.com\/ferrovial\",\"https:\/\/en.wikipedia.org\/wiki\/Ferrovial\"]}]}<\/script>","yoast_head_json":{"title":"Cintra acudi\u00f3 a Bilbao al II Congreso sobre ITS en Europa Sala de prensa Ferrovial | \u00daltimas noticias","description":"Sala de prensa Ferrovial | \u00daltimas noticias","robots":{"index":"index","follow":"follow","max-snippet":"max-snippet:-1","max-image-preview":"max-image-preview:large","max-video-preview":"max-video-preview:-1"},"canonical":"https:\/\/newsroom.ferrovial.com\/es\/notas-prensa\/cintra-acudio-a-bilbao-al-ii-congreso-sobre-its-en-europa\/","og_locale":"es_ES","og_type":"article","og_title":"Cintra acudi\u00f3 a Bilbao al II Congreso sobre ITS en Europa Sala de prensa Ferrovial | \u00daltimas noticias","og_description":"Sala de prensa Ferrovial | \u00daltimas noticias","og_url":"https:\/\/newsroom.ferrovial.com\/es\/notas-prensa\/cintra-acudio-a-bilbao-al-ii-congreso-sobre-its-en-europa\/","og_site_name":"Sala de prensa Ferrovial | \u00daltimas noticias","article_publisher":"https:\/\/www.facebook.com\/ferrovial","article_modified_time":"2022-12-21T11:29:38+00:00","twitter_card":"summary_large_image","twitter_site":"@ferrovial","schema":{"@context":"https:\/\/schema.org","@graph":[{"@type":"WebPage","@id":"https:\/\/newsroom.ferrovial.com\/es\/notas-prensa\/cintra-acudio-a-bilbao-al-ii-congreso-sobre-its-en-europa\/","url":"https:\/\/newsroom.ferrovial.com\/es\/notas-prensa\/cintra-acudio-a-bilbao-al-ii-congreso-sobre-its-en-europa\/","name":"Cintra acudi\u00f3 a Bilbao al II Congreso sobre ITS en Europa Sala de prensa Ferrovial | \u00daltimas noticias","isPartOf":{"@id":"https:\/\/newsroom.ferrovial.com\/es\/#website"},"datePublished":"2001-06-23T00:00:00+00:00","dateModified":"2022-12-21T11:29:38+00:00","description":"Sala de prensa Ferrovial | \u00daltimas noticias","breadcrumb":{"@id":"https:\/\/newsroom.ferrovial.com\/es\/notas-prensa\/cintra-acudio-a-bilbao-al-ii-congreso-sobre-its-en-europa\/#breadcrumb"},"inLanguage":"es","potentialAction":[{"@type":"ReadAction","target":["https:\/\/newsroom.ferrovial.com\/es\/notas-prensa\/cintra-acudio-a-bilbao-al-ii-congreso-sobre-its-en-europa\/"]}]},{"@type":"BreadcrumbList","@id":"https:\/\/newsroom.ferrovial.com\/es\/notas-prensa\/cintra-acudio-a-bilbao-al-ii-congreso-sobre-its-en-europa\/#breadcrumb","itemListElement":[{"@type":"ListItem","position":1,"name":"Portada","item":"https:\/\/newsroom.ferrovial.com\/es\/"},{"@type":"ListItem","position":2,"name":"Notas de Prensa","item":"https:\/\/newsroom.ferrovial.com\/es\/notas-prensa\/"},{"@type":"ListItem","position":3,"name":"Cintra acudi\u00f3 a Bilbao al II Congreso sobre ITS en Europa"}]},{"@type":"WebSite","@id":"https:\/\/newsroom.ferrovial.com\/es\/#website","url":"https:\/\/newsroom.ferrovial.com\/es\/","name":"Sala de prensa Ferrovial | \u00daltimas noticias","description":"Sala de prensa Ferrovial | \u00daltimas noticias","publisher":{"@id":"https:\/\/newsroom.ferrovial.com\/es\/#organization"},"potentialAction":[{"@type":"SearchAction","target":{"@type":"EntryPoint","urlTemplate":"https:\/\/newsroom.ferrovial.com\/es\/?s={search_term_string}"},"query-input":{"@type":"PropertyValueSpecification","valueRequired":true,"valueName":"search_term_string"}}],"inLanguage":"es"},{"@type":"Organization","@id":"https:\/\/newsroom.ferrovial.com\/es\/#organization","name":"Ferrovial S.A.","url":"https:\/\/newsroom.ferrovial.com\/es\/","logo":{"@type":"ImageObject","inLanguage":"es","@id":"https:\/\/newsroom.ferrovial.com\/es\/#\/schema\/logo\/image\/","url":"https:\/\/static.newsroom.ferrovial.com\/wp-content\/uploads\/2018\/07\/15145720\/Ferrovial_Logotipo1.jpg","contentUrl":"https:\/\/static.newsroom.ferrovial.com\/wp-content\/uploads\/2018\/07\/15145720\/Ferrovial_Logotipo1.jpg","width":600,"height":300,"caption":"Ferrovial S.A."},"image":{"@id":"https:\/\/newsroom.ferrovial.com\/es\/#\/schema\/logo\/image\/"},"sameAs":["https:\/\/www.facebook.com\/ferrovial","https:\/\/x.com\/ferrovial","https:\/\/www.instagram.com\/ferrovial\/","https:\/\/www.linkedin.com\/company\/ferrovial","https:\/\/www.pinterest.es\/ferrovial\/","https:\/\/www.youtube.com\/ferrovial","https:\/\/en.wikipedia.org\/wiki\/Ferrovial"]}]}},"_links":{"self":[{"href":"https:\/\/newsroom.ferrovial.com\/es\/wp-json\/wp\/v2\/press_release\/373","targetHints":{"allow":["GET"]}}],"collection":[{"href":"https:\/\/newsroom.ferrovial.com\/es\/wp-json\/wp\/v2\/press_release"}],"about":[{"href":"https:\/\/newsroom.ferrovial.com\/es\/wp-json\/wp\/v2\/types\/press_release"}],"replies":[{"embeddable":true,"href":"https:\/\/newsroom.ferrovial.com\/es\/wp-json\/wp\/v2\/comments?post=373"}],"version-history":[{"count":1,"href":"https:\/\/newsroom.ferrovial.com\/es\/wp-json\/wp\/v2\/press_release\/373\/revisions"}],"predecessor-version":[{"id":110361,"href":"https:\/\/newsroom.ferrovial.com\/es\/wp-json\/wp\/v2\/press_release\/373\/revisions\/110361"}],"wp:attachment":[{"href":"https:\/\/newsroom.ferrovial.com\/es\/wp-json\/wp\/v2\/media?parent=373"}],"wp:term":[{"taxonomy":"nivel-2","embeddable":true,"href":"https:\/\/newsroom.ferrovial.com\/es\/wp-json\/wp\/v2\/nivel-2?post=373"},{"taxonomy":"nivel-5","embeddable":true,"href":"https:\/\/newsroom.ferrovial.com\/es\/wp-json\/wp\/v2\/nivel-5?post=373"},{"taxonomy":"nivel-1","embeddable":true,"href":"https:\/\/newsroom.ferrovial.com\/es\/wp-json\/wp\/v2\/nivel-1?post=373"},{"taxonomy":"nivel-3","embeddable":true,"href":"https:\/\/newsroom.ferrovial.com\/es\/wp-json\/wp\/v2\/nivel-3?post=373"},{"taxonomy":"nivel-4","embeddable":true,"href":"https:\/\/newsroom.ferrovial.com\/es\/wp-json\/wp\/v2\/nivel-4?post=373"}],"curies":[{"name":"wp","href":"https:\/\/api.w.org\/{rel}","templated":true}]}}