{"id":389,"date":"2013-06-12T00:00:00","date_gmt":"2013-06-12T00:00:00","guid":{"rendered":"https:\/\/newsroom.ferrovial.com\/press_releases\/principe-de-asturias-inaugura-exposicion-60-miradas-a-ferrovial\/"},"modified":"2022-12-21T12:12:18","modified_gmt":"2022-12-21T11:12:18","slug":"principe-de-asturias-inaugura-exposicion-60-miradas-a-ferrovial","status":"publish","type":"press_release","link":"https:\/\/newsroom.ferrovial.com\/es\/notas-prensa\/principe-de-asturias-inaugura-exposicion-60-miradas-a-ferrovial\/","title":{"rendered":"El Pr\u00edncipe de Asturias inaugura la exposici\u00f3n 60 miradas a Ferrovial con motivo del aniversario de la compa\u00f1\u00eda"},"content":{"rendered":"    <section class=\"wysiwyg text-editor \" id=\"\">\n        <div class=\"container container--narrow container--p-10\">\n            <p>Su Alteza Real el Pr\u00edncipe de Asturias inaugur\u00f3 hoy la exposici\u00f3n <em><a title=\"60 miradas a Ferrovial por Jos\u00e9 Manuel Ballester\" href=\"https:\/\/www.ferrovial.com\/es\/Nuestra-compania\/f60aniversario\/exposicion60miradas\" target=\"_blank\">60 miradas a Ferrovial por Jos\u00e9 Manuel Ballester<\/a>\u00a0<\/em>que puede verse en CaixaForum Madrid. Rafael del Pino, presidente de <strong>Ferrovial<\/strong>, y Rafael Catal\u00e1, secretario de Estado de <strong><a title=\"Infraestructuras\" href=\"https:\/\/www.ferrovial.com\/es-es\/negocio\/\" target=\"_blank\">Infraestructuras<\/a><\/strong>, Transporte y Vivienda tambi\u00e9n asistieron al acto.<\/p>\n<p>La transformaci\u00f3n vivida por Ferrovial en seis d\u00e9cadas es consecuencia de valores presentes desde su fundaci\u00f3n: la b\u00fasqueda del talento de los mejores profesionales, la innovaci\u00f3n, la pasi\u00f3n por la eficiencia y las cosas bien hechas y la vocaci\u00f3n internacional\u0094, ha destacado el presidente de la compa\u00f1\u00eda, Rafael del Pino.<\/p>\n<p>Para conmemorar su <a title=\"60 aniversario\" href=\"https:\/\/www.ferrovial.com\/es\/Nuestra-compania\/f60aniversario\" target=\"_blank\">60 aniversario<\/a>, Ferrovial invit\u00f3 al fot\u00f3grafo <a title=\"Jos\u00e9 Manuel Ballester (en ventana nueva)\" href=\"http:\/\/www.josemanuelballester.com\/\" target=\"_blank\">Jos\u00e9 Manuel Ballester<\/a>, Premio Nacional de Fotograf\u00eda 2010, a elaborar un retrato de la compa\u00f1\u00eda a trav\u00e9s de sus principales actividades y obras en todo el mundo. Ballester empez\u00f3 su recorrido en febrero de 2012, visitando el Hip\u00f3dromo de la Zarzuela en Madrid. Durante un a\u00f1o recorri\u00f3 31.416 kil\u00f3metros para visitar 35 destinos en una decena de pa\u00edses y aportar su particular visi\u00f3n de las estructuras, los edificios, los espacios y los servicios desarrollados por Ferrovial.<\/p>\n<p>Las grandes im\u00e1genes que forman parte de la exposici\u00f3n<strong> muestran la complejidad de los proyectos, as\u00ed como la versatilidad y amplitud de la labor de la compa\u00f1\u00eda<\/strong>, que cubre el ciclo completo de vida de una infraestructura, desde su planificaci\u00f3n y construcci\u00f3n hasta su mantenimiento. \u0093El resultado es una colecci\u00f3n de im\u00e1genes que ponen en evidencia la magnitud de la labor de todos los que trabajan y han trabajado en Ferrovial durante sus primeros sesenta a\u00f1os de vida, y que se muestran, gracias a la generosidad de La Caixa, en un edificio tambi\u00e9n realizado por Ferrovial\u0094, subray\u00f3 Del Pino.<\/p>\n<p>60 miradas a Ferrovial, comisariada por Rafael Doctor, es una colecci\u00f3n \u00fanica de fotograf\u00edas que se expondr\u00e1 hasta el 30 de julio en CaixaForum Madrid. En ella se muestran algunos de los proyectos m\u00e1s significativos de la compa\u00f1\u00eda, como por ejemplo las autopistas en Dallas, Chicago o Chile; aeropuertos en Madrid, Londres o Gdansk; plantas de reciclaje, puertos y depuradoras, adem\u00e1s de espacios culturales, como el Museo Guggenheim Bilbao y el mismo edificio de CaixaForum Madrid, as\u00ed como la prestaci\u00f3n de servicios urbanos y medioambientales.<\/p>\n<p>Accede a:\u00a0<strong><a title=\"Dossier de prensa 60 miradas a Ferrovial (en ventana nueva)\" href=\"http:\/\/es.slideshare.net\/Ferrovial\/60-miradas-a-ferrovial-exposicin-de-jos-manuel-ballester-en-caixaforum\" target=\"_blank\">Dossier de prensa 60 miradas a Ferrovial<\/a>\u00a0<\/strong><\/p>\n<p>&nbsp;<\/p>\n        <\/div>\n    <\/section>\n","protected":false},"excerpt":{"rendered":"","protected":false},"featured_media":390,"menu_order":0,"comment_status":"closed","ping_status":"closed","template":"","nivel-2":[1912,2231,2209,972,987],"nivel-5":[],"nivel-1":[],"nivel-3":[1258],"nivel-4":[1809],"class_list":["post-389","press_release","type-press_release","status-publish","has-post-thumbnail","hentry","nivel-2-corporativo","nivel-2-cultura-empresarial","nivel-2-edificacion","nivel-2-eventos","nivel-2-infraestructuras","nivel-3-espana","nivel-4-madrid"],"acf":[],"yoast_head":"<title>El Pr\u00edncipe de Asturias inaugura la exposici\u00f3n 60 miradas a Ferrovial con motivo del aniversario de la compa\u00f1\u00eda Sala de prensa Ferrovial | \u00daltimas noticias<\/title>\n<meta name=\"description\" content=\"Sala de prensa Ferrovial | \u00daltimas noticias\" \/>\n<meta name=\"robots\" content=\"index, follow, max-snippet:-1, max-image-preview:large, max-video-preview:-1\" \/>\n<link rel=\"canonical\" href=\"https:\/\/newsroom.ferrovial.com\/es\/notas-prensa\/principe-de-asturias-inaugura-exposicion-60-miradas-a-ferrovial\/\" \/>\n<meta property=\"og:locale\" content=\"es_ES\" \/>\n<meta property=\"og:type\" content=\"article\" \/>\n<meta property=\"og:title\" content=\"El Pr\u00edncipe de Asturias inaugura la exposici\u00f3n 60 miradas a Ferrovial con motivo del aniversario de la compa\u00f1\u00eda Sala de prensa Ferrovial | \u00daltimas noticias\" \/>\n<meta property=\"og:description\" content=\"Sala de prensa Ferrovial | \u00daltimas noticias\" \/>\n<meta property=\"og:url\" content=\"https:\/\/newsroom.ferrovial.com\/es\/notas-prensa\/principe-de-asturias-inaugura-exposicion-60-miradas-a-ferrovial\/\" \/>\n<meta property=\"og:site_name\" content=\"Sala de prensa Ferrovial | \u00daltimas noticias\" \/>\n<meta property=\"article:publisher\" content=\"https:\/\/www.facebook.com\/ferrovial\" \/>\n<meta property=\"article:modified_time\" content=\"2022-12-21T11:12:18+00:00\" \/>\n<meta property=\"og:image\" content=\"https:\/\/newsroom.ferrovial.com\/wp-content\/uploads\/sites\/4\/2018\/07\/Ferrovial-inauguracion-exposicion-60miradas.jpg\" \/>\n\t<meta property=\"og:image:width\" content=\"695\" \/>\n\t<meta property=\"og:image:height\" content=\"470\" \/>\n\t<meta property=\"og:image:type\" content=\"image\/jpeg\" \/>\n<meta name=\"twitter:card\" content=\"summary_large_image\" \/>\n<meta name=\"twitter:site\" content=\"@ferrovial\" \/>\n<script type=\"application\/ld+json\" class=\"yoast-schema-graph\">{\"@context\":\"https:\/\/schema.org\",\"@graph\":[{\"@type\":\"WebPage\",\"@id\":\"https:\/\/newsroom.ferrovial.com\/es\/notas-prensa\/principe-de-asturias-inaugura-exposicion-60-miradas-a-ferrovial\/\",\"url\":\"https:\/\/newsroom.ferrovial.com\/es\/notas-prensa\/principe-de-asturias-inaugura-exposicion-60-miradas-a-ferrovial\/\",\"name\":\"El Pr\u00edncipe de Asturias inaugura la exposici\u00f3n 60 miradas a Ferrovial con motivo del aniversario de la compa\u00f1\u00eda Sala de prensa Ferrovial | \u00daltimas noticias\",\"isPartOf\":{\"@id\":\"https:\/\/newsroom.ferrovial.com\/es\/#website\"},\"primaryImageOfPage\":{\"@id\":\"https:\/\/newsroom.ferrovial.com\/es\/notas-prensa\/principe-de-asturias-inaugura-exposicion-60-miradas-a-ferrovial\/#primaryimage\"},\"image\":{\"@id\":\"https:\/\/newsroom.ferrovial.com\/es\/notas-prensa\/principe-de-asturias-inaugura-exposicion-60-miradas-a-ferrovial\/#primaryimage\"},\"thumbnailUrl\":\"https:\/\/static.newsroom.ferrovial.com\/wp-content\/uploads\/2018\/07\/15154246\/Ferrovial-inauguracion-exposicion-60miradas.jpg\",\"datePublished\":\"2013-06-12T00:00:00+00:00\",\"dateModified\":\"2022-12-21T11:12:18+00:00\",\"description\":\"Sala de prensa Ferrovial | \u00daltimas noticias\",\"breadcrumb\":{\"@id\":\"https:\/\/newsroom.ferrovial.com\/es\/notas-prensa\/principe-de-asturias-inaugura-exposicion-60-miradas-a-ferrovial\/#breadcrumb\"},\"inLanguage\":\"es\",\"potentialAction\":[{\"@type\":\"ReadAction\",\"target\":[\"https:\/\/newsroom.ferrovial.com\/es\/notas-prensa\/principe-de-asturias-inaugura-exposicion-60-miradas-a-ferrovial\/\"]}]},{\"@type\":\"ImageObject\",\"inLanguage\":\"es\",\"@id\":\"https:\/\/newsroom.ferrovial.com\/es\/notas-prensa\/principe-de-asturias-inaugura-exposicion-60-miradas-a-ferrovial\/#primaryimage\",\"url\":\"https:\/\/static.newsroom.ferrovial.com\/wp-content\/uploads\/2018\/07\/15154246\/Ferrovial-inauguracion-exposicion-60miradas.jpg\",\"contentUrl\":\"https:\/\/static.newsroom.ferrovial.com\/wp-content\/uploads\/2018\/07\/15154246\/Ferrovial-inauguracion-exposicion-60miradas.jpg\",\"width\":695,\"height\":470,\"caption\":\"60 miradas a Ferrovial\"},{\"@type\":\"BreadcrumbList\",\"@id\":\"https:\/\/newsroom.ferrovial.com\/es\/notas-prensa\/principe-de-asturias-inaugura-exposicion-60-miradas-a-ferrovial\/#breadcrumb\",\"itemListElement\":[{\"@type\":\"ListItem\",\"position\":1,\"name\":\"Portada\",\"item\":\"https:\/\/newsroom.ferrovial.com\/es\/\"},{\"@type\":\"ListItem\",\"position\":2,\"name\":\"Notas de Prensa\",\"item\":\"https:\/\/newsroom.ferrovial.com\/es\/notas-prensa\/\"},{\"@type\":\"ListItem\",\"position\":3,\"name\":\"El Pr\u00edncipe de Asturias inaugura la exposici\u00f3n 60 miradas a Ferrovial con motivo del aniversario de la compa\u00f1\u00eda\"}]},{\"@type\":\"WebSite\",\"@id\":\"https:\/\/newsroom.ferrovial.com\/es\/#website\",\"url\":\"https:\/\/newsroom.ferrovial.com\/es\/\",\"name\":\"Sala de prensa Ferrovial | \u00daltimas noticias\",\"description\":\"Sala de prensa Ferrovial | \u00daltimas noticias\",\"publisher\":{\"@id\":\"https:\/\/newsroom.ferrovial.com\/es\/#organization\"},\"potentialAction\":[{\"@type\":\"SearchAction\",\"target\":{\"@type\":\"EntryPoint\",\"urlTemplate\":\"https:\/\/newsroom.ferrovial.com\/es\/?s={search_term_string}\"},\"query-input\":{\"@type\":\"PropertyValueSpecification\",\"valueRequired\":true,\"valueName\":\"search_term_string\"}}],\"inLanguage\":\"es\"},{\"@type\":\"Organization\",\"@id\":\"https:\/\/newsroom.ferrovial.com\/es\/#organization\",\"name\":\"Ferrovial S.A.\",\"url\":\"https:\/\/newsroom.ferrovial.com\/es\/\",\"logo\":{\"@type\":\"ImageObject\",\"inLanguage\":\"es\",\"@id\":\"https:\/\/newsroom.ferrovial.com\/es\/#\/schema\/logo\/image\/\",\"url\":\"https:\/\/static.newsroom.ferrovial.com\/wp-content\/uploads\/2018\/07\/15145720\/Ferrovial_Logotipo1.jpg\",\"contentUrl\":\"https:\/\/static.newsroom.ferrovial.com\/wp-content\/uploads\/2018\/07\/15145720\/Ferrovial_Logotipo1.jpg\",\"width\":600,\"height\":300,\"caption\":\"Ferrovial S.A.\"},\"image\":{\"@id\":\"https:\/\/newsroom.ferrovial.com\/es\/#\/schema\/logo\/image\/\"},\"sameAs\":[\"https:\/\/www.facebook.com\/ferrovial\",\"https:\/\/x.com\/ferrovial\",\"https:\/\/www.instagram.com\/ferrovial\/\",\"https:\/\/www.linkedin.com\/company\/ferrovial\",\"https:\/\/www.pinterest.es\/ferrovial\/\",\"https:\/\/www.youtube.com\/ferrovial\",\"https:\/\/en.wikipedia.org\/wiki\/Ferrovial\"]}]}<\/script>","yoast_head_json":{"title":"El Pr\u00edncipe de Asturias inaugura la exposici\u00f3n 60 miradas a Ferrovial con motivo del aniversario de la compa\u00f1\u00eda Sala de prensa Ferrovial | \u00daltimas noticias","description":"Sala de prensa Ferrovial | \u00daltimas noticias","robots":{"index":"index","follow":"follow","max-snippet":"max-snippet:-1","max-image-preview":"max-image-preview:large","max-video-preview":"max-video-preview:-1"},"canonical":"https:\/\/newsroom.ferrovial.com\/es\/notas-prensa\/principe-de-asturias-inaugura-exposicion-60-miradas-a-ferrovial\/","og_locale":"es_ES","og_type":"article","og_title":"El Pr\u00edncipe de Asturias inaugura la exposici\u00f3n 60 miradas a Ferrovial con motivo del aniversario de la compa\u00f1\u00eda Sala de prensa Ferrovial | \u00daltimas noticias","og_description":"Sala de prensa Ferrovial | \u00daltimas noticias","og_url":"https:\/\/newsroom.ferrovial.com\/es\/notas-prensa\/principe-de-asturias-inaugura-exposicion-60-miradas-a-ferrovial\/","og_site_name":"Sala de prensa Ferrovial | \u00daltimas noticias","article_publisher":"https:\/\/www.facebook.com\/ferrovial","article_modified_time":"2022-12-21T11:12:18+00:00","og_image":[{"width":695,"height":470,"url":"https:\/\/newsroom.ferrovial.com\/wp-content\/uploads\/sites\/4\/2018\/07\/Ferrovial-inauguracion-exposicion-60miradas.jpg","type":"image\/jpeg"}],"twitter_card":"summary_large_image","twitter_site":"@ferrovial","schema":{"@context":"https:\/\/schema.org","@graph":[{"@type":"WebPage","@id":"https:\/\/newsroom.ferrovial.com\/es\/notas-prensa\/principe-de-asturias-inaugura-exposicion-60-miradas-a-ferrovial\/","url":"https:\/\/newsroom.ferrovial.com\/es\/notas-prensa\/principe-de-asturias-inaugura-exposicion-60-miradas-a-ferrovial\/","name":"El Pr\u00edncipe de Asturias inaugura la exposici\u00f3n 60 miradas a Ferrovial con motivo del aniversario de la compa\u00f1\u00eda Sala de prensa Ferrovial | \u00daltimas noticias","isPartOf":{"@id":"https:\/\/newsroom.ferrovial.com\/es\/#website"},"primaryImageOfPage":{"@id":"https:\/\/newsroom.ferrovial.com\/es\/notas-prensa\/principe-de-asturias-inaugura-exposicion-60-miradas-a-ferrovial\/#primaryimage"},"image":{"@id":"https:\/\/newsroom.ferrovial.com\/es\/notas-prensa\/principe-de-asturias-inaugura-exposicion-60-miradas-a-ferrovial\/#primaryimage"},"thumbnailUrl":"https:\/\/static.newsroom.ferrovial.com\/wp-content\/uploads\/2018\/07\/15154246\/Ferrovial-inauguracion-exposicion-60miradas.jpg","datePublished":"2013-06-12T00:00:00+00:00","dateModified":"2022-12-21T11:12:18+00:00","description":"Sala de prensa Ferrovial | \u00daltimas noticias","breadcrumb":{"@id":"https:\/\/newsroom.ferrovial.com\/es\/notas-prensa\/principe-de-asturias-inaugura-exposicion-60-miradas-a-ferrovial\/#breadcrumb"},"inLanguage":"es","potentialAction":[{"@type":"ReadAction","target":["https:\/\/newsroom.ferrovial.com\/es\/notas-prensa\/principe-de-asturias-inaugura-exposicion-60-miradas-a-ferrovial\/"]}]},{"@type":"ImageObject","inLanguage":"es","@id":"https:\/\/newsroom.ferrovial.com\/es\/notas-prensa\/principe-de-asturias-inaugura-exposicion-60-miradas-a-ferrovial\/#primaryimage","url":"https:\/\/static.newsroom.ferrovial.com\/wp-content\/uploads\/2018\/07\/15154246\/Ferrovial-inauguracion-exposicion-60miradas.jpg","contentUrl":"https:\/\/static.newsroom.ferrovial.com\/wp-content\/uploads\/2018\/07\/15154246\/Ferrovial-inauguracion-exposicion-60miradas.jpg","width":695,"height":470,"caption":"60 miradas a Ferrovial"},{"@type":"BreadcrumbList","@id":"https:\/\/newsroom.ferrovial.com\/es\/notas-prensa\/principe-de-asturias-inaugura-exposicion-60-miradas-a-ferrovial\/#breadcrumb","itemListElement":[{"@type":"ListItem","position":1,"name":"Portada","item":"https:\/\/newsroom.ferrovial.com\/es\/"},{"@type":"ListItem","position":2,"name":"Notas de Prensa","item":"https:\/\/newsroom.ferrovial.com\/es\/notas-prensa\/"},{"@type":"ListItem","position":3,"name":"El Pr\u00edncipe de Asturias inaugura la exposici\u00f3n 60 miradas a Ferrovial con motivo del aniversario de la compa\u00f1\u00eda"}]},{"@type":"WebSite","@id":"https:\/\/newsroom.ferrovial.com\/es\/#website","url":"https:\/\/newsroom.ferrovial.com\/es\/","name":"Sala de prensa Ferrovial | \u00daltimas noticias","description":"Sala de prensa Ferrovial | \u00daltimas noticias","publisher":{"@id":"https:\/\/newsroom.ferrovial.com\/es\/#organization"},"potentialAction":[{"@type":"SearchAction","target":{"@type":"EntryPoint","urlTemplate":"https:\/\/newsroom.ferrovial.com\/es\/?s={search_term_string}"},"query-input":{"@type":"PropertyValueSpecification","valueRequired":true,"valueName":"search_term_string"}}],"inLanguage":"es"},{"@type":"Organization","@id":"https:\/\/newsroom.ferrovial.com\/es\/#organization","name":"Ferrovial S.A.","url":"https:\/\/newsroom.ferrovial.com\/es\/","logo":{"@type":"ImageObject","inLanguage":"es","@id":"https:\/\/newsroom.ferrovial.com\/es\/#\/schema\/logo\/image\/","url":"https:\/\/static.newsroom.ferrovial.com\/wp-content\/uploads\/2018\/07\/15145720\/Ferrovial_Logotipo1.jpg","contentUrl":"https:\/\/static.newsroom.ferrovial.com\/wp-content\/uploads\/2018\/07\/15145720\/Ferrovial_Logotipo1.jpg","width":600,"height":300,"caption":"Ferrovial S.A."},"image":{"@id":"https:\/\/newsroom.ferrovial.com\/es\/#\/schema\/logo\/image\/"},"sameAs":["https:\/\/www.facebook.com\/ferrovial","https:\/\/x.com\/ferrovial","https:\/\/www.instagram.com\/ferrovial\/","https:\/\/www.linkedin.com\/company\/ferrovial","https:\/\/www.pinterest.es\/ferrovial\/","https:\/\/www.youtube.com\/ferrovial","https:\/\/en.wikipedia.org\/wiki\/Ferrovial"]}]}},"_links":{"self":[{"href":"https:\/\/newsroom.ferrovial.com\/es\/wp-json\/wp\/v2\/press_release\/389","targetHints":{"allow":["GET"]}}],"collection":[{"href":"https:\/\/newsroom.ferrovial.com\/es\/wp-json\/wp\/v2\/press_release"}],"about":[{"href":"https:\/\/newsroom.ferrovial.com\/es\/wp-json\/wp\/v2\/types\/press_release"}],"replies":[{"embeddable":true,"href":"https:\/\/newsroom.ferrovial.com\/es\/wp-json\/wp\/v2\/comments?post=389"}],"version-history":[{"count":1,"href":"https:\/\/newsroom.ferrovial.com\/es\/wp-json\/wp\/v2\/press_release\/389\/revisions"}],"predecessor-version":[{"id":109914,"href":"https:\/\/newsroom.ferrovial.com\/es\/wp-json\/wp\/v2\/press_release\/389\/revisions\/109914"}],"wp:featuredmedia":[{"embeddable":true,"href":"https:\/\/newsroom.ferrovial.com\/es\/wp-json\/wp\/v2\/media\/390"}],"wp:attachment":[{"href":"https:\/\/newsroom.ferrovial.com\/es\/wp-json\/wp\/v2\/media?parent=389"}],"wp:term":[{"taxonomy":"nivel-2","embeddable":true,"href":"https:\/\/newsroom.ferrovial.com\/es\/wp-json\/wp\/v2\/nivel-2?post=389"},{"taxonomy":"nivel-5","embeddable":true,"href":"https:\/\/newsroom.ferrovial.com\/es\/wp-json\/wp\/v2\/nivel-5?post=389"},{"taxonomy":"nivel-1","embeddable":true,"href":"https:\/\/newsroom.ferrovial.com\/es\/wp-json\/wp\/v2\/nivel-1?post=389"},{"taxonomy":"nivel-3","embeddable":true,"href":"https:\/\/newsroom.ferrovial.com\/es\/wp-json\/wp\/v2\/nivel-3?post=389"},{"taxonomy":"nivel-4","embeddable":true,"href":"https:\/\/newsroom.ferrovial.com\/es\/wp-json\/wp\/v2\/nivel-4?post=389"}],"curies":[{"name":"wp","href":"https:\/\/api.w.org\/{rel}","templated":true}]}}