{"id":443,"date":"2005-05-30T00:00:00","date_gmt":"2005-05-30T00:00:00","guid":{"rendered":"https:\/\/newsroom.ferrovial.com\/press_releases\/ferrovial-primera-empresa-privada-que-se-adhiere-a-la-carta-verde-promovida-por-madrid-2012\/"},"modified":"2022-12-21T12:26:39","modified_gmt":"2022-12-21T11:26:39","slug":"ferrovial-primera-empresa-privada-que-se-adhiere-a-la-carta-verde-promovida-por-madrid-2012","status":"publish","type":"press_release","link":"https:\/\/newsroom.ferrovial.com\/es\/notas-prensa\/ferrovial-primera-empresa-privada-que-se-adhiere-a-la-carta-verde-promovida-por-madrid-2012\/","title":{"rendered":"Ferrovial, primera empresa privada que se adhiere a la Carta Verde promovida por Madrid 2012"},"content":{"rendered":"    <section class=\"wysiwyg text-editor \" id=\"\">\n        <div class=\"container container--narrow container--p-10\">\n            <p>Ferrovial se ha convertido en la primera empresa privada en firmar su adhesi\u00f3n a la Carta Verde promovida por Madrid 2012. La iniciativa recoge los objetivos ambientales a los que se compromete la oficina ol\u00edmpica madrile\u00f1a y todos aquellos colectivos sociales, industriales y culturales si Madrid es elegida como sede para organizar los Juegos Ol\u00edmpicos de 2012.<\/p>\n<p>Los compromisos adquiridos con esta adhesi\u00f3n y las actuaciones a desarrollar por Ferrovial se concretan en:<\/p>\n<p>&#8211; La instalaci\u00f3n de paneles solares en las promociones residenciales desarrolladas por su su filial inmobiliaria.<\/p>\n<p>El programa de actuaci\u00f3n incluye la instalaci\u00f3n de 11.000 m2 de paneles solares hasta el a\u00f1o 2008 en todo el territorio nacional.<\/p>\n<p>&#8211; La incorporaci\u00f3n de veh\u00edculos industriales con energ\u00edas alternativas (biodi\u00e9sel, gas natural, GNL, propulsi\u00f3n y bimodales) en su divisi\u00f3n de servicios urbanos: limpieza viaria, jardiner\u00eda y recogida de residuos.<\/p>\n<p>El programa de actuaci\u00f3n contempla aumentar la flota de veh\u00edculos con energ\u00edas\u00a0\u00a0\u00a0 alternativas hasta el 4% del total en 2008, con especial dedicaci\u00f3n a los servicios prestados en el contexto de la candidatura de Madrid 2012. En la actualidad, el n\u00famero de veh\u00edculos en la flota asciende a 4.888.<\/p>\n<p>&#8211; Reducci\u00f3n del volumen de residuos (de construcci\u00f3n y demolici\u00f3n y sobrantes de excavaci\u00f3n) destinados a vertedero en las obras ejecutadas por su \u00e1rea constructora.<\/p>\n<p>El programa de actuaci\u00f3n incluye la reducci\u00f3n de 56 millones de metros c\u00fabicos en el volumen de residuos hasta el a\u00f1o 2012 en todo el territorio nacional.<\/p>\n<p><strong>Estrategia y actuaciones medioambientales de Ferrovial<\/strong><br \/>\nEn 1997, Ferrovial se convirti\u00f3 en el primer grupo constructor en el mundo en certificar un sistema de gesti\u00f3n medioambiental seg\u00fan la norma ISO 14001. En la actualidad, en las \u00e1reas con mayores implicaciones medioambientales -construcci\u00f3n y servicios- esta certificaci\u00f3n alcanza al 91% del negocio.<\/p>\n<p>Asimismo, por tercer a\u00f1o consecutivo, es el \u00fanico grupo constructor espa\u00f1ol seleccionado por Dow Jones Sustainability Indexes, uno de los principales referentes mundiales de compa\u00f1\u00edas comprometidas en su actuaci\u00f3n con los criterios de sostenibilidad.<\/p>\n<p>En 2000 y tambi\u00e9n de forma pionera, Ferrovial estableci\u00f3 un sistema de medici\u00f3n de su comportamiento medioambiental en las obras. Durante el a\u00f1o 2004, el valor del \u00edndice se ha reducido en 114 puntos hasta alcanzar los 94 que lo sit\u00faan en un nivel bueno. El \u00edndice est\u00e1 validado por la Universidad Rey Juan Carlos de Madrid y respaldado por la C\u00e1tedra de Medio Ambiente de la Unesco.<\/p>\n<p><strong>Compromisos medioambientales<\/strong><br \/>\nAdicionalmente, Ferrovial se ha fijado una serie de compromisos medioambientales, en l\u00ednea con la estrategia marcada por la compa\u00f1\u00eda en este \u00e1mbito, entre los que se encuentran:<\/p>\n<p>&#8211; Desarrollo de un \u00cdndice de Comportamiento Medioambiental (ICM) para la actividad de servicios, aprovechando la experiencia del ICM implantado en el \u00e1rea de construcci\u00f3n;<\/p>\n<p>&#8211; Avances en materia de eficiencia energ\u00e9tica y emisiones de Gas Efecto Invernadero (GEI) en la divisi\u00f3n inmobiliaria y el \u00e1rea de gesti\u00f3n de residuos. En esta \u00faltima se trabaja en la extensi\u00f3n de las instalaciones de captaci\u00f3n de biog\u00e1s y su posterior aprovechamiento. Adem\u00e1s, se profundizar\u00e1 tambi\u00e9n en el an\u00e1lisis sobre el posicionamiento del \u00e1rea de servicios respecto a las futuras medidas administrativas y legales que pudieran regular las emisiones difusasde GEI en el marco del protocolo de Kioto y, en particular, las que afectar\u00e1n a los centros de tratamiento de residuos.<\/p>\n<p>&#8211; Una nueva campa\u00f1a de gesti\u00f3n medioambiental en oficinas. Los aspectos abordados por esta iniciativa afectan al consumo energ\u00e9tico, el empleo de recursos como el agua o el papel y la correcta gesti\u00f3n de residuos urbanos.<\/p>\n        <\/div>\n    <\/section>\n","protected":false},"excerpt":{"rendered":"","protected":false},"featured_media":0,"menu_order":0,"comment_status":"closed","ping_status":"closed","template":"","nivel-2":[936,1065,2234,1013,1036,1045],"nivel-5":[1902],"nivel-1":[],"nivel-3":[1258],"nivel-4":[1809],"class_list":["post-443","press_release","type-press_release","status-publish","hentry","nivel-2-conservacion-del-medio-ambiente","nivel-2-energias-renovables","nivel-2-instalaciones","nivel-2-oficinas","nivel-2-responsabilidad-social-corporativa","nivel-2-sostenibilidad","nivel-5-ferrovial","nivel-3-espana","nivel-4-madrid"],"acf":[],"yoast_head":"<title>Ferrovial, primera empresa privada que se adhiere a la Carta Verde promovida por Madrid 2012 Sala de prensa Ferrovial | \u00daltimas noticias<\/title>\n<meta name=\"description\" content=\"Sala de prensa Ferrovial | \u00daltimas noticias\" \/>\n<meta name=\"robots\" content=\"index, follow, max-snippet:-1, max-image-preview:large, max-video-preview:-1\" \/>\n<link rel=\"canonical\" href=\"https:\/\/newsroom.ferrovial.com\/es\/notas-prensa\/ferrovial-primera-empresa-privada-que-se-adhiere-a-la-carta-verde-promovida-por-madrid-2012\/\" \/>\n<meta property=\"og:locale\" content=\"es_ES\" \/>\n<meta property=\"og:type\" content=\"article\" \/>\n<meta property=\"og:title\" content=\"Ferrovial, primera empresa privada que se adhiere a la Carta Verde promovida por Madrid 2012 Sala de prensa Ferrovial | \u00daltimas noticias\" \/>\n<meta property=\"og:description\" content=\"Sala de prensa Ferrovial | \u00daltimas noticias\" \/>\n<meta property=\"og:url\" content=\"https:\/\/newsroom.ferrovial.com\/es\/notas-prensa\/ferrovial-primera-empresa-privada-que-se-adhiere-a-la-carta-verde-promovida-por-madrid-2012\/\" \/>\n<meta property=\"og:site_name\" content=\"Sala de prensa Ferrovial | \u00daltimas noticias\" \/>\n<meta property=\"article:publisher\" content=\"https:\/\/www.facebook.com\/ferrovial\" \/>\n<meta property=\"article:modified_time\" content=\"2022-12-21T11:26:39+00:00\" \/>\n<meta name=\"twitter:card\" content=\"summary_large_image\" \/>\n<meta name=\"twitter:site\" content=\"@ferrovial\" \/>\n<script type=\"application\/ld+json\" class=\"yoast-schema-graph\">{\"@context\":\"https:\/\/schema.org\",\"@graph\":[{\"@type\":\"WebPage\",\"@id\":\"https:\/\/newsroom.ferrovial.com\/es\/notas-prensa\/ferrovial-primera-empresa-privada-que-se-adhiere-a-la-carta-verde-promovida-por-madrid-2012\/\",\"url\":\"https:\/\/newsroom.ferrovial.com\/es\/notas-prensa\/ferrovial-primera-empresa-privada-que-se-adhiere-a-la-carta-verde-promovida-por-madrid-2012\/\",\"name\":\"Ferrovial, primera empresa privada que se adhiere a la Carta Verde promovida por Madrid 2012 Sala de prensa Ferrovial | \u00daltimas noticias\",\"isPartOf\":{\"@id\":\"https:\/\/newsroom.ferrovial.com\/es\/#website\"},\"datePublished\":\"2005-05-30T00:00:00+00:00\",\"dateModified\":\"2022-12-21T11:26:39+00:00\",\"description\":\"Sala de prensa Ferrovial | \u00daltimas noticias\",\"breadcrumb\":{\"@id\":\"https:\/\/newsroom.ferrovial.com\/es\/notas-prensa\/ferrovial-primera-empresa-privada-que-se-adhiere-a-la-carta-verde-promovida-por-madrid-2012\/#breadcrumb\"},\"inLanguage\":\"es\",\"potentialAction\":[{\"@type\":\"ReadAction\",\"target\":[\"https:\/\/newsroom.ferrovial.com\/es\/notas-prensa\/ferrovial-primera-empresa-privada-que-se-adhiere-a-la-carta-verde-promovida-por-madrid-2012\/\"]}]},{\"@type\":\"BreadcrumbList\",\"@id\":\"https:\/\/newsroom.ferrovial.com\/es\/notas-prensa\/ferrovial-primera-empresa-privada-que-se-adhiere-a-la-carta-verde-promovida-por-madrid-2012\/#breadcrumb\",\"itemListElement\":[{\"@type\":\"ListItem\",\"position\":1,\"name\":\"Portada\",\"item\":\"https:\/\/newsroom.ferrovial.com\/es\/\"},{\"@type\":\"ListItem\",\"position\":2,\"name\":\"Notas de Prensa\",\"item\":\"https:\/\/newsroom.ferrovial.com\/es\/notas-prensa\/\"},{\"@type\":\"ListItem\",\"position\":3,\"name\":\"Ferrovial, primera empresa privada que se adhiere a la Carta Verde promovida por Madrid 2012\"}]},{\"@type\":\"WebSite\",\"@id\":\"https:\/\/newsroom.ferrovial.com\/es\/#website\",\"url\":\"https:\/\/newsroom.ferrovial.com\/es\/\",\"name\":\"Sala de prensa Ferrovial | \u00daltimas noticias\",\"description\":\"Sala de prensa Ferrovial | \u00daltimas noticias\",\"publisher\":{\"@id\":\"https:\/\/newsroom.ferrovial.com\/es\/#organization\"},\"potentialAction\":[{\"@type\":\"SearchAction\",\"target\":{\"@type\":\"EntryPoint\",\"urlTemplate\":\"https:\/\/newsroom.ferrovial.com\/es\/?s={search_term_string}\"},\"query-input\":{\"@type\":\"PropertyValueSpecification\",\"valueRequired\":true,\"valueName\":\"search_term_string\"}}],\"inLanguage\":\"es\"},{\"@type\":\"Organization\",\"@id\":\"https:\/\/newsroom.ferrovial.com\/es\/#organization\",\"name\":\"Ferrovial S.A.\",\"url\":\"https:\/\/newsroom.ferrovial.com\/es\/\",\"logo\":{\"@type\":\"ImageObject\",\"inLanguage\":\"es\",\"@id\":\"https:\/\/newsroom.ferrovial.com\/es\/#\/schema\/logo\/image\/\",\"url\":\"https:\/\/static.newsroom.ferrovial.com\/wp-content\/uploads\/2018\/07\/15145720\/Ferrovial_Logotipo1.jpg\",\"contentUrl\":\"https:\/\/static.newsroom.ferrovial.com\/wp-content\/uploads\/2018\/07\/15145720\/Ferrovial_Logotipo1.jpg\",\"width\":600,\"height\":300,\"caption\":\"Ferrovial S.A.\"},\"image\":{\"@id\":\"https:\/\/newsroom.ferrovial.com\/es\/#\/schema\/logo\/image\/\"},\"sameAs\":[\"https:\/\/www.facebook.com\/ferrovial\",\"https:\/\/x.com\/ferrovial\",\"https:\/\/www.instagram.com\/ferrovial\/\",\"https:\/\/www.linkedin.com\/company\/ferrovial\",\"https:\/\/www.pinterest.es\/ferrovial\/\",\"https:\/\/www.youtube.com\/ferrovial\",\"https:\/\/en.wikipedia.org\/wiki\/Ferrovial\"]}]}<\/script>","yoast_head_json":{"title":"Ferrovial, primera empresa privada que se adhiere a la Carta Verde promovida por Madrid 2012 Sala de prensa Ferrovial | \u00daltimas noticias","description":"Sala de prensa Ferrovial | \u00daltimas noticias","robots":{"index":"index","follow":"follow","max-snippet":"max-snippet:-1","max-image-preview":"max-image-preview:large","max-video-preview":"max-video-preview:-1"},"canonical":"https:\/\/newsroom.ferrovial.com\/es\/notas-prensa\/ferrovial-primera-empresa-privada-que-se-adhiere-a-la-carta-verde-promovida-por-madrid-2012\/","og_locale":"es_ES","og_type":"article","og_title":"Ferrovial, primera empresa privada que se adhiere a la Carta Verde promovida por Madrid 2012 Sala de prensa Ferrovial | \u00daltimas noticias","og_description":"Sala de prensa Ferrovial | \u00daltimas noticias","og_url":"https:\/\/newsroom.ferrovial.com\/es\/notas-prensa\/ferrovial-primera-empresa-privada-que-se-adhiere-a-la-carta-verde-promovida-por-madrid-2012\/","og_site_name":"Sala de prensa Ferrovial | \u00daltimas noticias","article_publisher":"https:\/\/www.facebook.com\/ferrovial","article_modified_time":"2022-12-21T11:26:39+00:00","twitter_card":"summary_large_image","twitter_site":"@ferrovial","schema":{"@context":"https:\/\/schema.org","@graph":[{"@type":"WebPage","@id":"https:\/\/newsroom.ferrovial.com\/es\/notas-prensa\/ferrovial-primera-empresa-privada-que-se-adhiere-a-la-carta-verde-promovida-por-madrid-2012\/","url":"https:\/\/newsroom.ferrovial.com\/es\/notas-prensa\/ferrovial-primera-empresa-privada-que-se-adhiere-a-la-carta-verde-promovida-por-madrid-2012\/","name":"Ferrovial, primera empresa privada que se adhiere a la Carta Verde promovida por Madrid 2012 Sala de prensa Ferrovial | \u00daltimas noticias","isPartOf":{"@id":"https:\/\/newsroom.ferrovial.com\/es\/#website"},"datePublished":"2005-05-30T00:00:00+00:00","dateModified":"2022-12-21T11:26:39+00:00","description":"Sala de prensa Ferrovial | \u00daltimas noticias","breadcrumb":{"@id":"https:\/\/newsroom.ferrovial.com\/es\/notas-prensa\/ferrovial-primera-empresa-privada-que-se-adhiere-a-la-carta-verde-promovida-por-madrid-2012\/#breadcrumb"},"inLanguage":"es","potentialAction":[{"@type":"ReadAction","target":["https:\/\/newsroom.ferrovial.com\/es\/notas-prensa\/ferrovial-primera-empresa-privada-que-se-adhiere-a-la-carta-verde-promovida-por-madrid-2012\/"]}]},{"@type":"BreadcrumbList","@id":"https:\/\/newsroom.ferrovial.com\/es\/notas-prensa\/ferrovial-primera-empresa-privada-que-se-adhiere-a-la-carta-verde-promovida-por-madrid-2012\/#breadcrumb","itemListElement":[{"@type":"ListItem","position":1,"name":"Portada","item":"https:\/\/newsroom.ferrovial.com\/es\/"},{"@type":"ListItem","position":2,"name":"Notas de Prensa","item":"https:\/\/newsroom.ferrovial.com\/es\/notas-prensa\/"},{"@type":"ListItem","position":3,"name":"Ferrovial, primera empresa privada que se adhiere a la Carta Verde promovida por Madrid 2012"}]},{"@type":"WebSite","@id":"https:\/\/newsroom.ferrovial.com\/es\/#website","url":"https:\/\/newsroom.ferrovial.com\/es\/","name":"Sala de prensa Ferrovial | \u00daltimas noticias","description":"Sala de prensa Ferrovial | \u00daltimas noticias","publisher":{"@id":"https:\/\/newsroom.ferrovial.com\/es\/#organization"},"potentialAction":[{"@type":"SearchAction","target":{"@type":"EntryPoint","urlTemplate":"https:\/\/newsroom.ferrovial.com\/es\/?s={search_term_string}"},"query-input":{"@type":"PropertyValueSpecification","valueRequired":true,"valueName":"search_term_string"}}],"inLanguage":"es"},{"@type":"Organization","@id":"https:\/\/newsroom.ferrovial.com\/es\/#organization","name":"Ferrovial S.A.","url":"https:\/\/newsroom.ferrovial.com\/es\/","logo":{"@type":"ImageObject","inLanguage":"es","@id":"https:\/\/newsroom.ferrovial.com\/es\/#\/schema\/logo\/image\/","url":"https:\/\/static.newsroom.ferrovial.com\/wp-content\/uploads\/2018\/07\/15145720\/Ferrovial_Logotipo1.jpg","contentUrl":"https:\/\/static.newsroom.ferrovial.com\/wp-content\/uploads\/2018\/07\/15145720\/Ferrovial_Logotipo1.jpg","width":600,"height":300,"caption":"Ferrovial S.A."},"image":{"@id":"https:\/\/newsroom.ferrovial.com\/es\/#\/schema\/logo\/image\/"},"sameAs":["https:\/\/www.facebook.com\/ferrovial","https:\/\/x.com\/ferrovial","https:\/\/www.instagram.com\/ferrovial\/","https:\/\/www.linkedin.com\/company\/ferrovial","https:\/\/www.pinterest.es\/ferrovial\/","https:\/\/www.youtube.com\/ferrovial","https:\/\/en.wikipedia.org\/wiki\/Ferrovial"]}]}},"_links":{"self":[{"href":"https:\/\/newsroom.ferrovial.com\/es\/wp-json\/wp\/v2\/press_release\/443","targetHints":{"allow":["GET"]}}],"collection":[{"href":"https:\/\/newsroom.ferrovial.com\/es\/wp-json\/wp\/v2\/press_release"}],"about":[{"href":"https:\/\/newsroom.ferrovial.com\/es\/wp-json\/wp\/v2\/types\/press_release"}],"replies":[{"embeddable":true,"href":"https:\/\/newsroom.ferrovial.com\/es\/wp-json\/wp\/v2\/comments?post=443"}],"version-history":[{"count":1,"href":"https:\/\/newsroom.ferrovial.com\/es\/wp-json\/wp\/v2\/press_release\/443\/revisions"}],"predecessor-version":[{"id":110274,"href":"https:\/\/newsroom.ferrovial.com\/es\/wp-json\/wp\/v2\/press_release\/443\/revisions\/110274"}],"wp:attachment":[{"href":"https:\/\/newsroom.ferrovial.com\/es\/wp-json\/wp\/v2\/media?parent=443"}],"wp:term":[{"taxonomy":"nivel-2","embeddable":true,"href":"https:\/\/newsroom.ferrovial.com\/es\/wp-json\/wp\/v2\/nivel-2?post=443"},{"taxonomy":"nivel-5","embeddable":true,"href":"https:\/\/newsroom.ferrovial.com\/es\/wp-json\/wp\/v2\/nivel-5?post=443"},{"taxonomy":"nivel-1","embeddable":true,"href":"https:\/\/newsroom.ferrovial.com\/es\/wp-json\/wp\/v2\/nivel-1?post=443"},{"taxonomy":"nivel-3","embeddable":true,"href":"https:\/\/newsroom.ferrovial.com\/es\/wp-json\/wp\/v2\/nivel-3?post=443"},{"taxonomy":"nivel-4","embeddable":true,"href":"https:\/\/newsroom.ferrovial.com\/es\/wp-json\/wp\/v2\/nivel-4?post=443"}],"curies":[{"name":"wp","href":"https:\/\/api.w.org\/{rel}","templated":true}]}}