{"id":595,"date":"2013-10-06T00:00:00","date_gmt":"2013-10-06T00:00:00","guid":{"rendered":"https:\/\/newsroom.ferrovial.com\/press_releases\/ferrovial-adjudica-tramo-autopista-medellin-36-millones-euros\/"},"modified":"2022-12-21T12:11:44","modified_gmt":"2022-12-21T11:11:44","slug":"ferrovial-adjudica-tramo-autopista-medellin-36-millones-euros","status":"publish","type":"press_release","link":"https:\/\/newsroom.ferrovial.com\/es\/notas-prensa\/ferrovial-adjudica-tramo-autopista-medellin-36-millones-euros\/","title":{"rendered":"Ferrovial se adjudica un tramo de autopista en Medell\u00edn por 36 millones de euros"},"content":{"rendered":"    <section class=\"wysiwyg text-editor \" id=\"\">\n        <div class=\"container container--narrow container--p-10\">\n            <p>El consorcio liderado por Ferrovial Agroman, en el que participa la colombiana\u00a0<a title=\"Colpatria (en ventana nueva)\" href=\"http:\/\/www.constructoracolpatria.com\/\" target=\"_blank\">Colpatria<\/a>, se ha adjudicado la construcci\u00f3n de un\u00a0<strong>tramo de la autopista que conectar\u00e1 la Carrera 80 de Medell\u00edn y su salida al Pac\u00edfico<\/strong>, en el\u00a0<a title=\"departamento colombiano de Antioquia (en ventana nueva)\" href=\"http:\/\/es.wikipedia.org\/wiki\/Antioquia\" target=\"_blank\">departamento colombiano de Antioquia<\/a>, en el noroeste del pa\u00eds.<\/p>\n<p><strong>El contrato est\u00e1 valorado en 89.000 millones de pesos colombianos, equivalentes a 36 millones de euros<\/strong>.<\/p>\n<p>El consorcio construir\u00e1\u00a0<strong>4,1 kil\u00f3metros de carretera de dos carriles por sentido<\/strong>, que incluye cuatro puentes. Este proyecto se inscribe en los planes de desarrollo de la red viaria que conectar\u00e1 Medell\u00edn, la segunda ciudad de Colombia, con la zona portuaria del Pac\u00edfico.<\/p>\n<p>Con esta adjudicaci\u00f3n, Ferrovial Agroman refuerza su presencia en el pa\u00eds sudamericano, donde est\u00e1 llevando a cabo varios proyectos, entre los que destaca la\u00a0<a title=\"Construcci\u00f3n de los t\u00faneles de la central hidroel\u00e9ctrica de Ituango\" href=\"https:\/\/newsroom.ferrovial.com\/es\/notas_prensa\/ferrovial-construira-los-tuneles-de-la-hidroelectrica-de-ituango-en-colombia\/\" target=\"_blank\">construcci\u00f3n de los t\u00faneles de la central hidroel\u00e9ctrica de Ituango<\/a>, por 55 millones de euros.<\/p>\n<p>Colombia se sit\u00faa entre los pa\u00edses de la regi\u00f3n con mayores expectativas de crecimiento y necesidades de\u00a0<strong>inversi\u00f3n en nuevas infraestructuras<\/strong>.<\/p>\n<p>&nbsp;<\/p>\n        <\/div>\n    <\/section>\n","protected":false},"excerpt":{"rendered":"","protected":false},"featured_media":596,"menu_order":0,"comment_status":"closed","ping_status":"closed","template":"","nivel-2":[937,2213,987,2091,1027,1059],"nivel-5":[2149],"nivel-1":[894,2168],"nivel-3":[1257],"nivel-4":[],"class_list":["post-595","press_release","type-press_release","status-publish","has-post-thumbnail","hentry","nivel-2-carreteras","nivel-2-contratos","nivel-2-infraestructuras","nivel-2-proyectos","nivel-2-puentes","nivel-2-tuneles","nivel-5-ferrovial-construccion","nivel-1-autopistas","nivel-1-construccion","nivel-3-colombia"],"acf":[],"yoast_head":"<title>Ferrovial se adjudica un tramo de autopista en Medell\u00edn por 36 millones de euros Sala de prensa Ferrovial | \u00daltimas noticias<\/title>\n<meta name=\"description\" content=\"Sala de prensa Ferrovial | \u00daltimas noticias\" \/>\n<meta name=\"robots\" content=\"index, follow, max-snippet:-1, max-image-preview:large, max-video-preview:-1\" \/>\n<link rel=\"canonical\" href=\"https:\/\/newsroom.ferrovial.com\/es\/notas-prensa\/ferrovial-adjudica-tramo-autopista-medellin-36-millones-euros\/\" \/>\n<meta property=\"og:locale\" content=\"es_ES\" \/>\n<meta property=\"og:type\" content=\"article\" \/>\n<meta property=\"og:title\" content=\"Ferrovial se adjudica un tramo de autopista en Medell\u00edn por 36 millones de euros Sala de prensa Ferrovial | \u00daltimas noticias\" \/>\n<meta property=\"og:description\" content=\"Sala de prensa Ferrovial | \u00daltimas noticias\" \/>\n<meta property=\"og:url\" content=\"https:\/\/newsroom.ferrovial.com\/es\/notas-prensa\/ferrovial-adjudica-tramo-autopista-medellin-36-millones-euros\/\" \/>\n<meta property=\"og:site_name\" content=\"Sala de prensa Ferrovial | \u00daltimas noticias\" \/>\n<meta property=\"article:publisher\" content=\"https:\/\/www.facebook.com\/ferrovial\" \/>\n<meta property=\"article:modified_time\" content=\"2022-12-21T11:11:44+00:00\" \/>\n<meta property=\"og:image\" content=\"https:\/\/newsroom.ferrovial.com\/wp-content\/uploads\/sites\/4\/2018\/07\/Ferrovial-Infraestructuras-Autopistas.jpg\" \/>\n\t<meta property=\"og:image:width\" content=\"500\" \/>\n\t<meta property=\"og:image:height\" content=\"200\" \/>\n\t<meta property=\"og:image:type\" content=\"image\/jpeg\" \/>\n<meta name=\"twitter:card\" content=\"summary_large_image\" \/>\n<meta name=\"twitter:site\" content=\"@ferrovial\" \/>\n<script type=\"application\/ld+json\" class=\"yoast-schema-graph\">{\"@context\":\"https:\/\/schema.org\",\"@graph\":[{\"@type\":\"WebPage\",\"@id\":\"https:\/\/newsroom.ferrovial.com\/es\/notas-prensa\/ferrovial-adjudica-tramo-autopista-medellin-36-millones-euros\/\",\"url\":\"https:\/\/newsroom.ferrovial.com\/es\/notas-prensa\/ferrovial-adjudica-tramo-autopista-medellin-36-millones-euros\/\",\"name\":\"Ferrovial se adjudica un tramo de autopista en Medell\u00edn por 36 millones de euros Sala de prensa Ferrovial | \u00daltimas noticias\",\"isPartOf\":{\"@id\":\"https:\/\/newsroom.ferrovial.com\/es\/#website\"},\"primaryImageOfPage\":{\"@id\":\"https:\/\/newsroom.ferrovial.com\/es\/notas-prensa\/ferrovial-adjudica-tramo-autopista-medellin-36-millones-euros\/#primaryimage\"},\"image\":{\"@id\":\"https:\/\/newsroom.ferrovial.com\/es\/notas-prensa\/ferrovial-adjudica-tramo-autopista-medellin-36-millones-euros\/#primaryimage\"},\"thumbnailUrl\":\"https:\/\/static.newsroom.ferrovial.com\/wp-content\/uploads\/2018\/07\/15154235\/Ferrovial-Infraestructuras-Autopistas.jpg\",\"datePublished\":\"2013-10-06T00:00:00+00:00\",\"dateModified\":\"2022-12-21T11:11:44+00:00\",\"description\":\"Sala de prensa Ferrovial | \u00daltimas noticias\",\"breadcrumb\":{\"@id\":\"https:\/\/newsroom.ferrovial.com\/es\/notas-prensa\/ferrovial-adjudica-tramo-autopista-medellin-36-millones-euros\/#breadcrumb\"},\"inLanguage\":\"es\",\"potentialAction\":[{\"@type\":\"ReadAction\",\"target\":[\"https:\/\/newsroom.ferrovial.com\/es\/notas-prensa\/ferrovial-adjudica-tramo-autopista-medellin-36-millones-euros\/\"]}]},{\"@type\":\"ImageObject\",\"inLanguage\":\"es\",\"@id\":\"https:\/\/newsroom.ferrovial.com\/es\/notas-prensa\/ferrovial-adjudica-tramo-autopista-medellin-36-millones-euros\/#primaryimage\",\"url\":\"https:\/\/static.newsroom.ferrovial.com\/wp-content\/uploads\/2018\/07\/15154235\/Ferrovial-Infraestructuras-Autopistas.jpg\",\"contentUrl\":\"https:\/\/static.newsroom.ferrovial.com\/wp-content\/uploads\/2018\/07\/15154235\/Ferrovial-Infraestructuras-Autopistas.jpg\",\"width\":500,\"height\":200},{\"@type\":\"BreadcrumbList\",\"@id\":\"https:\/\/newsroom.ferrovial.com\/es\/notas-prensa\/ferrovial-adjudica-tramo-autopista-medellin-36-millones-euros\/#breadcrumb\",\"itemListElement\":[{\"@type\":\"ListItem\",\"position\":1,\"name\":\"Portada\",\"item\":\"https:\/\/newsroom.ferrovial.com\/es\/\"},{\"@type\":\"ListItem\",\"position\":2,\"name\":\"Notas de Prensa\",\"item\":\"https:\/\/newsroom.ferrovial.com\/es\/notas-prensa\/\"},{\"@type\":\"ListItem\",\"position\":3,\"name\":\"Ferrovial se adjudica un tramo de autopista en Medell\u00edn por 36 millones de euros\"}]},{\"@type\":\"WebSite\",\"@id\":\"https:\/\/newsroom.ferrovial.com\/es\/#website\",\"url\":\"https:\/\/newsroom.ferrovial.com\/es\/\",\"name\":\"Sala de prensa Ferrovial | \u00daltimas noticias\",\"description\":\"Sala de prensa Ferrovial | \u00daltimas noticias\",\"publisher\":{\"@id\":\"https:\/\/newsroom.ferrovial.com\/es\/#organization\"},\"potentialAction\":[{\"@type\":\"SearchAction\",\"target\":{\"@type\":\"EntryPoint\",\"urlTemplate\":\"https:\/\/newsroom.ferrovial.com\/es\/?s={search_term_string}\"},\"query-input\":{\"@type\":\"PropertyValueSpecification\",\"valueRequired\":true,\"valueName\":\"search_term_string\"}}],\"inLanguage\":\"es\"},{\"@type\":\"Organization\",\"@id\":\"https:\/\/newsroom.ferrovial.com\/es\/#organization\",\"name\":\"Ferrovial S.A.\",\"url\":\"https:\/\/newsroom.ferrovial.com\/es\/\",\"logo\":{\"@type\":\"ImageObject\",\"inLanguage\":\"es\",\"@id\":\"https:\/\/newsroom.ferrovial.com\/es\/#\/schema\/logo\/image\/\",\"url\":\"https:\/\/static.newsroom.ferrovial.com\/wp-content\/uploads\/2018\/07\/15145720\/Ferrovial_Logotipo1.jpg\",\"contentUrl\":\"https:\/\/static.newsroom.ferrovial.com\/wp-content\/uploads\/2018\/07\/15145720\/Ferrovial_Logotipo1.jpg\",\"width\":600,\"height\":300,\"caption\":\"Ferrovial S.A.\"},\"image\":{\"@id\":\"https:\/\/newsroom.ferrovial.com\/es\/#\/schema\/logo\/image\/\"},\"sameAs\":[\"https:\/\/www.facebook.com\/ferrovial\",\"https:\/\/x.com\/ferrovial\",\"https:\/\/www.instagram.com\/ferrovial\/\",\"https:\/\/www.linkedin.com\/company\/ferrovial\",\"https:\/\/www.pinterest.es\/ferrovial\/\",\"https:\/\/www.youtube.com\/ferrovial\",\"https:\/\/en.wikipedia.org\/wiki\/Ferrovial\"]}]}<\/script>","yoast_head_json":{"title":"Ferrovial se adjudica un tramo de autopista en Medell\u00edn por 36 millones de euros Sala de prensa Ferrovial | \u00daltimas noticias","description":"Sala de prensa Ferrovial | \u00daltimas noticias","robots":{"index":"index","follow":"follow","max-snippet":"max-snippet:-1","max-image-preview":"max-image-preview:large","max-video-preview":"max-video-preview:-1"},"canonical":"https:\/\/newsroom.ferrovial.com\/es\/notas-prensa\/ferrovial-adjudica-tramo-autopista-medellin-36-millones-euros\/","og_locale":"es_ES","og_type":"article","og_title":"Ferrovial se adjudica un tramo de autopista en Medell\u00edn por 36 millones de euros Sala de prensa Ferrovial | \u00daltimas noticias","og_description":"Sala de prensa Ferrovial | \u00daltimas noticias","og_url":"https:\/\/newsroom.ferrovial.com\/es\/notas-prensa\/ferrovial-adjudica-tramo-autopista-medellin-36-millones-euros\/","og_site_name":"Sala de prensa Ferrovial | \u00daltimas noticias","article_publisher":"https:\/\/www.facebook.com\/ferrovial","article_modified_time":"2022-12-21T11:11:44+00:00","og_image":[{"width":500,"height":200,"url":"https:\/\/newsroom.ferrovial.com\/wp-content\/uploads\/sites\/4\/2018\/07\/Ferrovial-Infraestructuras-Autopistas.jpg","type":"image\/jpeg"}],"twitter_card":"summary_large_image","twitter_site":"@ferrovial","schema":{"@context":"https:\/\/schema.org","@graph":[{"@type":"WebPage","@id":"https:\/\/newsroom.ferrovial.com\/es\/notas-prensa\/ferrovial-adjudica-tramo-autopista-medellin-36-millones-euros\/","url":"https:\/\/newsroom.ferrovial.com\/es\/notas-prensa\/ferrovial-adjudica-tramo-autopista-medellin-36-millones-euros\/","name":"Ferrovial se adjudica un tramo de autopista en Medell\u00edn por 36 millones de euros Sala de prensa Ferrovial | \u00daltimas noticias","isPartOf":{"@id":"https:\/\/newsroom.ferrovial.com\/es\/#website"},"primaryImageOfPage":{"@id":"https:\/\/newsroom.ferrovial.com\/es\/notas-prensa\/ferrovial-adjudica-tramo-autopista-medellin-36-millones-euros\/#primaryimage"},"image":{"@id":"https:\/\/newsroom.ferrovial.com\/es\/notas-prensa\/ferrovial-adjudica-tramo-autopista-medellin-36-millones-euros\/#primaryimage"},"thumbnailUrl":"https:\/\/static.newsroom.ferrovial.com\/wp-content\/uploads\/2018\/07\/15154235\/Ferrovial-Infraestructuras-Autopistas.jpg","datePublished":"2013-10-06T00:00:00+00:00","dateModified":"2022-12-21T11:11:44+00:00","description":"Sala de prensa Ferrovial | \u00daltimas noticias","breadcrumb":{"@id":"https:\/\/newsroom.ferrovial.com\/es\/notas-prensa\/ferrovial-adjudica-tramo-autopista-medellin-36-millones-euros\/#breadcrumb"},"inLanguage":"es","potentialAction":[{"@type":"ReadAction","target":["https:\/\/newsroom.ferrovial.com\/es\/notas-prensa\/ferrovial-adjudica-tramo-autopista-medellin-36-millones-euros\/"]}]},{"@type":"ImageObject","inLanguage":"es","@id":"https:\/\/newsroom.ferrovial.com\/es\/notas-prensa\/ferrovial-adjudica-tramo-autopista-medellin-36-millones-euros\/#primaryimage","url":"https:\/\/static.newsroom.ferrovial.com\/wp-content\/uploads\/2018\/07\/15154235\/Ferrovial-Infraestructuras-Autopistas.jpg","contentUrl":"https:\/\/static.newsroom.ferrovial.com\/wp-content\/uploads\/2018\/07\/15154235\/Ferrovial-Infraestructuras-Autopistas.jpg","width":500,"height":200},{"@type":"BreadcrumbList","@id":"https:\/\/newsroom.ferrovial.com\/es\/notas-prensa\/ferrovial-adjudica-tramo-autopista-medellin-36-millones-euros\/#breadcrumb","itemListElement":[{"@type":"ListItem","position":1,"name":"Portada","item":"https:\/\/newsroom.ferrovial.com\/es\/"},{"@type":"ListItem","position":2,"name":"Notas de Prensa","item":"https:\/\/newsroom.ferrovial.com\/es\/notas-prensa\/"},{"@type":"ListItem","position":3,"name":"Ferrovial se adjudica un tramo de autopista en Medell\u00edn por 36 millones de euros"}]},{"@type":"WebSite","@id":"https:\/\/newsroom.ferrovial.com\/es\/#website","url":"https:\/\/newsroom.ferrovial.com\/es\/","name":"Sala de prensa Ferrovial | \u00daltimas noticias","description":"Sala de prensa Ferrovial | \u00daltimas noticias","publisher":{"@id":"https:\/\/newsroom.ferrovial.com\/es\/#organization"},"potentialAction":[{"@type":"SearchAction","target":{"@type":"EntryPoint","urlTemplate":"https:\/\/newsroom.ferrovial.com\/es\/?s={search_term_string}"},"query-input":{"@type":"PropertyValueSpecification","valueRequired":true,"valueName":"search_term_string"}}],"inLanguage":"es"},{"@type":"Organization","@id":"https:\/\/newsroom.ferrovial.com\/es\/#organization","name":"Ferrovial S.A.","url":"https:\/\/newsroom.ferrovial.com\/es\/","logo":{"@type":"ImageObject","inLanguage":"es","@id":"https:\/\/newsroom.ferrovial.com\/es\/#\/schema\/logo\/image\/","url":"https:\/\/static.newsroom.ferrovial.com\/wp-content\/uploads\/2018\/07\/15145720\/Ferrovial_Logotipo1.jpg","contentUrl":"https:\/\/static.newsroom.ferrovial.com\/wp-content\/uploads\/2018\/07\/15145720\/Ferrovial_Logotipo1.jpg","width":600,"height":300,"caption":"Ferrovial S.A."},"image":{"@id":"https:\/\/newsroom.ferrovial.com\/es\/#\/schema\/logo\/image\/"},"sameAs":["https:\/\/www.facebook.com\/ferrovial","https:\/\/x.com\/ferrovial","https:\/\/www.instagram.com\/ferrovial\/","https:\/\/www.linkedin.com\/company\/ferrovial","https:\/\/www.pinterest.es\/ferrovial\/","https:\/\/www.youtube.com\/ferrovial","https:\/\/en.wikipedia.org\/wiki\/Ferrovial"]}]}},"_links":{"self":[{"href":"https:\/\/newsroom.ferrovial.com\/es\/wp-json\/wp\/v2\/press_release\/595","targetHints":{"allow":["GET"]}}],"collection":[{"href":"https:\/\/newsroom.ferrovial.com\/es\/wp-json\/wp\/v2\/press_release"}],"about":[{"href":"https:\/\/newsroom.ferrovial.com\/es\/wp-json\/wp\/v2\/types\/press_release"}],"replies":[{"embeddable":true,"href":"https:\/\/newsroom.ferrovial.com\/es\/wp-json\/wp\/v2\/comments?post=595"}],"version-history":[{"count":1,"href":"https:\/\/newsroom.ferrovial.com\/es\/wp-json\/wp\/v2\/press_release\/595\/revisions"}],"predecessor-version":[{"id":96386,"href":"https:\/\/newsroom.ferrovial.com\/es\/wp-json\/wp\/v2\/press_release\/595\/revisions\/96386"}],"wp:featuredmedia":[{"embeddable":true,"href":"https:\/\/newsroom.ferrovial.com\/es\/wp-json\/wp\/v2\/media\/596"}],"wp:attachment":[{"href":"https:\/\/newsroom.ferrovial.com\/es\/wp-json\/wp\/v2\/media?parent=595"}],"wp:term":[{"taxonomy":"nivel-2","embeddable":true,"href":"https:\/\/newsroom.ferrovial.com\/es\/wp-json\/wp\/v2\/nivel-2?post=595"},{"taxonomy":"nivel-5","embeddable":true,"href":"https:\/\/newsroom.ferrovial.com\/es\/wp-json\/wp\/v2\/nivel-5?post=595"},{"taxonomy":"nivel-1","embeddable":true,"href":"https:\/\/newsroom.ferrovial.com\/es\/wp-json\/wp\/v2\/nivel-1?post=595"},{"taxonomy":"nivel-3","embeddable":true,"href":"https:\/\/newsroom.ferrovial.com\/es\/wp-json\/wp\/v2\/nivel-3?post=595"},{"taxonomy":"nivel-4","embeddable":true,"href":"https:\/\/newsroom.ferrovial.com\/es\/wp-json\/wp\/v2\/nivel-4?post=595"}],"curies":[{"name":"wp","href":"https:\/\/api.w.org\/{rel}","templated":true}]}}