{"id":659,"date":"2003-10-25T00:00:00","date_gmt":"2003-10-25T00:00:00","guid":{"rendered":"https:\/\/newsroom.ferrovial.com\/press_releases\/ferrovial-se-incorpora-al-foro-de-reputacion-corporativa\/"},"modified":"2022-12-21T12:27:51","modified_gmt":"2022-12-21T11:27:51","slug":"ferrovial-se-incorpora-al-foro-de-reputacion-corporativa","status":"publish","type":"press_release","link":"https:\/\/newsroom.ferrovial.com\/es\/notas-prensa\/ferrovial-se-incorpora-al-foro-de-reputacion-corporativa\/","title":{"rendered":"Ferrovial se incorpora al Foro de Reputaci\u00f3n Corporativa"},"content":{"rendered":"    <section class=\"wysiwyg text-editor \" id=\"\">\n        <div class=\"container container--narrow container--p-10\">\n            <p>Ferrovial se ha incorporado al Foro de Reputaci\u00f3n Corporativa (FRC), un lugar de encuentro, an\u00e1lisis y divulgaci\u00f3n de tendencias en materia de Reputaci\u00f3n y Responsabilidad Social Corporativa. El foro fue creado hace un a\u00f1o por las compa\u00f1\u00edas Grupo Agbar, BBVA, Repsol YPF y Telef\u00f3nica y cuenta con la coordinaci\u00f3n del Instituto de Empresa en la Secretar\u00eda T\u00e9cnica. En esta ampliaci\u00f3n en su n\u00famero de socios, junto a Ferrovial se han incorporado tambi\u00e9n Gas Natural, Iberdrola, Iberia, Inditex y Renfe.<\/p>\n<p>Incrementar el valor de las compa\u00f1\u00edas, apoy\u00e1ndose en los activos intangibles como generadores de valor, es el objetivo principal del Foro. Sus l\u00edneas de actuaci\u00f3n se dirigen a compartir la investigaci\u00f3n y divulgaci\u00f3n del conocimiento en Reputaci\u00f3n y Responsabilidad Social Corporativa, analizar las diferentes metodolog\u00edas de gesti\u00f3n en esta materia, valorar los activos intangibles y estudiar la influencia y las interrelaciones entre las principales variables intangibles de la Reputaci\u00f3n Corporativa: \u00e9tica, responsabilidad social, identidad, marca y gobierno corporativo. El Foro de Reputaci\u00f3n Corporativa persigue la creaci\u00f3n de un Think Tank para conocer en profundidad las iniciativas, privadas y p\u00fablicas, que trabajan con el objetivo de incrementar la confianza en los mercados financieros y empresariales, en defensa de los intereses de los stakeholders, y en respuesta a la preocupaci\u00f3n social.<\/p>\n<p>El Foro de Reputaci\u00f3n Corporativa cuenta con una p\u00e1gina web (<a href=\"http:\/\/www.corporateexcellence.org\/\">http:\/\/www.corporateexcellence.org\/<\/a>) que tiene por objetivo el contribuir a difundir conocimientos y experiencias de gesti\u00f3n en materia de Reputaci\u00f3n Corporativa, a trav\u00e9s de art\u00edculos de expertos, an\u00e1lisis de buenas pr\u00e1cticas, estudios sobre \u00e9tica, responsabilidad social, identidad, marca y gobierno corporativo.<\/p>\n<p>Entre las iniciativas desarrolladas durante este a\u00f1o por el Foro de Reputaci\u00f3n Corporativa destaca la celebraci\u00f3n, por primera vez en Espa\u00f1a, de un Congreso Europeo de Reputaci\u00f3n Corporativa en colaboraci\u00f3n con el Reputation Institute de la Stern University de Nueva York, en el que participaron m\u00e1s de un centenar de asistentes de 20 pa\u00edses, interesados en el an\u00e1lisis del impacto de la Reputaci\u00f3n Corporativa en la rentabilidad empresarial. Igualmente, adem\u00e1s de otros actos p\u00fablicos, sobresale la reuni\u00f3n con los responsables del FTSE4 Good, indicador que mide la actuaci\u00f3n socialmente responsable, que pondera no s\u00f3lo las variables financieras, sino tambi\u00e9n el cumplimiento de par\u00e1metros de \u00e9tica, derechos humanos y gobierno corporativo.<\/p>\n        <\/div>\n    <\/section>\n","protected":false},"excerpt":{"rendered":"","protected":false},"featured_media":0,"menu_order":0,"comment_status":"closed","ping_status":"closed","template":"","nivel-2":[2231,972,1846,977,994,1036],"nivel-5":[1902],"nivel-1":[],"nivel-3":[1258],"nivel-4":[],"class_list":["post-659","press_release","type-press_release","status-publish","hentry","nivel-2-cultura-empresarial","nivel-2-eventos","nivel-2-gestion","nivel-2-gobierno-corporativo","nivel-2-investigacion","nivel-2-responsabilidad-social-corporativa","nivel-5-ferrovial","nivel-3-espana"],"acf":[],"yoast_head":"<title>Ferrovial se incorpora al Foro de Reputaci\u00f3n Corporativa Sala de prensa Ferrovial | \u00daltimas noticias<\/title>\n<meta name=\"description\" content=\"Sala de prensa Ferrovial | \u00daltimas noticias\" \/>\n<meta name=\"robots\" content=\"index, follow, max-snippet:-1, max-image-preview:large, max-video-preview:-1\" \/>\n<link rel=\"canonical\" href=\"https:\/\/newsroom.ferrovial.com\/es\/notas-prensa\/ferrovial-se-incorpora-al-foro-de-reputacion-corporativa\/\" \/>\n<meta property=\"og:locale\" content=\"es_ES\" \/>\n<meta property=\"og:type\" content=\"article\" \/>\n<meta property=\"og:title\" content=\"Ferrovial se incorpora al Foro de Reputaci\u00f3n Corporativa Sala de prensa Ferrovial | \u00daltimas noticias\" \/>\n<meta property=\"og:description\" content=\"Sala de prensa Ferrovial | \u00daltimas noticias\" \/>\n<meta property=\"og:url\" content=\"https:\/\/newsroom.ferrovial.com\/es\/notas-prensa\/ferrovial-se-incorpora-al-foro-de-reputacion-corporativa\/\" \/>\n<meta property=\"og:site_name\" content=\"Sala de prensa Ferrovial | \u00daltimas noticias\" \/>\n<meta property=\"article:publisher\" content=\"https:\/\/www.facebook.com\/ferrovial\" \/>\n<meta property=\"article:modified_time\" content=\"2022-12-21T11:27:51+00:00\" \/>\n<meta name=\"twitter:card\" content=\"summary_large_image\" \/>\n<meta name=\"twitter:site\" content=\"@ferrovial\" \/>\n<script type=\"application\/ld+json\" class=\"yoast-schema-graph\">{\"@context\":\"https:\/\/schema.org\",\"@graph\":[{\"@type\":\"WebPage\",\"@id\":\"https:\/\/newsroom.ferrovial.com\/es\/notas-prensa\/ferrovial-se-incorpora-al-foro-de-reputacion-corporativa\/\",\"url\":\"https:\/\/newsroom.ferrovial.com\/es\/notas-prensa\/ferrovial-se-incorpora-al-foro-de-reputacion-corporativa\/\",\"name\":\"Ferrovial se incorpora al Foro de Reputaci\u00f3n Corporativa Sala de prensa Ferrovial | \u00daltimas noticias\",\"isPartOf\":{\"@id\":\"https:\/\/newsroom.ferrovial.com\/es\/#website\"},\"datePublished\":\"2003-10-25T00:00:00+00:00\",\"dateModified\":\"2022-12-21T11:27:51+00:00\",\"description\":\"Sala de prensa Ferrovial | \u00daltimas noticias\",\"breadcrumb\":{\"@id\":\"https:\/\/newsroom.ferrovial.com\/es\/notas-prensa\/ferrovial-se-incorpora-al-foro-de-reputacion-corporativa\/#breadcrumb\"},\"inLanguage\":\"es\",\"potentialAction\":[{\"@type\":\"ReadAction\",\"target\":[\"https:\/\/newsroom.ferrovial.com\/es\/notas-prensa\/ferrovial-se-incorpora-al-foro-de-reputacion-corporativa\/\"]}]},{\"@type\":\"BreadcrumbList\",\"@id\":\"https:\/\/newsroom.ferrovial.com\/es\/notas-prensa\/ferrovial-se-incorpora-al-foro-de-reputacion-corporativa\/#breadcrumb\",\"itemListElement\":[{\"@type\":\"ListItem\",\"position\":1,\"name\":\"Portada\",\"item\":\"https:\/\/newsroom.ferrovial.com\/es\/\"},{\"@type\":\"ListItem\",\"position\":2,\"name\":\"Notas de Prensa\",\"item\":\"https:\/\/newsroom.ferrovial.com\/es\/notas-prensa\/\"},{\"@type\":\"ListItem\",\"position\":3,\"name\":\"Ferrovial se incorpora al Foro de Reputaci\u00f3n Corporativa\"}]},{\"@type\":\"WebSite\",\"@id\":\"https:\/\/newsroom.ferrovial.com\/es\/#website\",\"url\":\"https:\/\/newsroom.ferrovial.com\/es\/\",\"name\":\"Sala de prensa Ferrovial | \u00daltimas noticias\",\"description\":\"Sala de prensa Ferrovial | \u00daltimas noticias\",\"publisher\":{\"@id\":\"https:\/\/newsroom.ferrovial.com\/es\/#organization\"},\"potentialAction\":[{\"@type\":\"SearchAction\",\"target\":{\"@type\":\"EntryPoint\",\"urlTemplate\":\"https:\/\/newsroom.ferrovial.com\/es\/?s={search_term_string}\"},\"query-input\":{\"@type\":\"PropertyValueSpecification\",\"valueRequired\":true,\"valueName\":\"search_term_string\"}}],\"inLanguage\":\"es\"},{\"@type\":\"Organization\",\"@id\":\"https:\/\/newsroom.ferrovial.com\/es\/#organization\",\"name\":\"Ferrovial S.A.\",\"url\":\"https:\/\/newsroom.ferrovial.com\/es\/\",\"logo\":{\"@type\":\"ImageObject\",\"inLanguage\":\"es\",\"@id\":\"https:\/\/newsroom.ferrovial.com\/es\/#\/schema\/logo\/image\/\",\"url\":\"https:\/\/static.newsroom.ferrovial.com\/wp-content\/uploads\/2018\/07\/15145720\/Ferrovial_Logotipo1.jpg\",\"contentUrl\":\"https:\/\/static.newsroom.ferrovial.com\/wp-content\/uploads\/2018\/07\/15145720\/Ferrovial_Logotipo1.jpg\",\"width\":600,\"height\":300,\"caption\":\"Ferrovial S.A.\"},\"image\":{\"@id\":\"https:\/\/newsroom.ferrovial.com\/es\/#\/schema\/logo\/image\/\"},\"sameAs\":[\"https:\/\/www.facebook.com\/ferrovial\",\"https:\/\/x.com\/ferrovial\",\"https:\/\/www.instagram.com\/ferrovial\/\",\"https:\/\/www.linkedin.com\/company\/ferrovial\",\"https:\/\/www.pinterest.es\/ferrovial\/\",\"https:\/\/www.youtube.com\/ferrovial\",\"https:\/\/en.wikipedia.org\/wiki\/Ferrovial\"]}]}<\/script>","yoast_head_json":{"title":"Ferrovial se incorpora al Foro de Reputaci\u00f3n Corporativa Sala de prensa Ferrovial | \u00daltimas noticias","description":"Sala de prensa Ferrovial | \u00daltimas noticias","robots":{"index":"index","follow":"follow","max-snippet":"max-snippet:-1","max-image-preview":"max-image-preview:large","max-video-preview":"max-video-preview:-1"},"canonical":"https:\/\/newsroom.ferrovial.com\/es\/notas-prensa\/ferrovial-se-incorpora-al-foro-de-reputacion-corporativa\/","og_locale":"es_ES","og_type":"article","og_title":"Ferrovial se incorpora al Foro de Reputaci\u00f3n Corporativa Sala de prensa Ferrovial | \u00daltimas noticias","og_description":"Sala de prensa Ferrovial | \u00daltimas noticias","og_url":"https:\/\/newsroom.ferrovial.com\/es\/notas-prensa\/ferrovial-se-incorpora-al-foro-de-reputacion-corporativa\/","og_site_name":"Sala de prensa Ferrovial | \u00daltimas noticias","article_publisher":"https:\/\/www.facebook.com\/ferrovial","article_modified_time":"2022-12-21T11:27:51+00:00","twitter_card":"summary_large_image","twitter_site":"@ferrovial","schema":{"@context":"https:\/\/schema.org","@graph":[{"@type":"WebPage","@id":"https:\/\/newsroom.ferrovial.com\/es\/notas-prensa\/ferrovial-se-incorpora-al-foro-de-reputacion-corporativa\/","url":"https:\/\/newsroom.ferrovial.com\/es\/notas-prensa\/ferrovial-se-incorpora-al-foro-de-reputacion-corporativa\/","name":"Ferrovial se incorpora al Foro de Reputaci\u00f3n Corporativa Sala de prensa Ferrovial | \u00daltimas noticias","isPartOf":{"@id":"https:\/\/newsroom.ferrovial.com\/es\/#website"},"datePublished":"2003-10-25T00:00:00+00:00","dateModified":"2022-12-21T11:27:51+00:00","description":"Sala de prensa Ferrovial | \u00daltimas noticias","breadcrumb":{"@id":"https:\/\/newsroom.ferrovial.com\/es\/notas-prensa\/ferrovial-se-incorpora-al-foro-de-reputacion-corporativa\/#breadcrumb"},"inLanguage":"es","potentialAction":[{"@type":"ReadAction","target":["https:\/\/newsroom.ferrovial.com\/es\/notas-prensa\/ferrovial-se-incorpora-al-foro-de-reputacion-corporativa\/"]}]},{"@type":"BreadcrumbList","@id":"https:\/\/newsroom.ferrovial.com\/es\/notas-prensa\/ferrovial-se-incorpora-al-foro-de-reputacion-corporativa\/#breadcrumb","itemListElement":[{"@type":"ListItem","position":1,"name":"Portada","item":"https:\/\/newsroom.ferrovial.com\/es\/"},{"@type":"ListItem","position":2,"name":"Notas de Prensa","item":"https:\/\/newsroom.ferrovial.com\/es\/notas-prensa\/"},{"@type":"ListItem","position":3,"name":"Ferrovial se incorpora al Foro de Reputaci\u00f3n Corporativa"}]},{"@type":"WebSite","@id":"https:\/\/newsroom.ferrovial.com\/es\/#website","url":"https:\/\/newsroom.ferrovial.com\/es\/","name":"Sala de prensa Ferrovial | \u00daltimas noticias","description":"Sala de prensa Ferrovial | \u00daltimas noticias","publisher":{"@id":"https:\/\/newsroom.ferrovial.com\/es\/#organization"},"potentialAction":[{"@type":"SearchAction","target":{"@type":"EntryPoint","urlTemplate":"https:\/\/newsroom.ferrovial.com\/es\/?s={search_term_string}"},"query-input":{"@type":"PropertyValueSpecification","valueRequired":true,"valueName":"search_term_string"}}],"inLanguage":"es"},{"@type":"Organization","@id":"https:\/\/newsroom.ferrovial.com\/es\/#organization","name":"Ferrovial S.A.","url":"https:\/\/newsroom.ferrovial.com\/es\/","logo":{"@type":"ImageObject","inLanguage":"es","@id":"https:\/\/newsroom.ferrovial.com\/es\/#\/schema\/logo\/image\/","url":"https:\/\/static.newsroom.ferrovial.com\/wp-content\/uploads\/2018\/07\/15145720\/Ferrovial_Logotipo1.jpg","contentUrl":"https:\/\/static.newsroom.ferrovial.com\/wp-content\/uploads\/2018\/07\/15145720\/Ferrovial_Logotipo1.jpg","width":600,"height":300,"caption":"Ferrovial S.A."},"image":{"@id":"https:\/\/newsroom.ferrovial.com\/es\/#\/schema\/logo\/image\/"},"sameAs":["https:\/\/www.facebook.com\/ferrovial","https:\/\/x.com\/ferrovial","https:\/\/www.instagram.com\/ferrovial\/","https:\/\/www.linkedin.com\/company\/ferrovial","https:\/\/www.pinterest.es\/ferrovial\/","https:\/\/www.youtube.com\/ferrovial","https:\/\/en.wikipedia.org\/wiki\/Ferrovial"]}]}},"_links":{"self":[{"href":"https:\/\/newsroom.ferrovial.com\/es\/wp-json\/wp\/v2\/press_release\/659","targetHints":{"allow":["GET"]}}],"collection":[{"href":"https:\/\/newsroom.ferrovial.com\/es\/wp-json\/wp\/v2\/press_release"}],"about":[{"href":"https:\/\/newsroom.ferrovial.com\/es\/wp-json\/wp\/v2\/types\/press_release"}],"replies":[{"embeddable":true,"href":"https:\/\/newsroom.ferrovial.com\/es\/wp-json\/wp\/v2\/comments?post=659"}],"version-history":[{"count":1,"href":"https:\/\/newsroom.ferrovial.com\/es\/wp-json\/wp\/v2\/press_release\/659\/revisions"}],"predecessor-version":[{"id":99173,"href":"https:\/\/newsroom.ferrovial.com\/es\/wp-json\/wp\/v2\/press_release\/659\/revisions\/99173"}],"wp:attachment":[{"href":"https:\/\/newsroom.ferrovial.com\/es\/wp-json\/wp\/v2\/media?parent=659"}],"wp:term":[{"taxonomy":"nivel-2","embeddable":true,"href":"https:\/\/newsroom.ferrovial.com\/es\/wp-json\/wp\/v2\/nivel-2?post=659"},{"taxonomy":"nivel-5","embeddable":true,"href":"https:\/\/newsroom.ferrovial.com\/es\/wp-json\/wp\/v2\/nivel-5?post=659"},{"taxonomy":"nivel-1","embeddable":true,"href":"https:\/\/newsroom.ferrovial.com\/es\/wp-json\/wp\/v2\/nivel-1?post=659"},{"taxonomy":"nivel-3","embeddable":true,"href":"https:\/\/newsroom.ferrovial.com\/es\/wp-json\/wp\/v2\/nivel-3?post=659"},{"taxonomy":"nivel-4","embeddable":true,"href":"https:\/\/newsroom.ferrovial.com\/es\/wp-json\/wp\/v2\/nivel-4?post=659"}],"curies":[{"name":"wp","href":"https:\/\/api.w.org\/{rel}","templated":true}]}}