{"id":672,"date":"2000-03-19T00:00:00","date_gmt":"2000-03-19T00:00:00","guid":{"rendered":"https:\/\/newsroom.ferrovial.com\/press_releases\/ferrovial-inmobiliaria-adquiere-dos-solares-sobre-los-que-promovera-las-torres-de-santa-cruz-en-tenerife\/"},"modified":"2022-12-21T12:30:53","modified_gmt":"2022-12-21T11:30:53","slug":"ferrovial-inmobiliaria-adquiere-dos-solares-sobre-los-que-promovera-las-torres-de-santa-cruz-en-tenerife","status":"publish","type":"press_release","link":"https:\/\/newsroom.ferrovial.com\/es\/notas-prensa\/ferrovial-inmobiliaria-adquiere-dos-solares-sobre-los-que-promovera-las-torres-de-santa-cruz-en-tenerife\/","title":{"rendered":"Ferrovial Inmobiliaria adquiere dos solares sobre los que promover\u00e1 las Torres de Santa Cruz, en Tenerife"},"content":{"rendered":"    <section class=\"wysiwyg text-editor \" id=\"\">\n        <div class=\"container container--narrow container--p-10\">\n            <p>Ferrovial Inmobiliaria acaba de adquirir los terrenos sobre los que construir\u00e1 y promover\u00e1 las futuras Torres de Santa Cruz, en Tenerife, un proyecto con una inversi\u00f3n superior a los 15.000 millones de pesetas, que pasar\u00e1 a constituirse en uno de los referentes inmobiliarios m\u00e1s emblem\u00e1ticos y singulares de las islas.<\/p>\n<p>Las futuras Torres de Santa Cruz dispondr\u00e1n de 34 plantas de altura cada una, lo que las convierte en las m\u00e1s altas de las islas, y una edificabilidad de 28.500 m2 sobre rasante. La utilidad de dichas torres compatibilizar\u00e1 los usos residencial -Ferrovial Inmobiliaria tiene previsto la promoci\u00f3n de unas 300 viviendas de dos o m\u00e1s dormitorios-, apartamentos y oficinas. El proyecto incluye la construcci\u00f3n de cuatro plantas subterr\u00e1neas de aparcamientos para residentes.<\/p>\n<p>El proyecto se levantar\u00e1 en el \u00e1rea conocida como Ensanche Sur de la capital tinerfe\u00f1a, en unos solares adquiridos a la Compa\u00f1\u00eda Espa\u00f1ola de Petr\u00f3leos (CEPSA), una nueva zona de expansi\u00f3n en la que ya se sit\u00faan edificios tan emblem\u00e1ticos como el Recinto Ferial, el Auditorium, el Palacio de Justicia, as\u00ed como dotaciones y equipamientos urbanos como el Parque Mar\u00edtimo, el Palmetum y la nueva Estaci\u00f3n de Guaguas. Adem\u00e1s, se prev\u00e9 la futura instalaci\u00f3n de centros comerciales -los de El Corte Ingl\u00e9s y Pryca-, y nuevas instalaciones administrativas y de servicios p\u00fablicos y privados.<\/p>\n<p><strong>40.000 millones de inversi\u00f3n y 1.500 viviendas en construcci\u00f3n<\/strong><\/p>\n<p>Ferrovial Inmobiliaria inicia su actividad en las Islas Canarias en 1996 y, desde entonces, ha concluido la promoci\u00f3n Residencial San Carlos (67 viviendas, oficinas y locales comerciales) y tiene previsto entregar este a\u00f1o unas 220 viviendas. En los pr\u00f3ximos tres a\u00f1os, Ferrovial Inmobiliaria prev\u00e9 inversiones superiores a 40.000 millones de pesetas en las Islas Canarias y la promoci\u00f3n de un total de 1.500 viviendas y 15.000 m2 de uso terciario.<\/p>\n<p>En Santa Cruz de Tenerife, Ferrovial Inmobiliaria tiene cinco promociones en marcha, con un total de 546 viviendas y locales comerciales: Residencial Reyes cat\u00f3licos, El Parque, Nuevo Cabo Llanos, Parquemar y Los Dragos. En Las Palmas de Gran Canaria promueve los proyectos de Nuevo Guanarteme y Cumbres de Minilla, con un total de 262 viviendas y locales comerciales.<\/p>\n        <\/div>\n    <\/section>\n","protected":false},"excerpt":{"rendered":"","protected":false},"featured_media":0,"menu_order":0,"comment_status":"closed","ping_status":"closed","template":"","nivel-2":[907,914,2208,2209,2206,1013,2091],"nivel-5":[1902],"nivel-1":[2168],"nivel-3":[1258],"nivel-4":[1805],"class_list":["post-672","press_release","type-press_release","status-publish","hentry","nivel-2-accionistas-e-inversores","nivel-2-aparcamiento","nivel-2-diseno-e-ingenieria","nivel-2-edificacion","nivel-2-obras","nivel-2-oficinas","nivel-2-proyectos","nivel-5-ferrovial","nivel-1-construccion","nivel-3-espana","nivel-4-islas-canarias"],"acf":[],"yoast_head":"<title>Ferrovial Inmobiliaria adquiere dos solares sobre los que promover\u00e1 las Torres de Santa Cruz, en Tenerife Sala de prensa Ferrovial | \u00daltimas noticias<\/title>\n<meta name=\"description\" content=\"Sala de prensa Ferrovial | \u00daltimas noticias\" \/>\n<meta name=\"robots\" content=\"index, follow, max-snippet:-1, max-image-preview:large, max-video-preview:-1\" \/>\n<link rel=\"canonical\" href=\"https:\/\/newsroom.ferrovial.com\/es\/notas-prensa\/ferrovial-inmobiliaria-adquiere-dos-solares-sobre-los-que-promovera-las-torres-de-santa-cruz-en-tenerife\/\" \/>\n<meta property=\"og:locale\" content=\"es_ES\" \/>\n<meta property=\"og:type\" content=\"article\" \/>\n<meta property=\"og:title\" content=\"Ferrovial Inmobiliaria adquiere dos solares sobre los que promover\u00e1 las Torres de Santa Cruz, en Tenerife Sala de prensa Ferrovial | \u00daltimas noticias\" \/>\n<meta property=\"og:description\" content=\"Sala de prensa Ferrovial | \u00daltimas noticias\" \/>\n<meta property=\"og:url\" content=\"https:\/\/newsroom.ferrovial.com\/es\/notas-prensa\/ferrovial-inmobiliaria-adquiere-dos-solares-sobre-los-que-promovera-las-torres-de-santa-cruz-en-tenerife\/\" \/>\n<meta property=\"og:site_name\" content=\"Sala de prensa Ferrovial | \u00daltimas noticias\" \/>\n<meta property=\"article:publisher\" content=\"https:\/\/www.facebook.com\/ferrovial\" \/>\n<meta property=\"article:modified_time\" content=\"2022-12-21T11:30:53+00:00\" \/>\n<meta name=\"twitter:card\" content=\"summary_large_image\" \/>\n<meta name=\"twitter:site\" content=\"@ferrovial\" \/>\n<script type=\"application\/ld+json\" class=\"yoast-schema-graph\">{\"@context\":\"https:\/\/schema.org\",\"@graph\":[{\"@type\":\"WebPage\",\"@id\":\"https:\/\/newsroom.ferrovial.com\/es\/notas-prensa\/ferrovial-inmobiliaria-adquiere-dos-solares-sobre-los-que-promovera-las-torres-de-santa-cruz-en-tenerife\/\",\"url\":\"https:\/\/newsroom.ferrovial.com\/es\/notas-prensa\/ferrovial-inmobiliaria-adquiere-dos-solares-sobre-los-que-promovera-las-torres-de-santa-cruz-en-tenerife\/\",\"name\":\"Ferrovial Inmobiliaria adquiere dos solares sobre los que promover\u00e1 las Torres de Santa Cruz, en Tenerife Sala de prensa Ferrovial | \u00daltimas noticias\",\"isPartOf\":{\"@id\":\"https:\/\/newsroom.ferrovial.com\/es\/#website\"},\"datePublished\":\"2000-03-19T00:00:00+00:00\",\"dateModified\":\"2022-12-21T11:30:53+00:00\",\"description\":\"Sala de prensa Ferrovial | \u00daltimas noticias\",\"breadcrumb\":{\"@id\":\"https:\/\/newsroom.ferrovial.com\/es\/notas-prensa\/ferrovial-inmobiliaria-adquiere-dos-solares-sobre-los-que-promovera-las-torres-de-santa-cruz-en-tenerife\/#breadcrumb\"},\"inLanguage\":\"es\",\"potentialAction\":[{\"@type\":\"ReadAction\",\"target\":[\"https:\/\/newsroom.ferrovial.com\/es\/notas-prensa\/ferrovial-inmobiliaria-adquiere-dos-solares-sobre-los-que-promovera-las-torres-de-santa-cruz-en-tenerife\/\"]}]},{\"@type\":\"BreadcrumbList\",\"@id\":\"https:\/\/newsroom.ferrovial.com\/es\/notas-prensa\/ferrovial-inmobiliaria-adquiere-dos-solares-sobre-los-que-promovera-las-torres-de-santa-cruz-en-tenerife\/#breadcrumb\",\"itemListElement\":[{\"@type\":\"ListItem\",\"position\":1,\"name\":\"Portada\",\"item\":\"https:\/\/newsroom.ferrovial.com\/es\/\"},{\"@type\":\"ListItem\",\"position\":2,\"name\":\"Notas de Prensa\",\"item\":\"https:\/\/newsroom.ferrovial.com\/es\/notas-prensa\/\"},{\"@type\":\"ListItem\",\"position\":3,\"name\":\"Ferrovial Inmobiliaria adquiere dos solares sobre los que promover\u00e1 las Torres de Santa Cruz, en Tenerife\"}]},{\"@type\":\"WebSite\",\"@id\":\"https:\/\/newsroom.ferrovial.com\/es\/#website\",\"url\":\"https:\/\/newsroom.ferrovial.com\/es\/\",\"name\":\"Sala de prensa Ferrovial | \u00daltimas noticias\",\"description\":\"Sala de prensa Ferrovial | \u00daltimas noticias\",\"publisher\":{\"@id\":\"https:\/\/newsroom.ferrovial.com\/es\/#organization\"},\"potentialAction\":[{\"@type\":\"SearchAction\",\"target\":{\"@type\":\"EntryPoint\",\"urlTemplate\":\"https:\/\/newsroom.ferrovial.com\/es\/?s={search_term_string}\"},\"query-input\":{\"@type\":\"PropertyValueSpecification\",\"valueRequired\":true,\"valueName\":\"search_term_string\"}}],\"inLanguage\":\"es\"},{\"@type\":\"Organization\",\"@id\":\"https:\/\/newsroom.ferrovial.com\/es\/#organization\",\"name\":\"Ferrovial S.A.\",\"url\":\"https:\/\/newsroom.ferrovial.com\/es\/\",\"logo\":{\"@type\":\"ImageObject\",\"inLanguage\":\"es\",\"@id\":\"https:\/\/newsroom.ferrovial.com\/es\/#\/schema\/logo\/image\/\",\"url\":\"https:\/\/static.newsroom.ferrovial.com\/wp-content\/uploads\/2018\/07\/15145720\/Ferrovial_Logotipo1.jpg\",\"contentUrl\":\"https:\/\/static.newsroom.ferrovial.com\/wp-content\/uploads\/2018\/07\/15145720\/Ferrovial_Logotipo1.jpg\",\"width\":600,\"height\":300,\"caption\":\"Ferrovial S.A.\"},\"image\":{\"@id\":\"https:\/\/newsroom.ferrovial.com\/es\/#\/schema\/logo\/image\/\"},\"sameAs\":[\"https:\/\/www.facebook.com\/ferrovial\",\"https:\/\/x.com\/ferrovial\",\"https:\/\/www.instagram.com\/ferrovial\/\",\"https:\/\/www.linkedin.com\/company\/ferrovial\",\"https:\/\/www.pinterest.es\/ferrovial\/\",\"https:\/\/www.youtube.com\/ferrovial\",\"https:\/\/en.wikipedia.org\/wiki\/Ferrovial\"]}]}<\/script>","yoast_head_json":{"title":"Ferrovial Inmobiliaria adquiere dos solares sobre los que promover\u00e1 las Torres de Santa Cruz, en Tenerife Sala de prensa Ferrovial | \u00daltimas noticias","description":"Sala de prensa Ferrovial | \u00daltimas noticias","robots":{"index":"index","follow":"follow","max-snippet":"max-snippet:-1","max-image-preview":"max-image-preview:large","max-video-preview":"max-video-preview:-1"},"canonical":"https:\/\/newsroom.ferrovial.com\/es\/notas-prensa\/ferrovial-inmobiliaria-adquiere-dos-solares-sobre-los-que-promovera-las-torres-de-santa-cruz-en-tenerife\/","og_locale":"es_ES","og_type":"article","og_title":"Ferrovial Inmobiliaria adquiere dos solares sobre los que promover\u00e1 las Torres de Santa Cruz, en Tenerife Sala de prensa Ferrovial | \u00daltimas noticias","og_description":"Sala de prensa Ferrovial | \u00daltimas noticias","og_url":"https:\/\/newsroom.ferrovial.com\/es\/notas-prensa\/ferrovial-inmobiliaria-adquiere-dos-solares-sobre-los-que-promovera-las-torres-de-santa-cruz-en-tenerife\/","og_site_name":"Sala de prensa Ferrovial | \u00daltimas noticias","article_publisher":"https:\/\/www.facebook.com\/ferrovial","article_modified_time":"2022-12-21T11:30:53+00:00","twitter_card":"summary_large_image","twitter_site":"@ferrovial","schema":{"@context":"https:\/\/schema.org","@graph":[{"@type":"WebPage","@id":"https:\/\/newsroom.ferrovial.com\/es\/notas-prensa\/ferrovial-inmobiliaria-adquiere-dos-solares-sobre-los-que-promovera-las-torres-de-santa-cruz-en-tenerife\/","url":"https:\/\/newsroom.ferrovial.com\/es\/notas-prensa\/ferrovial-inmobiliaria-adquiere-dos-solares-sobre-los-que-promovera-las-torres-de-santa-cruz-en-tenerife\/","name":"Ferrovial Inmobiliaria adquiere dos solares sobre los que promover\u00e1 las Torres de Santa Cruz, en Tenerife Sala de prensa Ferrovial | \u00daltimas noticias","isPartOf":{"@id":"https:\/\/newsroom.ferrovial.com\/es\/#website"},"datePublished":"2000-03-19T00:00:00+00:00","dateModified":"2022-12-21T11:30:53+00:00","description":"Sala de prensa Ferrovial | \u00daltimas noticias","breadcrumb":{"@id":"https:\/\/newsroom.ferrovial.com\/es\/notas-prensa\/ferrovial-inmobiliaria-adquiere-dos-solares-sobre-los-que-promovera-las-torres-de-santa-cruz-en-tenerife\/#breadcrumb"},"inLanguage":"es","potentialAction":[{"@type":"ReadAction","target":["https:\/\/newsroom.ferrovial.com\/es\/notas-prensa\/ferrovial-inmobiliaria-adquiere-dos-solares-sobre-los-que-promovera-las-torres-de-santa-cruz-en-tenerife\/"]}]},{"@type":"BreadcrumbList","@id":"https:\/\/newsroom.ferrovial.com\/es\/notas-prensa\/ferrovial-inmobiliaria-adquiere-dos-solares-sobre-los-que-promovera-las-torres-de-santa-cruz-en-tenerife\/#breadcrumb","itemListElement":[{"@type":"ListItem","position":1,"name":"Portada","item":"https:\/\/newsroom.ferrovial.com\/es\/"},{"@type":"ListItem","position":2,"name":"Notas de Prensa","item":"https:\/\/newsroom.ferrovial.com\/es\/notas-prensa\/"},{"@type":"ListItem","position":3,"name":"Ferrovial Inmobiliaria adquiere dos solares sobre los que promover\u00e1 las Torres de Santa Cruz, en Tenerife"}]},{"@type":"WebSite","@id":"https:\/\/newsroom.ferrovial.com\/es\/#website","url":"https:\/\/newsroom.ferrovial.com\/es\/","name":"Sala de prensa Ferrovial | \u00daltimas noticias","description":"Sala de prensa Ferrovial | \u00daltimas noticias","publisher":{"@id":"https:\/\/newsroom.ferrovial.com\/es\/#organization"},"potentialAction":[{"@type":"SearchAction","target":{"@type":"EntryPoint","urlTemplate":"https:\/\/newsroom.ferrovial.com\/es\/?s={search_term_string}"},"query-input":{"@type":"PropertyValueSpecification","valueRequired":true,"valueName":"search_term_string"}}],"inLanguage":"es"},{"@type":"Organization","@id":"https:\/\/newsroom.ferrovial.com\/es\/#organization","name":"Ferrovial S.A.","url":"https:\/\/newsroom.ferrovial.com\/es\/","logo":{"@type":"ImageObject","inLanguage":"es","@id":"https:\/\/newsroom.ferrovial.com\/es\/#\/schema\/logo\/image\/","url":"https:\/\/static.newsroom.ferrovial.com\/wp-content\/uploads\/2018\/07\/15145720\/Ferrovial_Logotipo1.jpg","contentUrl":"https:\/\/static.newsroom.ferrovial.com\/wp-content\/uploads\/2018\/07\/15145720\/Ferrovial_Logotipo1.jpg","width":600,"height":300,"caption":"Ferrovial S.A."},"image":{"@id":"https:\/\/newsroom.ferrovial.com\/es\/#\/schema\/logo\/image\/"},"sameAs":["https:\/\/www.facebook.com\/ferrovial","https:\/\/x.com\/ferrovial","https:\/\/www.instagram.com\/ferrovial\/","https:\/\/www.linkedin.com\/company\/ferrovial","https:\/\/www.pinterest.es\/ferrovial\/","https:\/\/www.youtube.com\/ferrovial","https:\/\/en.wikipedia.org\/wiki\/Ferrovial"]}]}},"_links":{"self":[{"href":"https:\/\/newsroom.ferrovial.com\/es\/wp-json\/wp\/v2\/press_release\/672","targetHints":{"allow":["GET"]}}],"collection":[{"href":"https:\/\/newsroom.ferrovial.com\/es\/wp-json\/wp\/v2\/press_release"}],"about":[{"href":"https:\/\/newsroom.ferrovial.com\/es\/wp-json\/wp\/v2\/types\/press_release"}],"replies":[{"embeddable":true,"href":"https:\/\/newsroom.ferrovial.com\/es\/wp-json\/wp\/v2\/comments?post=672"}],"version-history":[{"count":2,"href":"https:\/\/newsroom.ferrovial.com\/es\/wp-json\/wp\/v2\/press_release\/672\/revisions"}],"predecessor-version":[{"id":99121,"href":"https:\/\/newsroom.ferrovial.com\/es\/wp-json\/wp\/v2\/press_release\/672\/revisions\/99121"}],"wp:attachment":[{"href":"https:\/\/newsroom.ferrovial.com\/es\/wp-json\/wp\/v2\/media?parent=672"}],"wp:term":[{"taxonomy":"nivel-2","embeddable":true,"href":"https:\/\/newsroom.ferrovial.com\/es\/wp-json\/wp\/v2\/nivel-2?post=672"},{"taxonomy":"nivel-5","embeddable":true,"href":"https:\/\/newsroom.ferrovial.com\/es\/wp-json\/wp\/v2\/nivel-5?post=672"},{"taxonomy":"nivel-1","embeddable":true,"href":"https:\/\/newsroom.ferrovial.com\/es\/wp-json\/wp\/v2\/nivel-1?post=672"},{"taxonomy":"nivel-3","embeddable":true,"href":"https:\/\/newsroom.ferrovial.com\/es\/wp-json\/wp\/v2\/nivel-3?post=672"},{"taxonomy":"nivel-4","embeddable":true,"href":"https:\/\/newsroom.ferrovial.com\/es\/wp-json\/wp\/v2\/nivel-4?post=672"}],"curies":[{"name":"wp","href":"https:\/\/api.w.org\/{rel}","templated":true}]}}