{"id":711,"date":"2012-03-30T00:00:00","date_gmt":"2012-03-30T00:00:00","guid":{"rendered":"https:\/\/newsroom.ferrovial.com\/press_releases\/rafael-del-pino-apuesta-por-la-inversion-en-infraestructuras-para-recuperar-el-crecimiento\/"},"modified":"2022-12-21T12:14:44","modified_gmt":"2022-12-21T11:14:44","slug":"rafael-del-pino-apuesta-por-la-inversion-en-infraestructuras-para-recuperar-el-crecimiento","status":"publish","type":"press_release","link":"https:\/\/newsroom.ferrovial.com\/es\/notas-prensa\/rafael-del-pino-apuesta-por-la-inversion-en-infraestructuras-para-recuperar-el-crecimiento\/","title":{"rendered":"Rafael del Pino apuesta por la inversi\u00f3n en infraestructuras para recuperar el crecimiento"},"content":{"rendered":"    <section class=\"wysiwyg text-editor \" id=\"\">\n        <div class=\"container container--narrow container--p-10\">\n            <p><em>En la Junta General Ordinaria de Accionistas celebrada hoy, Rafael del Pino, Presidente de Ferrovial, ha abogado por la inversi\u00f3n en infraestructuras para \u0093recuperar el crecimiento, dinamizar la econom\u00eda y generar empleo\u0094. La Junta ha aprobado todos los puntos del orden del d\u00eda, entre los que se incluye el pago de un dividendo con cargo a reservas de 0,25 euros por t\u00edtulo, que complementa los 0,20 euros entregados el pasado mes de noviembre.<\/em><\/p>\n<p>El Presidente de Ferrovial, <a title=\"Presidente\" href=\"https:\/\/www.ferrovial.com\/es\/compania\/sobre-nosotros\/presidente\/\" target=\"_blank\"><strong>Rafael del Pino<\/strong><\/a>, se ha mostrado partidario de \u0093proteger la inversi\u00f3n en infraestructuras para volver a recuperar el crecimiento\u0094, en su intervenci\u00f3n ante la Junta General de Accionistas de la sociedad. Del Pino ha explicado que es una pol\u00edtica id\u00f3nea \u0093para dinamizar la econom\u00eda y generar empleo\u0094. En este sentido, el Presidente de Ferrovial ha remarcado que los planes de colaboraci\u00f3n p\u00fablico-privada en infraestructuras y servicios son muy adecuados para encarar la actual situaci\u00f3n de la econom\u00eda.<\/p>\n<p>Rafael del Pino en su balance del 2011 para la empresa ha indicado que \u0093en este contexto complejo, el a\u00f1o ha sido m\u00e1s que satisfactorio para Ferrovial y sus accionistas. Hemos cumplido los objetivos del ejercicio sobradamente\u0094, se\u00f1al\u00f3. El Presidente de Ferrovial ha destacado \u0093el buen comportamiento de los negocios, con una mejora del 8,9% en su resultado bruto de explotaci\u00f3n\u0094, as\u00ed como la generaci\u00f3n de flujo de caja, la puesta en valor de activos y la evoluci\u00f3n de la cartera que se sit\u00faa en m\u00e1ximos hist\u00f3ricos. Tambi\u00e9n record\u00f3 que la venta del 5,88% de la participaci\u00f3n en BAA ha cambiado el per\u00edmetro de consolidaci\u00f3n al conllevar su integraci\u00f3n por puesta en equivalencia. \u0093Ferrovial cuenta con liquidez para acometer los proyectos del futuro con solvencia. Hemos demostrado nuestra capacidad para acceder al mercado de capitales en diversas monedas, y el mercado ha premiado nuestros esfuerzos con un incremento del valor de nuestra cotizaci\u00f3n en la Bolsa\u0094, puntualiz\u00f3 el presidente de Ferrovial.<\/p>\n<p>Asimismo, del Pino ha remarcado que el flujo de operaciones mantiene su tendencia positiva apoyado en los negocios de Construcci\u00f3n y Servicios, lo que ha permitido, junto a las desinversiones, alcanzar una posici\u00f3n neta de caja en la matriz al cierre de 2011 de 907 millones frente a los 31 millones al cierre de 2010.<\/p>\n<p>Por \u00faltimo, Rafael del Pino, que ha recordado la celebraci\u00f3n del 60 Aniversario de la fundaci\u00f3n de la compa\u00f1\u00eda en este a\u00f1o 2012, asegur\u00f3 que Ferrovial evoluciona hacia una compa\u00f1\u00eda m\u00e1s innovadora, m\u00e1s verde y m\u00e1s comprometida socialmente. Ha sido reconocida como una de las compa\u00f1\u00edas m\u00e1s admiradas por Fortune 500 y est\u00e1 incluida en los \u00edndices de sostenibilidad de FTSE4Good y DJSI.<\/p>\n<p><strong>Crecimiento de la cartera, liquidez y presencia internacional<\/strong><\/p>\n<p>Por su parte, I\u00f1igo Meir\u00e1s, Consejero Delegado de Ferrovial, destac\u00f3 a la hora de presentar los resultados de la compa\u00f1\u00eda en 2011 a los accionistas la buena marcha de los principales activos, como la autopista 407 ETR en Canad\u00e1 o el aeropuerto de Heathrow, la mejora de la posici\u00f3n financiera, el volumen de la cartera de Construcci\u00f3n y Servicios y la puesta en valor de activos, representada por la venta del 5,88% de BAA. La rotaci\u00f3n de activos ha producido desinversiones por valor de 1.264 millones de euros y plusval\u00edas por 1.064 millones. Entre ellas se incluyen Swissport, la participaci\u00f3n de BAA, las autopistas chilenas y la M45, en Madrid. Al tiempo que ha protagonizado inversiones por valor de 328 millones.<\/p>\n<p>Asimismo, I\u00f1igo Meir\u00e1s ha apuntado que Ferrovial ha obtenido contratos importantes, como los de Crossrail en el Reino Unido, el CPD de Telef\u00f3nica en Espa\u00f1a, la limpieza y tratamiento de residuos del Ayuntamiento de Murcia, las adjudicaciones del Ministerio de Justicia brit\u00e1nico o la extensi\u00f3n de la 407 en Toronto.<\/p>\n<p>La cartera de proyectos en Construcci\u00f3n y Servicios se ha mantenido en m\u00e1ximos, alcanzando los 22.422 millones de euros. La estrategia de diversificaci\u00f3n geogr\u00e1fica ha continuado dando frutos. La compa\u00f1\u00eda mantiene posiciones s\u00f3lidas en sus mercados tradicionales y estudia oportunidades en otros que re\u00fanan similares caracter\u00edsticas de estabilidad jur\u00eddica, pol\u00edtica y econ\u00f3mica. En la actualidad, Ferrovial obtiene del \u00e1rea internacional el 48% de su RBE, el 55% de sus ventas consolidadas y el 58% de su cartera.<\/p>\n<p>El Consejero Delegado de Ferrovial, \u00cd\u00f1igo Meir\u00e1s, ha resaltado que las principales prioridades para la compa\u00f1\u00eda son \u0093disciplina financiera, generaci\u00f3n de caja, crecimiento org\u00e1nico y an\u00e1lisis de oportunidades, buscando el incremento del valor para los accionistas\u0094. Adem\u00e1s, remarc\u00f3 el compromiso con la seguridad laboral, la Responsabilidad Corporativa y el Medio Ambiente.<\/p>\n<p><strong>Dividendo complementario de 0,25 euros<\/strong><\/p>\n<p>La Junta aprob\u00f3 el pago de un dividendo con cargo a reservas de 0,25 euros por t\u00edtulo, que complementa los 0,20 euros entregados el pasado mes de noviembre.<\/p>\n<p>Adem\u00e1s, se aprobaron todos los puntos del orden del d\u00eda, entre los que se inclu\u00edan la aprobaci\u00f3n de cuentas anuales, la supresi\u00f3n de la limitaci\u00f3n temporal para los consejeros independientes y la reforma de los Estatutos y del Reglamento de la Junta General para adaptarlos a las novedades legislativas. Por \u00faltimo, se aprob\u00f3 la participaci\u00f3n de los miembros de la Alta Direcci\u00f3n y de los Consejeros Ejecutivos en un sistema retributivo que ha venido aplic\u00e1ndose en los \u00faltimos a\u00f1os y que consiste en el pago en acciones de una parte de la retribuci\u00f3n variable.<\/p>\n<p>&nbsp;<\/p>\n<ul>\n<li><a href=\"https:\/\/www.ferrovial.com\/wp-content\/uploads\/2014\/12\/doc_nota_prensa_apuesta_infr.pdf\" target=\"_blank\">Desc\u00e1rgate el Dossier de Prensa Junta General de Accionistas 2012 (pdf)<\/a><\/li>\n<li><a title=\"V\u00eddeo JGA 2012\" href=\"https:\/\/newsroom.ferrovial.com\/es\/videos\/junta-general-de-accionistas-2012\/\" target=\"_blank\">Ver v\u00eddeo Junta General de Accionistas 2012<\/a><\/li>\n<\/ul>\n<p>&nbsp;<\/p>\n        <\/div>\n    <\/section>\n","protected":false},"excerpt":{"rendered":"","protected":false},"featured_media":0,"menu_order":0,"comment_status":"closed","ping_status":"closed","template":"","nivel-2":[907,2244,2214,987,995,1038],"nivel-5":[],"nivel-1":[893,894,2168],"nivel-3":[],"nivel-4":[],"class_list":["post-711","press_release","type-press_release","status-publish","hentry","nivel-2-accionistas-e-inversores","nivel-2-desinversion","nivel-2-dividendos","nivel-2-infraestructuras","nivel-2-junta-general-de-accionistas","nivel-2-resultados","nivel-1-aeropuertos","nivel-1-autopistas","nivel-1-construccion"],"acf":[],"yoast_head":"<title>Rafael del Pino apuesta por la inversi\u00f3n en infraestructuras para recuperar el crecimiento Sala de prensa Ferrovial | \u00daltimas noticias<\/title>\n<meta name=\"description\" content=\"Sala de prensa Ferrovial | \u00daltimas noticias\" \/>\n<meta name=\"robots\" content=\"index, follow, max-snippet:-1, max-image-preview:large, max-video-preview:-1\" \/>\n<link rel=\"canonical\" href=\"https:\/\/newsroom.ferrovial.com\/es\/notas-prensa\/rafael-del-pino-apuesta-por-la-inversion-en-infraestructuras-para-recuperar-el-crecimiento\/\" \/>\n<meta property=\"og:locale\" content=\"es_ES\" \/>\n<meta property=\"og:type\" content=\"article\" \/>\n<meta property=\"og:title\" content=\"Rafael del Pino apuesta por la inversi\u00f3n en infraestructuras para recuperar el crecimiento Sala de prensa Ferrovial | \u00daltimas noticias\" \/>\n<meta property=\"og:description\" content=\"Sala de prensa Ferrovial | \u00daltimas noticias\" \/>\n<meta property=\"og:url\" content=\"https:\/\/newsroom.ferrovial.com\/es\/notas-prensa\/rafael-del-pino-apuesta-por-la-inversion-en-infraestructuras-para-recuperar-el-crecimiento\/\" \/>\n<meta property=\"og:site_name\" content=\"Sala de prensa Ferrovial | \u00daltimas noticias\" \/>\n<meta property=\"article:publisher\" content=\"https:\/\/www.facebook.com\/ferrovial\" \/>\n<meta property=\"article:modified_time\" content=\"2022-12-21T11:14:44+00:00\" \/>\n<meta name=\"twitter:card\" content=\"summary_large_image\" \/>\n<meta name=\"twitter:site\" content=\"@ferrovial\" \/>\n<script type=\"application\/ld+json\" class=\"yoast-schema-graph\">{\"@context\":\"https:\/\/schema.org\",\"@graph\":[{\"@type\":\"WebPage\",\"@id\":\"https:\/\/newsroom.ferrovial.com\/es\/notas-prensa\/rafael-del-pino-apuesta-por-la-inversion-en-infraestructuras-para-recuperar-el-crecimiento\/\",\"url\":\"https:\/\/newsroom.ferrovial.com\/es\/notas-prensa\/rafael-del-pino-apuesta-por-la-inversion-en-infraestructuras-para-recuperar-el-crecimiento\/\",\"name\":\"Rafael del Pino apuesta por la inversi\u00f3n en infraestructuras para recuperar el crecimiento Sala de prensa Ferrovial | \u00daltimas noticias\",\"isPartOf\":{\"@id\":\"https:\/\/newsroom.ferrovial.com\/es\/#website\"},\"datePublished\":\"2012-03-30T00:00:00+00:00\",\"dateModified\":\"2022-12-21T11:14:44+00:00\",\"description\":\"Sala de prensa Ferrovial | \u00daltimas noticias\",\"breadcrumb\":{\"@id\":\"https:\/\/newsroom.ferrovial.com\/es\/notas-prensa\/rafael-del-pino-apuesta-por-la-inversion-en-infraestructuras-para-recuperar-el-crecimiento\/#breadcrumb\"},\"inLanguage\":\"es\",\"potentialAction\":[{\"@type\":\"ReadAction\",\"target\":[\"https:\/\/newsroom.ferrovial.com\/es\/notas-prensa\/rafael-del-pino-apuesta-por-la-inversion-en-infraestructuras-para-recuperar-el-crecimiento\/\"]}]},{\"@type\":\"BreadcrumbList\",\"@id\":\"https:\/\/newsroom.ferrovial.com\/es\/notas-prensa\/rafael-del-pino-apuesta-por-la-inversion-en-infraestructuras-para-recuperar-el-crecimiento\/#breadcrumb\",\"itemListElement\":[{\"@type\":\"ListItem\",\"position\":1,\"name\":\"Portada\",\"item\":\"https:\/\/newsroom.ferrovial.com\/es\/\"},{\"@type\":\"ListItem\",\"position\":2,\"name\":\"Notas de Prensa\",\"item\":\"https:\/\/newsroom.ferrovial.com\/es\/notas-prensa\/\"},{\"@type\":\"ListItem\",\"position\":3,\"name\":\"Rafael del Pino apuesta por la inversi\u00f3n en infraestructuras para recuperar el crecimiento\"}]},{\"@type\":\"WebSite\",\"@id\":\"https:\/\/newsroom.ferrovial.com\/es\/#website\",\"url\":\"https:\/\/newsroom.ferrovial.com\/es\/\",\"name\":\"Sala de prensa Ferrovial | \u00daltimas noticias\",\"description\":\"Sala de prensa Ferrovial | \u00daltimas noticias\",\"publisher\":{\"@id\":\"https:\/\/newsroom.ferrovial.com\/es\/#organization\"},\"potentialAction\":[{\"@type\":\"SearchAction\",\"target\":{\"@type\":\"EntryPoint\",\"urlTemplate\":\"https:\/\/newsroom.ferrovial.com\/es\/?s={search_term_string}\"},\"query-input\":{\"@type\":\"PropertyValueSpecification\",\"valueRequired\":true,\"valueName\":\"search_term_string\"}}],\"inLanguage\":\"es\"},{\"@type\":\"Organization\",\"@id\":\"https:\/\/newsroom.ferrovial.com\/es\/#organization\",\"name\":\"Ferrovial S.A.\",\"url\":\"https:\/\/newsroom.ferrovial.com\/es\/\",\"logo\":{\"@type\":\"ImageObject\",\"inLanguage\":\"es\",\"@id\":\"https:\/\/newsroom.ferrovial.com\/es\/#\/schema\/logo\/image\/\",\"url\":\"https:\/\/static.newsroom.ferrovial.com\/wp-content\/uploads\/2018\/07\/15145720\/Ferrovial_Logotipo1.jpg\",\"contentUrl\":\"https:\/\/static.newsroom.ferrovial.com\/wp-content\/uploads\/2018\/07\/15145720\/Ferrovial_Logotipo1.jpg\",\"width\":600,\"height\":300,\"caption\":\"Ferrovial S.A.\"},\"image\":{\"@id\":\"https:\/\/newsroom.ferrovial.com\/es\/#\/schema\/logo\/image\/\"},\"sameAs\":[\"https:\/\/www.facebook.com\/ferrovial\",\"https:\/\/x.com\/ferrovial\",\"https:\/\/www.instagram.com\/ferrovial\/\",\"https:\/\/www.linkedin.com\/company\/ferrovial\",\"https:\/\/www.pinterest.es\/ferrovial\/\",\"https:\/\/www.youtube.com\/ferrovial\",\"https:\/\/en.wikipedia.org\/wiki\/Ferrovial\"]}]}<\/script>","yoast_head_json":{"title":"Rafael del Pino apuesta por la inversi\u00f3n en infraestructuras para recuperar el crecimiento Sala de prensa Ferrovial | \u00daltimas noticias","description":"Sala de prensa Ferrovial | \u00daltimas noticias","robots":{"index":"index","follow":"follow","max-snippet":"max-snippet:-1","max-image-preview":"max-image-preview:large","max-video-preview":"max-video-preview:-1"},"canonical":"https:\/\/newsroom.ferrovial.com\/es\/notas-prensa\/rafael-del-pino-apuesta-por-la-inversion-en-infraestructuras-para-recuperar-el-crecimiento\/","og_locale":"es_ES","og_type":"article","og_title":"Rafael del Pino apuesta por la inversi\u00f3n en infraestructuras para recuperar el crecimiento Sala de prensa Ferrovial | \u00daltimas noticias","og_description":"Sala de prensa Ferrovial | \u00daltimas noticias","og_url":"https:\/\/newsroom.ferrovial.com\/es\/notas-prensa\/rafael-del-pino-apuesta-por-la-inversion-en-infraestructuras-para-recuperar-el-crecimiento\/","og_site_name":"Sala de prensa Ferrovial | \u00daltimas noticias","article_publisher":"https:\/\/www.facebook.com\/ferrovial","article_modified_time":"2022-12-21T11:14:44+00:00","twitter_card":"summary_large_image","twitter_site":"@ferrovial","schema":{"@context":"https:\/\/schema.org","@graph":[{"@type":"WebPage","@id":"https:\/\/newsroom.ferrovial.com\/es\/notas-prensa\/rafael-del-pino-apuesta-por-la-inversion-en-infraestructuras-para-recuperar-el-crecimiento\/","url":"https:\/\/newsroom.ferrovial.com\/es\/notas-prensa\/rafael-del-pino-apuesta-por-la-inversion-en-infraestructuras-para-recuperar-el-crecimiento\/","name":"Rafael del Pino apuesta por la inversi\u00f3n en infraestructuras para recuperar el crecimiento Sala de prensa Ferrovial | \u00daltimas noticias","isPartOf":{"@id":"https:\/\/newsroom.ferrovial.com\/es\/#website"},"datePublished":"2012-03-30T00:00:00+00:00","dateModified":"2022-12-21T11:14:44+00:00","description":"Sala de prensa Ferrovial | \u00daltimas noticias","breadcrumb":{"@id":"https:\/\/newsroom.ferrovial.com\/es\/notas-prensa\/rafael-del-pino-apuesta-por-la-inversion-en-infraestructuras-para-recuperar-el-crecimiento\/#breadcrumb"},"inLanguage":"es","potentialAction":[{"@type":"ReadAction","target":["https:\/\/newsroom.ferrovial.com\/es\/notas-prensa\/rafael-del-pino-apuesta-por-la-inversion-en-infraestructuras-para-recuperar-el-crecimiento\/"]}]},{"@type":"BreadcrumbList","@id":"https:\/\/newsroom.ferrovial.com\/es\/notas-prensa\/rafael-del-pino-apuesta-por-la-inversion-en-infraestructuras-para-recuperar-el-crecimiento\/#breadcrumb","itemListElement":[{"@type":"ListItem","position":1,"name":"Portada","item":"https:\/\/newsroom.ferrovial.com\/es\/"},{"@type":"ListItem","position":2,"name":"Notas de Prensa","item":"https:\/\/newsroom.ferrovial.com\/es\/notas-prensa\/"},{"@type":"ListItem","position":3,"name":"Rafael del Pino apuesta por la inversi\u00f3n en infraestructuras para recuperar el crecimiento"}]},{"@type":"WebSite","@id":"https:\/\/newsroom.ferrovial.com\/es\/#website","url":"https:\/\/newsroom.ferrovial.com\/es\/","name":"Sala de prensa Ferrovial | \u00daltimas noticias","description":"Sala de prensa Ferrovial | \u00daltimas noticias","publisher":{"@id":"https:\/\/newsroom.ferrovial.com\/es\/#organization"},"potentialAction":[{"@type":"SearchAction","target":{"@type":"EntryPoint","urlTemplate":"https:\/\/newsroom.ferrovial.com\/es\/?s={search_term_string}"},"query-input":{"@type":"PropertyValueSpecification","valueRequired":true,"valueName":"search_term_string"}}],"inLanguage":"es"},{"@type":"Organization","@id":"https:\/\/newsroom.ferrovial.com\/es\/#organization","name":"Ferrovial S.A.","url":"https:\/\/newsroom.ferrovial.com\/es\/","logo":{"@type":"ImageObject","inLanguage":"es","@id":"https:\/\/newsroom.ferrovial.com\/es\/#\/schema\/logo\/image\/","url":"https:\/\/static.newsroom.ferrovial.com\/wp-content\/uploads\/2018\/07\/15145720\/Ferrovial_Logotipo1.jpg","contentUrl":"https:\/\/static.newsroom.ferrovial.com\/wp-content\/uploads\/2018\/07\/15145720\/Ferrovial_Logotipo1.jpg","width":600,"height":300,"caption":"Ferrovial S.A."},"image":{"@id":"https:\/\/newsroom.ferrovial.com\/es\/#\/schema\/logo\/image\/"},"sameAs":["https:\/\/www.facebook.com\/ferrovial","https:\/\/x.com\/ferrovial","https:\/\/www.instagram.com\/ferrovial\/","https:\/\/www.linkedin.com\/company\/ferrovial","https:\/\/www.pinterest.es\/ferrovial\/","https:\/\/www.youtube.com\/ferrovial","https:\/\/en.wikipedia.org\/wiki\/Ferrovial"]}]}},"_links":{"self":[{"href":"https:\/\/newsroom.ferrovial.com\/es\/wp-json\/wp\/v2\/press_release\/711","targetHints":{"allow":["GET"]}}],"collection":[{"href":"https:\/\/newsroom.ferrovial.com\/es\/wp-json\/wp\/v2\/press_release"}],"about":[{"href":"https:\/\/newsroom.ferrovial.com\/es\/wp-json\/wp\/v2\/types\/press_release"}],"replies":[{"embeddable":true,"href":"https:\/\/newsroom.ferrovial.com\/es\/wp-json\/wp\/v2\/comments?post=711"}],"version-history":[{"count":1,"href":"https:\/\/newsroom.ferrovial.com\/es\/wp-json\/wp\/v2\/press_release\/711\/revisions"}],"predecessor-version":[{"id":96435,"href":"https:\/\/newsroom.ferrovial.com\/es\/wp-json\/wp\/v2\/press_release\/711\/revisions\/96435"}],"wp:attachment":[{"href":"https:\/\/newsroom.ferrovial.com\/es\/wp-json\/wp\/v2\/media?parent=711"}],"wp:term":[{"taxonomy":"nivel-2","embeddable":true,"href":"https:\/\/newsroom.ferrovial.com\/es\/wp-json\/wp\/v2\/nivel-2?post=711"},{"taxonomy":"nivel-5","embeddable":true,"href":"https:\/\/newsroom.ferrovial.com\/es\/wp-json\/wp\/v2\/nivel-5?post=711"},{"taxonomy":"nivel-1","embeddable":true,"href":"https:\/\/newsroom.ferrovial.com\/es\/wp-json\/wp\/v2\/nivel-1?post=711"},{"taxonomy":"nivel-3","embeddable":true,"href":"https:\/\/newsroom.ferrovial.com\/es\/wp-json\/wp\/v2\/nivel-3?post=711"},{"taxonomy":"nivel-4","embeddable":true,"href":"https:\/\/newsroom.ferrovial.com\/es\/wp-json\/wp\/v2\/nivel-4?post=711"}],"curies":[{"name":"wp","href":"https:\/\/api.w.org\/{rel}","templated":true}]}}