{"id":712,"date":"2000-06-28T00:00:00","date_gmt":"2000-06-28T00:00:00","guid":{"rendered":"https:\/\/newsroom.ferrovial.com\/press_releases\/rafael-del-pino-cede-la-presidencia-de-ferrovial-tras-48-anos-en-la-compania\/"},"modified":"2022-12-21T12:30:32","modified_gmt":"2022-12-21T11:30:32","slug":"rafael-del-pino-cede-la-presidencia-de-ferrovial-tras-48-anos-en-la-compania","status":"publish","type":"press_release","link":"https:\/\/newsroom.ferrovial.com\/es\/notas-prensa\/rafael-del-pino-cede-la-presidencia-de-ferrovial-tras-48-anos-en-la-compania\/","title":{"rendered":"Rafael del Pino cede la Presidencia de Ferrovial, tras 48 a\u00f1os en la compa\u00f1\u00eda"},"content":{"rendered":"    <section class=\"wysiwyg text-editor \" id=\"\">\n        <div class=\"container container--narrow container--p-10\">\n            <p><img decoding=\"async\" class=\"alignleft\" alt=\"\" src=\"\/wp-content\/uploads\/noticias\/img_nombramiento_de_rafael_del.jpg\" \/>El Consejo de Administraci\u00f3n nombra a Rafael del Pino y Calvo-Sotelo nuevo Presidente de Grupo Ferrovial<\/p>\n<p>El Consejo de Administraci\u00f3n de Grupo Ferrovial, reunido hoy, ha aceptado la renuncia de Rafael del Pino a la presidencia del Consejo y el nombramiento de Rafael del Pino y Calvo-Sotelo como nuevo Presidente. Este acuerdo confirma la decisi\u00f3n manifestada por el fundador de la compa\u00f1\u00eda en la \u00faltima Junta de Accionistas, celebrada el pasado 31 de marzo, de abandonar la presidencia en un plazo corto. Llevo trabajando en esta casa desde 1952 -explic\u00f3- y, despu\u00e9s de mucha reflexi\u00f3n, me ha parecido que ya es hora de cambiar de oficio. Tengo otras ofertas de trabajo y quiero aprovecharlas.<\/p>\n<p>El Consejo de Administraci\u00f3n de Grupo Ferrovial ha aceptado tambi\u00e9n la renuncia de Jos\u00e9 Mar\u00eda L\u00f3pez de Letona y Claudio Boada de Vilallonga, consejeros desde 1984 y 1985 respectivamente, y la designaci\u00f3n de tres nuevos consejeros: Juan Arena de la Mora, Consejero Delegado de Bankinter, Profesa Investments, B.V. y Portman Baela, S.L., accionistas principales de la compa\u00f1\u00eda, que estar\u00e1n representados por Mar\u00eda del Pino y Calvo-Sotelo y Eduardo Trueba Cort\u00e9s, respectivamente. De esta forma, el Consejo de Administraci\u00f3n de Grupo Ferrovial queda integrado por Rafael del Pino y Calvo Sotelo; Santiago Bergareche Busquet; Jos\u00e9 M\u00aa P\u00e9rez Tremps; Manuel Azpilicueta Ferrer; Alfonso Cortina de Alcocer; Jaime Carvajal y Urquijo; Javier Vega de Seoane y Azpilicueta; Fernando del Pino y Calvo Sotelo; Juan Arena de la Mora, Profesa Investments, B.V. y Portman Baela, S.L.<\/p>\n<p>Rafael del Pino, de 79 a\u00f1os y Doctor Ingeniero de Caminos, Canales y Puertos fund\u00f3 Ferrovial en 1952. Especializada, al principio, en construcci\u00f3n de ferrocarriles, Ferrovial fue entrando sucesivamente en los dem\u00e1s subsectores de la construcci\u00f3n, como carreteras, obras hidr\u00e1ulicas, puertos y edificaci\u00f3n residencial e industrial, hasta abarcar todo el amplio sector de la construcci\u00f3n. En la d\u00e9cada de los 60, Ferrovial entr\u00f3 en el negocio inmobiliario y de concesiones, al resultar adjudicataria en 1968 de la concesi\u00f3n de la Autopista Bilbao-Behobia. M\u00e1s tarde, en un proceso de diversificaci\u00f3n, Ferrovial entr\u00f3 tambi\u00e9n en el sector servicios y las telecomunicaciones. Hoy en d\u00eda, Grupo Ferrovial, S.A. factura cerca de medio bill\u00f3n de pesetas y su valor en bolsa supera los 300.000 millones de pesetas.<\/p>\n<p>Rafael del Pino ha sabido rodearse de colaboradores capaces, leales e ilusionados con los sucesivos proyectos de crecimiento y desarrollo del Grupo. Este equipo directivo ha sido capaz de transmitir a todos los valores que conforman la cultura de la empresa, como el principio de servicio a la sociedad, el amor a las cosas bien hechas, el esp\u00edritu de esfuerzo, la austeridad en el gasto, la reinversi\u00f3n de los beneficios o la adaptaci\u00f3n permanente a una sociedad en evoluci\u00f3n con la vista puesta siempre en el futuro.<\/p>\n<p>Del Pino ha presidido varias empresas del Grupo, entre ellas, Europistas (1968-1991), Autema (1987-1999) y Autopista de la Costa del Sol y ha ocupado otros cargos relevantes en distintas entidades, entre ellos, el de primer Presidente de la Empresa Nacional del Gas, S.A. (Enag\u00e1s), entre 1972 y 1974; Vocal del Instituto Nacional de Hidrocarburos, entre 1981 y 1985; Presidente de Philips Ib\u00e9rica, S.A.E., entre 1979 y 1987; Presidente de SEOPAN (Asociaci\u00f3n de Empresas Constructoras de Ambito Nacional) entre 1988 y 1989, y Vocal del Consejo Rector de la Asociaci\u00f3n para el Progreso de la Direcci\u00f3n (APD). En la actualidad es tambi\u00e9n Presidente del Instituto de la Empresa Familiar (IEF) y Vocal de la Junta Directiva del C\u00edrculo de Empresarios.<\/p>\n<p><strong>Ferrovial hoy<\/strong><\/p>\n<p>Rafael del Pino manifest\u00f3 hace tres meses, en la Junta General de Accionistas, que Rafael del Pino y Calvo-Sotelo, nuevo Presidente de Ferrovial y hasta ahora Vicepresidente Ejecutivo de la compa\u00f1\u00eda, ha demostrado, a lo largo de los a\u00f1os que ha sido primer ejecutivo, su capacidad y su val\u00eda para conducir a la sociedad a los niveles que tiene ahora. Y como tiene una edad madura, pero no tan madura como la m\u00eda, le queda todav\u00eda mucho tiempo por delante para seguir ejerciendo esa capacidad, que ha demostrado plenamente, de liderar la casa.<\/p>\n<p>Rafael del Pino y Calvo-Sotelo, de 41 a\u00f1os, es Ingeniero de Caminos, Canales y Puertos y Master en Business Administration (MBA) por el Instituto Tecnol\u00f3gico de Massachusetts (MIT) y se incorpor\u00f3 a Ferrovial en 1981. Desde entonces ha ocupado, entre otros, los cargos de Director Econ\u00f3mico-Financiero (1988-1992); Consejero Delegado (1992-1999) y Vicepresidente Ejecutivo, desde el mes de febrero de 1999 hasta la actualidad.<\/p>\n<p>Rafael del Pino y Calvo-Sotelo ha profundizado en estos \u00faltimos a\u00f1os en la estrategia de solidez y modernidad del Grupo y en la integraci\u00f3n de grandes profesionales en su equipo directivo y ha jugado un papel destacado en la salida a Bolsa del Grupo; la integraci\u00f3n de las actividades de construcci\u00f3n en la nueva Ferrovial Agrom\u00e1n; la constituci\u00f3n de Cintra, como \u00fanico veh\u00edculo para la licitaci\u00f3n y gesti\u00f3n de concesiones de infraestructuras de transporte del Grupo en Espa\u00f1a y el exterior y la consolidaci\u00f3n de Ferrovial en los mercados internacionales. Rafael del Pino y Calvo Sotelo es, adem\u00e1s, Presidente de alguna de las empresas del Grupo, entre ellas, Ferrovial Inmobiliaria y Cintra, as\u00ed como Consejero de Uralita y Miembro del Consejo Rector de la Asociaci\u00f3n para el Progreso de la Direcci\u00f3n (APD).<\/p>\n<p>Rafael del Pino y Calvo-Sotelo se hace cargo, desde hoy, de una empresa que, en su primer a\u00f1o en Bolsa, ha obtenido los mejores resultados de su historia. Su beneficio neto ascendi\u00f3 a 111 millones de euros (18.505 millones de pesetas) en 1999, un 30% m\u00e1s que el ejercicio precedente, mientras que la facturaci\u00f3n creci\u00f3 un 11%, hasta alcanzar los 2.645 millones de euros (440.118 millones de pesetas).<\/p>\n<p>En el primer trimestre del a\u00f1o, Ferrovial ha obtenido un beneficio neto de 28 millones de euros (4.641 millones de pesetas), un 41,6% m\u00e1s que en el mismo per\u00edodo del a\u00f1o anterior. La cifra de ventas consolidada en el mismo per\u00edodo asciende a 615,2 millones de euros (102.359 millones de pesetas), un 11,1% m\u00e1s. Durante el primer trimestre, Ferrovial ha mantenido un importante esfuerzo inversor, de 164,7 millones de euros (27.400 millones de pesetas), cifra en la que se incluye parte del desembolso para la adquisici\u00f3n de la constructora polaca Budimex y las aportaciones a la Autopista ETR 407 de Canad\u00e1.<\/p>\n<p>La cartera de obras en construcci\u00f3n alcanz\u00f3 a 31 de marzo de 2000 su m\u00e1ximo hist\u00f3rico: 4.308 millones de euros (716.791 millones de pesetas), un 14% m\u00e1s que en el mismo per\u00edodo del ejercicio anterior y coloca a Ferrovial a la cabeza del sector. Adem\u00e1s, est\u00e1 en el primer lugar del mundo en concesiones de infraestructuras de transporte por volumen de inversi\u00f3n, entre las que destaca la Autopista ETR 407 de Toronto, en Canad\u00e1, un proyecto que representa una inversi\u00f3n de m\u00e1s de 2.400 millones de euros (400.000 millones de pesetas). En el \u00e1rea inmobiliaria, Ferrovial ha consolidado su posici\u00f3n de l\u00edder en el sector de promoci\u00f3n residencial, con un crecimiento del 45% en su cifra de negocio y unas ventas comprometidas en 1999 de 430 millones de euros (71.546 millones de pesetas). Asimismo, Ferrovial contin\u00faa su proceso de crecimiento en el mercado de los servicios y posee unas inmejorables perspectivas en su diversificaci\u00f3n en telecomunicaciones. En este \u00e1rea, Ferrovial concurre ya, activamente, a trav\u00e9s de sus participaciones en Cableuropa (Ono) y Lince (Uni2).<\/p>\n        <\/div>\n    <\/section>\n","protected":false},"excerpt":{"rendered":"","protected":false},"featured_media":0,"menu_order":0,"comment_status":"closed","ping_status":"closed","template":"","nivel-2":[1912,1015,2207,1019,1904,2242],"nivel-5":[1902],"nivel-1":[],"nivel-3":[],"nivel-4":[],"class_list":["post-712","press_release","type-press_release","status-publish","hentry","nivel-2-corporativo","nivel-2-organigrama","nivel-2-organizacion-de-la-empresa","nivel-2-personas-y-equipo","nivel-2-recursos-humanos","nivel-2-talento","nivel-5-ferrovial"],"acf":[],"yoast_head":"<title>Rafael del Pino cede la Presidencia de Ferrovial, tras 48 a\u00f1os en la compa\u00f1\u00eda Sala de prensa Ferrovial | \u00daltimas noticias<\/title>\n<meta name=\"description\" content=\"Sala de prensa Ferrovial | \u00daltimas noticias\" \/>\n<meta name=\"robots\" content=\"index, follow, max-snippet:-1, max-image-preview:large, max-video-preview:-1\" \/>\n<link rel=\"canonical\" href=\"https:\/\/newsroom.ferrovial.com\/es\/notas-prensa\/rafael-del-pino-cede-la-presidencia-de-ferrovial-tras-48-anos-en-la-compania\/\" \/>\n<meta property=\"og:locale\" content=\"es_ES\" \/>\n<meta property=\"og:type\" content=\"article\" \/>\n<meta property=\"og:title\" content=\"Rafael del Pino cede la Presidencia de Ferrovial, tras 48 a\u00f1os en la compa\u00f1\u00eda Sala de prensa Ferrovial | \u00daltimas noticias\" \/>\n<meta property=\"og:description\" content=\"Sala de prensa Ferrovial | \u00daltimas noticias\" \/>\n<meta property=\"og:url\" content=\"https:\/\/newsroom.ferrovial.com\/es\/notas-prensa\/rafael-del-pino-cede-la-presidencia-de-ferrovial-tras-48-anos-en-la-compania\/\" \/>\n<meta property=\"og:site_name\" content=\"Sala de prensa Ferrovial | \u00daltimas noticias\" \/>\n<meta property=\"article:publisher\" content=\"https:\/\/www.facebook.com\/ferrovial\" \/>\n<meta property=\"article:modified_time\" content=\"2022-12-21T11:30:32+00:00\" \/>\n<meta name=\"twitter:card\" content=\"summary_large_image\" \/>\n<meta name=\"twitter:site\" content=\"@ferrovial\" \/>\n<script type=\"application\/ld+json\" class=\"yoast-schema-graph\">{\"@context\":\"https:\/\/schema.org\",\"@graph\":[{\"@type\":\"WebPage\",\"@id\":\"https:\/\/newsroom.ferrovial.com\/es\/notas-prensa\/rafael-del-pino-cede-la-presidencia-de-ferrovial-tras-48-anos-en-la-compania\/\",\"url\":\"https:\/\/newsroom.ferrovial.com\/es\/notas-prensa\/rafael-del-pino-cede-la-presidencia-de-ferrovial-tras-48-anos-en-la-compania\/\",\"name\":\"Rafael del Pino cede la Presidencia de Ferrovial, tras 48 a\u00f1os en la compa\u00f1\u00eda Sala de prensa Ferrovial | \u00daltimas noticias\",\"isPartOf\":{\"@id\":\"https:\/\/newsroom.ferrovial.com\/es\/#website\"},\"datePublished\":\"2000-06-28T00:00:00+00:00\",\"dateModified\":\"2022-12-21T11:30:32+00:00\",\"description\":\"Sala de prensa Ferrovial | \u00daltimas noticias\",\"breadcrumb\":{\"@id\":\"https:\/\/newsroom.ferrovial.com\/es\/notas-prensa\/rafael-del-pino-cede-la-presidencia-de-ferrovial-tras-48-anos-en-la-compania\/#breadcrumb\"},\"inLanguage\":\"es\",\"potentialAction\":[{\"@type\":\"ReadAction\",\"target\":[\"https:\/\/newsroom.ferrovial.com\/es\/notas-prensa\/rafael-del-pino-cede-la-presidencia-de-ferrovial-tras-48-anos-en-la-compania\/\"]}]},{\"@type\":\"BreadcrumbList\",\"@id\":\"https:\/\/newsroom.ferrovial.com\/es\/notas-prensa\/rafael-del-pino-cede-la-presidencia-de-ferrovial-tras-48-anos-en-la-compania\/#breadcrumb\",\"itemListElement\":[{\"@type\":\"ListItem\",\"position\":1,\"name\":\"Portada\",\"item\":\"https:\/\/newsroom.ferrovial.com\/es\/\"},{\"@type\":\"ListItem\",\"position\":2,\"name\":\"Notas de Prensa\",\"item\":\"https:\/\/newsroom.ferrovial.com\/es\/notas-prensa\/\"},{\"@type\":\"ListItem\",\"position\":3,\"name\":\"Rafael del Pino cede la Presidencia de Ferrovial, tras 48 a\u00f1os en la compa\u00f1\u00eda\"}]},{\"@type\":\"WebSite\",\"@id\":\"https:\/\/newsroom.ferrovial.com\/es\/#website\",\"url\":\"https:\/\/newsroom.ferrovial.com\/es\/\",\"name\":\"Sala de prensa Ferrovial | \u00daltimas noticias\",\"description\":\"Sala de prensa Ferrovial | \u00daltimas noticias\",\"publisher\":{\"@id\":\"https:\/\/newsroom.ferrovial.com\/es\/#organization\"},\"potentialAction\":[{\"@type\":\"SearchAction\",\"target\":{\"@type\":\"EntryPoint\",\"urlTemplate\":\"https:\/\/newsroom.ferrovial.com\/es\/?s={search_term_string}\"},\"query-input\":{\"@type\":\"PropertyValueSpecification\",\"valueRequired\":true,\"valueName\":\"search_term_string\"}}],\"inLanguage\":\"es\"},{\"@type\":\"Organization\",\"@id\":\"https:\/\/newsroom.ferrovial.com\/es\/#organization\",\"name\":\"Ferrovial S.A.\",\"url\":\"https:\/\/newsroom.ferrovial.com\/es\/\",\"logo\":{\"@type\":\"ImageObject\",\"inLanguage\":\"es\",\"@id\":\"https:\/\/newsroom.ferrovial.com\/es\/#\/schema\/logo\/image\/\",\"url\":\"https:\/\/static.newsroom.ferrovial.com\/wp-content\/uploads\/2018\/07\/15145720\/Ferrovial_Logotipo1.jpg\",\"contentUrl\":\"https:\/\/static.newsroom.ferrovial.com\/wp-content\/uploads\/2018\/07\/15145720\/Ferrovial_Logotipo1.jpg\",\"width\":600,\"height\":300,\"caption\":\"Ferrovial S.A.\"},\"image\":{\"@id\":\"https:\/\/newsroom.ferrovial.com\/es\/#\/schema\/logo\/image\/\"},\"sameAs\":[\"https:\/\/www.facebook.com\/ferrovial\",\"https:\/\/x.com\/ferrovial\",\"https:\/\/www.instagram.com\/ferrovial\/\",\"https:\/\/www.linkedin.com\/company\/ferrovial\",\"https:\/\/www.pinterest.es\/ferrovial\/\",\"https:\/\/www.youtube.com\/ferrovial\",\"https:\/\/en.wikipedia.org\/wiki\/Ferrovial\"]}]}<\/script>","yoast_head_json":{"title":"Rafael del Pino cede la Presidencia de Ferrovial, tras 48 a\u00f1os en la compa\u00f1\u00eda Sala de prensa Ferrovial | \u00daltimas noticias","description":"Sala de prensa Ferrovial | \u00daltimas noticias","robots":{"index":"index","follow":"follow","max-snippet":"max-snippet:-1","max-image-preview":"max-image-preview:large","max-video-preview":"max-video-preview:-1"},"canonical":"https:\/\/newsroom.ferrovial.com\/es\/notas-prensa\/rafael-del-pino-cede-la-presidencia-de-ferrovial-tras-48-anos-en-la-compania\/","og_locale":"es_ES","og_type":"article","og_title":"Rafael del Pino cede la Presidencia de Ferrovial, tras 48 a\u00f1os en la compa\u00f1\u00eda Sala de prensa Ferrovial | \u00daltimas noticias","og_description":"Sala de prensa Ferrovial | \u00daltimas noticias","og_url":"https:\/\/newsroom.ferrovial.com\/es\/notas-prensa\/rafael-del-pino-cede-la-presidencia-de-ferrovial-tras-48-anos-en-la-compania\/","og_site_name":"Sala de prensa Ferrovial | \u00daltimas noticias","article_publisher":"https:\/\/www.facebook.com\/ferrovial","article_modified_time":"2022-12-21T11:30:32+00:00","twitter_card":"summary_large_image","twitter_site":"@ferrovial","schema":{"@context":"https:\/\/schema.org","@graph":[{"@type":"WebPage","@id":"https:\/\/newsroom.ferrovial.com\/es\/notas-prensa\/rafael-del-pino-cede-la-presidencia-de-ferrovial-tras-48-anos-en-la-compania\/","url":"https:\/\/newsroom.ferrovial.com\/es\/notas-prensa\/rafael-del-pino-cede-la-presidencia-de-ferrovial-tras-48-anos-en-la-compania\/","name":"Rafael del Pino cede la Presidencia de Ferrovial, tras 48 a\u00f1os en la compa\u00f1\u00eda Sala de prensa Ferrovial | \u00daltimas noticias","isPartOf":{"@id":"https:\/\/newsroom.ferrovial.com\/es\/#website"},"datePublished":"2000-06-28T00:00:00+00:00","dateModified":"2022-12-21T11:30:32+00:00","description":"Sala de prensa Ferrovial | \u00daltimas noticias","breadcrumb":{"@id":"https:\/\/newsroom.ferrovial.com\/es\/notas-prensa\/rafael-del-pino-cede-la-presidencia-de-ferrovial-tras-48-anos-en-la-compania\/#breadcrumb"},"inLanguage":"es","potentialAction":[{"@type":"ReadAction","target":["https:\/\/newsroom.ferrovial.com\/es\/notas-prensa\/rafael-del-pino-cede-la-presidencia-de-ferrovial-tras-48-anos-en-la-compania\/"]}]},{"@type":"BreadcrumbList","@id":"https:\/\/newsroom.ferrovial.com\/es\/notas-prensa\/rafael-del-pino-cede-la-presidencia-de-ferrovial-tras-48-anos-en-la-compania\/#breadcrumb","itemListElement":[{"@type":"ListItem","position":1,"name":"Portada","item":"https:\/\/newsroom.ferrovial.com\/es\/"},{"@type":"ListItem","position":2,"name":"Notas de Prensa","item":"https:\/\/newsroom.ferrovial.com\/es\/notas-prensa\/"},{"@type":"ListItem","position":3,"name":"Rafael del Pino cede la Presidencia de Ferrovial, tras 48 a\u00f1os en la compa\u00f1\u00eda"}]},{"@type":"WebSite","@id":"https:\/\/newsroom.ferrovial.com\/es\/#website","url":"https:\/\/newsroom.ferrovial.com\/es\/","name":"Sala de prensa Ferrovial | \u00daltimas noticias","description":"Sala de prensa Ferrovial | \u00daltimas noticias","publisher":{"@id":"https:\/\/newsroom.ferrovial.com\/es\/#organization"},"potentialAction":[{"@type":"SearchAction","target":{"@type":"EntryPoint","urlTemplate":"https:\/\/newsroom.ferrovial.com\/es\/?s={search_term_string}"},"query-input":{"@type":"PropertyValueSpecification","valueRequired":true,"valueName":"search_term_string"}}],"inLanguage":"es"},{"@type":"Organization","@id":"https:\/\/newsroom.ferrovial.com\/es\/#organization","name":"Ferrovial S.A.","url":"https:\/\/newsroom.ferrovial.com\/es\/","logo":{"@type":"ImageObject","inLanguage":"es","@id":"https:\/\/newsroom.ferrovial.com\/es\/#\/schema\/logo\/image\/","url":"https:\/\/static.newsroom.ferrovial.com\/wp-content\/uploads\/2018\/07\/15145720\/Ferrovial_Logotipo1.jpg","contentUrl":"https:\/\/static.newsroom.ferrovial.com\/wp-content\/uploads\/2018\/07\/15145720\/Ferrovial_Logotipo1.jpg","width":600,"height":300,"caption":"Ferrovial S.A."},"image":{"@id":"https:\/\/newsroom.ferrovial.com\/es\/#\/schema\/logo\/image\/"},"sameAs":["https:\/\/www.facebook.com\/ferrovial","https:\/\/x.com\/ferrovial","https:\/\/www.instagram.com\/ferrovial\/","https:\/\/www.linkedin.com\/company\/ferrovial","https:\/\/www.pinterest.es\/ferrovial\/","https:\/\/www.youtube.com\/ferrovial","https:\/\/en.wikipedia.org\/wiki\/Ferrovial"]}]}},"_links":{"self":[{"href":"https:\/\/newsroom.ferrovial.com\/es\/wp-json\/wp\/v2\/press_release\/712","targetHints":{"allow":["GET"]}}],"collection":[{"href":"https:\/\/newsroom.ferrovial.com\/es\/wp-json\/wp\/v2\/press_release"}],"about":[{"href":"https:\/\/newsroom.ferrovial.com\/es\/wp-json\/wp\/v2\/types\/press_release"}],"replies":[{"embeddable":true,"href":"https:\/\/newsroom.ferrovial.com\/es\/wp-json\/wp\/v2\/comments?post=712"}],"version-history":[{"count":1,"href":"https:\/\/newsroom.ferrovial.com\/es\/wp-json\/wp\/v2\/press_release\/712\/revisions"}],"predecessor-version":[{"id":110389,"href":"https:\/\/newsroom.ferrovial.com\/es\/wp-json\/wp\/v2\/press_release\/712\/revisions\/110389"}],"wp:attachment":[{"href":"https:\/\/newsroom.ferrovial.com\/es\/wp-json\/wp\/v2\/media?parent=712"}],"wp:term":[{"taxonomy":"nivel-2","embeddable":true,"href":"https:\/\/newsroom.ferrovial.com\/es\/wp-json\/wp\/v2\/nivel-2?post=712"},{"taxonomy":"nivel-5","embeddable":true,"href":"https:\/\/newsroom.ferrovial.com\/es\/wp-json\/wp\/v2\/nivel-5?post=712"},{"taxonomy":"nivel-1","embeddable":true,"href":"https:\/\/newsroom.ferrovial.com\/es\/wp-json\/wp\/v2\/nivel-1?post=712"},{"taxonomy":"nivel-3","embeddable":true,"href":"https:\/\/newsroom.ferrovial.com\/es\/wp-json\/wp\/v2\/nivel-3?post=712"},{"taxonomy":"nivel-4","embeddable":true,"href":"https:\/\/newsroom.ferrovial.com\/es\/wp-json\/wp\/v2\/nivel-4?post=712"}],"curies":[{"name":"wp","href":"https:\/\/api.w.org\/{rel}","templated":true}]}}