{"id":714,"date":"2001-11-23T00:00:00","date_gmt":"2001-11-23T00:00:00","guid":{"rendered":"https:\/\/newsroom.ferrovial.com\/press_releases\/rafael-del-pino-premiado-como-empresario-espanol-universalmente-destacado-por-la-camara-oficial-espanola-de-comercio-de-chile\/"},"modified":"2022-12-21T12:29:15","modified_gmt":"2022-12-21T11:29:15","slug":"rafael-del-pino-premiado-como-empresario-espanol-universalmente-destacado-por-la-camara-oficial-espanola-de-comercio-de-chile","status":"publish","type":"press_release","link":"https:\/\/newsroom.ferrovial.com\/es\/notas-prensa\/rafael-del-pino-premiado-como-empresario-espanol-universalmente-destacado-por-la-camara-oficial-espanola-de-comercio-de-chile\/","title":{"rendered":"Rafael del Pino, premiado como \u00abEmpresario Espa\u00f1ol Universalmente Destacado\u00bb por la C\u00e1mara Oficial Espa\u00f1ola de Comercio de Chile"},"content":{"rendered":"    <section class=\"wysiwyg text-editor \" id=\"\">\n        <div class=\"container container--narrow container--p-10\">\n            <p>Rafael del Pino y Calvo-Sotelo, Presidente de Grupo Ferrovial, fue premiado el pasado 24 de noviembre en Santiago de Chile con la Medalla Institucional de la C\u00e1mara Oficial de Comercio de Chile como \u00abEmpresario Espa\u00f1ol Universalmente Destacado\u00bb, en reconocimiento a su trayectoria empresarial y la expansi\u00f3n internacional protagonizada por la compa\u00f1\u00eda, como modelo a seguir de empresa espa\u00f1ola en el exterior.<\/p>\n<p>Al acto, enmarcado en la Cena de Gala Anual de este organismo, asistieron m\u00e1s de mil empresarios y pol\u00edticos del pa\u00eds. En su discurso, Rafael del Pino dedic\u00f3 este reconocimiento <i>\u00aba un gran equipo de profesionales que trabajan con ilusi\u00f3n y empe\u00f1o en un proyecto empresarial como es el de Ferrovial en Chile\u00bb<\/i>. Adem\u00e1s destac\u00f3 <i>\u00abla apuesta por el desarrollo y la promoci\u00f3n de las infraestructuras de este pa\u00eds que, d\u00eda a d\u00eda, nos demuestra a todos su empe\u00f1o por liderar el crecimiento econ\u00f3mico y social de este continente\u00bb.<\/i><\/p>\n<p>Ferrovial, presente en Chile desde la d\u00e9cada de los noventa en las actividades de construcci\u00f3n, concesiones y promoci\u00f3n inmobiliaria, es el mayor promotor de autopistas de peaje del pa\u00eds a trav\u00e9s de su filial Cintra, y acaba de concluir el proceso de financiaci\u00f3n de los cuatro tramos de autopista (un total de 750 km) que explota en la Ruta 5 de la Carretera Panamericana, con una inversi\u00f3n total de 1.500 millones de d\u00f3lares.<\/p>\n        <\/div>\n    <\/section>\n","protected":false},"excerpt":{"rendered":"","protected":false},"featured_media":0,"menu_order":0,"comment_status":"closed","ping_status":"closed","template":"","nivel-2":[1912,1015,2207,1019,1904,2242],"nivel-5":[],"nivel-1":[],"nivel-3":[1256],"nivel-4":[],"class_list":["post-714","press_release","type-press_release","status-publish","hentry","nivel-2-corporativo","nivel-2-organigrama","nivel-2-organizacion-de-la-empresa","nivel-2-personas-y-equipo","nivel-2-recursos-humanos","nivel-2-talento","nivel-3-chile"],"acf":[],"yoast_head":"<title>Rafael del Pino, premiado como &quot;Empresario Espa\u00f1ol Universalmente Destacado&quot; por la C\u00e1mara Oficial Espa\u00f1ola de Comercio de Chile Sala de prensa Ferrovial | \u00daltimas noticias<\/title>\n<meta name=\"description\" content=\"Sala de prensa Ferrovial | \u00daltimas noticias\" \/>\n<meta name=\"robots\" content=\"index, follow, max-snippet:-1, max-image-preview:large, max-video-preview:-1\" \/>\n<link rel=\"canonical\" href=\"https:\/\/newsroom.ferrovial.com\/es\/notas-prensa\/rafael-del-pino-premiado-como-empresario-espanol-universalmente-destacado-por-la-camara-oficial-espanola-de-comercio-de-chile\/\" \/>\n<meta property=\"og:locale\" content=\"es_ES\" \/>\n<meta property=\"og:type\" content=\"article\" \/>\n<meta property=\"og:title\" content=\"Rafael del Pino, premiado como &quot;Empresario Espa\u00f1ol Universalmente Destacado&quot; por la C\u00e1mara Oficial Espa\u00f1ola de Comercio de Chile Sala de prensa Ferrovial | \u00daltimas noticias\" \/>\n<meta property=\"og:description\" content=\"Sala de prensa Ferrovial | \u00daltimas noticias\" \/>\n<meta property=\"og:url\" content=\"https:\/\/newsroom.ferrovial.com\/es\/notas-prensa\/rafael-del-pino-premiado-como-empresario-espanol-universalmente-destacado-por-la-camara-oficial-espanola-de-comercio-de-chile\/\" \/>\n<meta property=\"og:site_name\" content=\"Sala de prensa Ferrovial | \u00daltimas noticias\" \/>\n<meta property=\"article:publisher\" content=\"https:\/\/www.facebook.com\/ferrovial\" \/>\n<meta property=\"article:modified_time\" content=\"2022-12-21T11:29:15+00:00\" \/>\n<meta name=\"twitter:card\" content=\"summary_large_image\" \/>\n<meta name=\"twitter:site\" content=\"@ferrovial\" \/>\n<script type=\"application\/ld+json\" class=\"yoast-schema-graph\">{\"@context\":\"https:\/\/schema.org\",\"@graph\":[{\"@type\":\"WebPage\",\"@id\":\"https:\/\/newsroom.ferrovial.com\/es\/notas-prensa\/rafael-del-pino-premiado-como-empresario-espanol-universalmente-destacado-por-la-camara-oficial-espanola-de-comercio-de-chile\/\",\"url\":\"https:\/\/newsroom.ferrovial.com\/es\/notas-prensa\/rafael-del-pino-premiado-como-empresario-espanol-universalmente-destacado-por-la-camara-oficial-espanola-de-comercio-de-chile\/\",\"name\":\"Rafael del Pino, premiado como \\\"Empresario Espa\u00f1ol Universalmente Destacado\\\" por la C\u00e1mara Oficial Espa\u00f1ola de Comercio de Chile Sala de prensa Ferrovial | \u00daltimas noticias\",\"isPartOf\":{\"@id\":\"https:\/\/newsroom.ferrovial.com\/es\/#website\"},\"datePublished\":\"2001-11-23T00:00:00+00:00\",\"dateModified\":\"2022-12-21T11:29:15+00:00\",\"description\":\"Sala de prensa Ferrovial | \u00daltimas noticias\",\"breadcrumb\":{\"@id\":\"https:\/\/newsroom.ferrovial.com\/es\/notas-prensa\/rafael-del-pino-premiado-como-empresario-espanol-universalmente-destacado-por-la-camara-oficial-espanola-de-comercio-de-chile\/#breadcrumb\"},\"inLanguage\":\"es\",\"potentialAction\":[{\"@type\":\"ReadAction\",\"target\":[\"https:\/\/newsroom.ferrovial.com\/es\/notas-prensa\/rafael-del-pino-premiado-como-empresario-espanol-universalmente-destacado-por-la-camara-oficial-espanola-de-comercio-de-chile\/\"]}]},{\"@type\":\"BreadcrumbList\",\"@id\":\"https:\/\/newsroom.ferrovial.com\/es\/notas-prensa\/rafael-del-pino-premiado-como-empresario-espanol-universalmente-destacado-por-la-camara-oficial-espanola-de-comercio-de-chile\/#breadcrumb\",\"itemListElement\":[{\"@type\":\"ListItem\",\"position\":1,\"name\":\"Portada\",\"item\":\"https:\/\/newsroom.ferrovial.com\/es\/\"},{\"@type\":\"ListItem\",\"position\":2,\"name\":\"Notas de Prensa\",\"item\":\"https:\/\/newsroom.ferrovial.com\/es\/notas-prensa\/\"},{\"@type\":\"ListItem\",\"position\":3,\"name\":\"Rafael del Pino, premiado como \u00abEmpresario Espa\u00f1ol Universalmente Destacado\u00bb por la C\u00e1mara Oficial Espa\u00f1ola de Comercio de Chile\"}]},{\"@type\":\"WebSite\",\"@id\":\"https:\/\/newsroom.ferrovial.com\/es\/#website\",\"url\":\"https:\/\/newsroom.ferrovial.com\/es\/\",\"name\":\"Sala de prensa Ferrovial | \u00daltimas noticias\",\"description\":\"Sala de prensa Ferrovial | \u00daltimas noticias\",\"publisher\":{\"@id\":\"https:\/\/newsroom.ferrovial.com\/es\/#organization\"},\"potentialAction\":[{\"@type\":\"SearchAction\",\"target\":{\"@type\":\"EntryPoint\",\"urlTemplate\":\"https:\/\/newsroom.ferrovial.com\/es\/?s={search_term_string}\"},\"query-input\":{\"@type\":\"PropertyValueSpecification\",\"valueRequired\":true,\"valueName\":\"search_term_string\"}}],\"inLanguage\":\"es\"},{\"@type\":\"Organization\",\"@id\":\"https:\/\/newsroom.ferrovial.com\/es\/#organization\",\"name\":\"Ferrovial S.A.\",\"url\":\"https:\/\/newsroom.ferrovial.com\/es\/\",\"logo\":{\"@type\":\"ImageObject\",\"inLanguage\":\"es\",\"@id\":\"https:\/\/newsroom.ferrovial.com\/es\/#\/schema\/logo\/image\/\",\"url\":\"https:\/\/static.newsroom.ferrovial.com\/wp-content\/uploads\/2018\/07\/15145720\/Ferrovial_Logotipo1.jpg\",\"contentUrl\":\"https:\/\/static.newsroom.ferrovial.com\/wp-content\/uploads\/2018\/07\/15145720\/Ferrovial_Logotipo1.jpg\",\"width\":600,\"height\":300,\"caption\":\"Ferrovial S.A.\"},\"image\":{\"@id\":\"https:\/\/newsroom.ferrovial.com\/es\/#\/schema\/logo\/image\/\"},\"sameAs\":[\"https:\/\/www.facebook.com\/ferrovial\",\"https:\/\/x.com\/ferrovial\",\"https:\/\/www.instagram.com\/ferrovial\/\",\"https:\/\/www.linkedin.com\/company\/ferrovial\",\"https:\/\/www.pinterest.es\/ferrovial\/\",\"https:\/\/www.youtube.com\/ferrovial\",\"https:\/\/en.wikipedia.org\/wiki\/Ferrovial\"]}]}<\/script>","yoast_head_json":{"title":"Rafael del Pino, premiado como \"Empresario Espa\u00f1ol Universalmente Destacado\" por la C\u00e1mara Oficial Espa\u00f1ola de Comercio de Chile Sala de prensa Ferrovial | \u00daltimas noticias","description":"Sala de prensa Ferrovial | \u00daltimas noticias","robots":{"index":"index","follow":"follow","max-snippet":"max-snippet:-1","max-image-preview":"max-image-preview:large","max-video-preview":"max-video-preview:-1"},"canonical":"https:\/\/newsroom.ferrovial.com\/es\/notas-prensa\/rafael-del-pino-premiado-como-empresario-espanol-universalmente-destacado-por-la-camara-oficial-espanola-de-comercio-de-chile\/","og_locale":"es_ES","og_type":"article","og_title":"Rafael del Pino, premiado como \"Empresario Espa\u00f1ol Universalmente Destacado\" por la C\u00e1mara Oficial Espa\u00f1ola de Comercio de Chile Sala de prensa Ferrovial | \u00daltimas noticias","og_description":"Sala de prensa Ferrovial | \u00daltimas noticias","og_url":"https:\/\/newsroom.ferrovial.com\/es\/notas-prensa\/rafael-del-pino-premiado-como-empresario-espanol-universalmente-destacado-por-la-camara-oficial-espanola-de-comercio-de-chile\/","og_site_name":"Sala de prensa Ferrovial | \u00daltimas noticias","article_publisher":"https:\/\/www.facebook.com\/ferrovial","article_modified_time":"2022-12-21T11:29:15+00:00","twitter_card":"summary_large_image","twitter_site":"@ferrovial","schema":{"@context":"https:\/\/schema.org","@graph":[{"@type":"WebPage","@id":"https:\/\/newsroom.ferrovial.com\/es\/notas-prensa\/rafael-del-pino-premiado-como-empresario-espanol-universalmente-destacado-por-la-camara-oficial-espanola-de-comercio-de-chile\/","url":"https:\/\/newsroom.ferrovial.com\/es\/notas-prensa\/rafael-del-pino-premiado-como-empresario-espanol-universalmente-destacado-por-la-camara-oficial-espanola-de-comercio-de-chile\/","name":"Rafael del Pino, premiado como \"Empresario Espa\u00f1ol Universalmente Destacado\" por la C\u00e1mara Oficial Espa\u00f1ola de Comercio de Chile Sala de prensa Ferrovial | \u00daltimas noticias","isPartOf":{"@id":"https:\/\/newsroom.ferrovial.com\/es\/#website"},"datePublished":"2001-11-23T00:00:00+00:00","dateModified":"2022-12-21T11:29:15+00:00","description":"Sala de prensa Ferrovial | \u00daltimas noticias","breadcrumb":{"@id":"https:\/\/newsroom.ferrovial.com\/es\/notas-prensa\/rafael-del-pino-premiado-como-empresario-espanol-universalmente-destacado-por-la-camara-oficial-espanola-de-comercio-de-chile\/#breadcrumb"},"inLanguage":"es","potentialAction":[{"@type":"ReadAction","target":["https:\/\/newsroom.ferrovial.com\/es\/notas-prensa\/rafael-del-pino-premiado-como-empresario-espanol-universalmente-destacado-por-la-camara-oficial-espanola-de-comercio-de-chile\/"]}]},{"@type":"BreadcrumbList","@id":"https:\/\/newsroom.ferrovial.com\/es\/notas-prensa\/rafael-del-pino-premiado-como-empresario-espanol-universalmente-destacado-por-la-camara-oficial-espanola-de-comercio-de-chile\/#breadcrumb","itemListElement":[{"@type":"ListItem","position":1,"name":"Portada","item":"https:\/\/newsroom.ferrovial.com\/es\/"},{"@type":"ListItem","position":2,"name":"Notas de Prensa","item":"https:\/\/newsroom.ferrovial.com\/es\/notas-prensa\/"},{"@type":"ListItem","position":3,"name":"Rafael del Pino, premiado como \u00abEmpresario Espa\u00f1ol Universalmente Destacado\u00bb por la C\u00e1mara Oficial Espa\u00f1ola de Comercio de Chile"}]},{"@type":"WebSite","@id":"https:\/\/newsroom.ferrovial.com\/es\/#website","url":"https:\/\/newsroom.ferrovial.com\/es\/","name":"Sala de prensa Ferrovial | \u00daltimas noticias","description":"Sala de prensa Ferrovial | \u00daltimas noticias","publisher":{"@id":"https:\/\/newsroom.ferrovial.com\/es\/#organization"},"potentialAction":[{"@type":"SearchAction","target":{"@type":"EntryPoint","urlTemplate":"https:\/\/newsroom.ferrovial.com\/es\/?s={search_term_string}"},"query-input":{"@type":"PropertyValueSpecification","valueRequired":true,"valueName":"search_term_string"}}],"inLanguage":"es"},{"@type":"Organization","@id":"https:\/\/newsroom.ferrovial.com\/es\/#organization","name":"Ferrovial S.A.","url":"https:\/\/newsroom.ferrovial.com\/es\/","logo":{"@type":"ImageObject","inLanguage":"es","@id":"https:\/\/newsroom.ferrovial.com\/es\/#\/schema\/logo\/image\/","url":"https:\/\/static.newsroom.ferrovial.com\/wp-content\/uploads\/2018\/07\/15145720\/Ferrovial_Logotipo1.jpg","contentUrl":"https:\/\/static.newsroom.ferrovial.com\/wp-content\/uploads\/2018\/07\/15145720\/Ferrovial_Logotipo1.jpg","width":600,"height":300,"caption":"Ferrovial S.A."},"image":{"@id":"https:\/\/newsroom.ferrovial.com\/es\/#\/schema\/logo\/image\/"},"sameAs":["https:\/\/www.facebook.com\/ferrovial","https:\/\/x.com\/ferrovial","https:\/\/www.instagram.com\/ferrovial\/","https:\/\/www.linkedin.com\/company\/ferrovial","https:\/\/www.pinterest.es\/ferrovial\/","https:\/\/www.youtube.com\/ferrovial","https:\/\/en.wikipedia.org\/wiki\/Ferrovial"]}]}},"_links":{"self":[{"href":"https:\/\/newsroom.ferrovial.com\/es\/wp-json\/wp\/v2\/press_release\/714","targetHints":{"allow":["GET"]}}],"collection":[{"href":"https:\/\/newsroom.ferrovial.com\/es\/wp-json\/wp\/v2\/press_release"}],"about":[{"href":"https:\/\/newsroom.ferrovial.com\/es\/wp-json\/wp\/v2\/types\/press_release"}],"replies":[{"embeddable":true,"href":"https:\/\/newsroom.ferrovial.com\/es\/wp-json\/wp\/v2\/comments?post=714"}],"version-history":[{"count":1,"href":"https:\/\/newsroom.ferrovial.com\/es\/wp-json\/wp\/v2\/press_release\/714\/revisions"}],"predecessor-version":[{"id":110354,"href":"https:\/\/newsroom.ferrovial.com\/es\/wp-json\/wp\/v2\/press_release\/714\/revisions\/110354"}],"wp:attachment":[{"href":"https:\/\/newsroom.ferrovial.com\/es\/wp-json\/wp\/v2\/media?parent=714"}],"wp:term":[{"taxonomy":"nivel-2","embeddable":true,"href":"https:\/\/newsroom.ferrovial.com\/es\/wp-json\/wp\/v2\/nivel-2?post=714"},{"taxonomy":"nivel-5","embeddable":true,"href":"https:\/\/newsroom.ferrovial.com\/es\/wp-json\/wp\/v2\/nivel-5?post=714"},{"taxonomy":"nivel-1","embeddable":true,"href":"https:\/\/newsroom.ferrovial.com\/es\/wp-json\/wp\/v2\/nivel-1?post=714"},{"taxonomy":"nivel-3","embeddable":true,"href":"https:\/\/newsroom.ferrovial.com\/es\/wp-json\/wp\/v2\/nivel-3?post=714"},{"taxonomy":"nivel-4","embeddable":true,"href":"https:\/\/newsroom.ferrovial.com\/es\/wp-json\/wp\/v2\/nivel-4?post=714"}],"curies":[{"name":"wp","href":"https:\/\/api.w.org\/{rel}","templated":true}]}}