{"id":90467,"date":"2019-09-30T21:14:26","date_gmt":"2019-09-30T19:14:26","guid":{"rendered":"https:\/\/newsroom.ferrovial.com\/?post_type=press_release&#038;p=90467"},"modified":"2022-12-21T12:04:48","modified_gmt":"2022-12-21T11:04:48","slug":"juan-hoyos-nombrado-consejero-independiente-de-ferrovial","status":"publish","type":"press_release","link":"https:\/\/newsroom.ferrovial.com\/es\/notas-prensa\/juan-hoyos-nombrado-consejero-independiente-de-ferrovial\/","title":{"rendered":"Juan Hoyos, nombrado consejero independiente de Ferrovial"},"content":{"rendered":"    <section class=\"wysiwyg text-editor \" id=\"\">\n        <div class=\"container container--narrow container--p-10\">\n            <p>Juan Hoyos ha desempe\u00f1ado buena parte de su carrera profesional en McKinsey, firma a la que se incorpor\u00f3 en 1978 y fue escalando todas las posiciones hasta ocupar la presidencia, actuando como socio director, entre los a\u00f1os 2004 y 2009 para Iberia. Tambi\u00e9n fue miembro del Consejo mundial de Accionistas de McKinsey&amp;Company. Con posterioridad, fue vicepresidente ejecutivo de Estrategia, Marca y Marketing del Banco Santander Brasil y consejero de Banco Santander Chile y Banco Santander M\u00e9xico. En la actualidad, es presidente desde 2014 de Haya Real Estate. Juan Hoyos es licenciado en Ciencias Econ\u00f3micas por la Universidad Complutense de Madrid y Master en Administraci\u00f3n de Empresas, Contabilidad y Finanzas por Columbia Business School.<\/p>\n<p>Joaqu\u00edn Ayuso, ingeniero de Caminos por la Universidad Polit\u00e9cnica de Madrid, ha estado vinculado a Ferrovial desde 1982, habiendo sido su consejero delegado entre 2002 y 2009 y de Ferrovial Agroman entre 1999 y 2002. Ocupaba la vicepresidencia segunda del Consejo y era miembro de su Comisi\u00f3n Ejecutiva.\u00a0 El Consejo ha expresado \u201csu reconocimiento y gratitud a la dedicaci\u00f3n y contribuci\u00f3n\u201d durante sus a\u00f1os de vinculaci\u00f3n a Ferrovial.<\/p>\n<p>Con el nombramiento de Juan Hoyos contin\u00faa la l\u00ednea de renovaci\u00f3n del Consejo de Administraci\u00f3n de Ferrovial. En 2015 se incorpor\u00f3 \u00d3scar Fanjul; en 2016, Philip Bowman; en 2017, Hanne S\u00f8rensen, y en 2018, Bruno di Leo. En la actualidad, el Consejo cuenta con dos miembros ejecutivos, dos dominicales, un externo y siete independientes. Su composici\u00f3n es la siguiente: Rafael del Pino, presidente; Santiago Bergareche, vicepresidente; Ignacio Madridejos, consejero delegado; \u00d3scar Fanjul, consejero coordinador; Mar\u00eda del Pino, Santiago Fern\u00e1ndez Valbuena, Jos\u00e9 Fernando S\u00e1nchez-Junco, Joaqu\u00edn del Pino, Philip Bowman, Hanne S\u00f8rensen, Bruno Di Leo y Juan Hoyos, vocales.\u00a0 La Comisi\u00f3n Ejecutiva, por su parte, queda formada por Rafael del Pino, Santiago Bergareche, Ignacio Madridejos, Mar\u00eda del Pino, Jos\u00e9 Fernando S\u00e1nchez-Junco y \u00d3scar Fanjul.<\/p>\n<h2><strong>Sobre Ferrovial<\/strong><\/h2>\n<p>Ferrovial es uno de los principales operadores globales de infraestructuras, comprometido con el desarrollo de soluciones sostenibles. La compa\u00f1\u00eda cuenta con 96.000 empleados y presencia en una veintena de pa\u00edses. Sus \u00e1reas de actividad se centran en: Servicios, Autopistas, Construcci\u00f3n y Aeropuertos. La compa\u00f1\u00eda cotiza en el IBEX 35, forma parte de los \u00edndices de sostenibilidad Dow Jones Sustainability Index y FTSE4Good, y aplica en todas sus operaciones los principios del Pacto Mundial de Naciones Unidas, suscritos por la compa\u00f1\u00eda en 2002.<\/p>\n        <\/div>\n    <\/section>\n","protected":false},"excerpt":{"rendered":"","protected":false},"featured_media":22883,"menu_order":0,"comment_status":"closed","ping_status":"closed","template":"","nivel-2":[907,947,977,1015,2207,1019,1904],"nivel-5":[],"nivel-1":[],"nivel-3":[],"nivel-4":[],"class_list":["post-90467","press_release","type-press_release","status-publish","has-post-thumbnail","hentry","nivel-2-accionistas-e-inversores","nivel-2-direccion-de-la-empresa","nivel-2-gobierno-corporativo","nivel-2-organigrama","nivel-2-organizacion-de-la-empresa","nivel-2-personas-y-equipo","nivel-2-recursos-humanos"],"acf":[],"yoast_head":"<title>Juan Hoyos, nombrado consejero independiente de Ferrovial Sala de prensa Ferrovial | \u00daltimas noticias<\/title>\n<meta name=\"description\" content=\"Sala de prensa Ferrovial | \u00daltimas noticias\" \/>\n<meta name=\"robots\" content=\"index, follow, max-snippet:-1, max-image-preview:large, max-video-preview:-1\" \/>\n<link rel=\"canonical\" href=\"https:\/\/newsroom.ferrovial.com\/es\/notas-prensa\/juan-hoyos-nombrado-consejero-independiente-de-ferrovial\/\" \/>\n<meta property=\"og:locale\" content=\"es_ES\" \/>\n<meta property=\"og:type\" content=\"article\" \/>\n<meta property=\"og:title\" content=\"Juan Hoyos, nombrado consejero independiente de Ferrovial Sala de prensa Ferrovial | \u00daltimas noticias\" \/>\n<meta property=\"og:description\" content=\"Sala de prensa Ferrovial | \u00daltimas noticias\" \/>\n<meta property=\"og:url\" content=\"https:\/\/newsroom.ferrovial.com\/es\/notas-prensa\/juan-hoyos-nombrado-consejero-independiente-de-ferrovial\/\" \/>\n<meta property=\"og:site_name\" content=\"Sala de prensa Ferrovial | \u00daltimas noticias\" \/>\n<meta property=\"article:publisher\" content=\"https:\/\/www.facebook.com\/ferrovial\" \/>\n<meta property=\"article:modified_time\" content=\"2022-12-21T11:04:48+00:00\" \/>\n<meta property=\"og:image\" content=\"https:\/\/newsroom.ferrovial.com\/wp-content\/uploads\/sites\/4\/2018\/09\/sede-ferrovial-corporacion.jpg\" \/>\n\t<meta property=\"og:image:width\" content=\"1920\" \/>\n\t<meta property=\"og:image:height\" content=\"1080\" \/>\n\t<meta property=\"og:image:type\" content=\"image\/jpeg\" \/>\n<meta name=\"twitter:card\" content=\"summary_large_image\" \/>\n<meta name=\"twitter:site\" content=\"@ferrovial\" \/>\n<script type=\"application\/ld+json\" class=\"yoast-schema-graph\">{\"@context\":\"https:\/\/schema.org\",\"@graph\":[{\"@type\":\"WebPage\",\"@id\":\"https:\/\/newsroom.ferrovial.com\/es\/notas-prensa\/juan-hoyos-nombrado-consejero-independiente-de-ferrovial\/\",\"url\":\"https:\/\/newsroom.ferrovial.com\/es\/notas-prensa\/juan-hoyos-nombrado-consejero-independiente-de-ferrovial\/\",\"name\":\"Juan Hoyos, nombrado consejero independiente de Ferrovial Sala de prensa Ferrovial | \u00daltimas noticias\",\"isPartOf\":{\"@id\":\"https:\/\/newsroom.ferrovial.com\/es\/#website\"},\"primaryImageOfPage\":{\"@id\":\"https:\/\/newsroom.ferrovial.com\/es\/notas-prensa\/juan-hoyos-nombrado-consejero-independiente-de-ferrovial\/#primaryimage\"},\"image\":{\"@id\":\"https:\/\/newsroom.ferrovial.com\/es\/notas-prensa\/juan-hoyos-nombrado-consejero-independiente-de-ferrovial\/#primaryimage\"},\"thumbnailUrl\":\"https:\/\/static.newsroom.ferrovial.com\/wp-content\/uploads\/2018\/09\/15133710\/sede-ferrovial-corporacion.jpg\",\"datePublished\":\"2019-09-30T19:14:26+00:00\",\"dateModified\":\"2022-12-21T11:04:48+00:00\",\"description\":\"Sala de prensa Ferrovial | \u00daltimas noticias\",\"breadcrumb\":{\"@id\":\"https:\/\/newsroom.ferrovial.com\/es\/notas-prensa\/juan-hoyos-nombrado-consejero-independiente-de-ferrovial\/#breadcrumb\"},\"inLanguage\":\"es\",\"potentialAction\":[{\"@type\":\"ReadAction\",\"target\":[\"https:\/\/newsroom.ferrovial.com\/es\/notas-prensa\/juan-hoyos-nombrado-consejero-independiente-de-ferrovial\/\"]}]},{\"@type\":\"ImageObject\",\"inLanguage\":\"es\",\"@id\":\"https:\/\/newsroom.ferrovial.com\/es\/notas-prensa\/juan-hoyos-nombrado-consejero-independiente-de-ferrovial\/#primaryimage\",\"url\":\"https:\/\/static.newsroom.ferrovial.com\/wp-content\/uploads\/2018\/09\/15133710\/sede-ferrovial-corporacion.jpg\",\"contentUrl\":\"https:\/\/static.newsroom.ferrovial.com\/wp-content\/uploads\/2018\/09\/15133710\/sede-ferrovial-corporacion.jpg\",\"width\":1920,\"height\":1080},{\"@type\":\"BreadcrumbList\",\"@id\":\"https:\/\/newsroom.ferrovial.com\/es\/notas-prensa\/juan-hoyos-nombrado-consejero-independiente-de-ferrovial\/#breadcrumb\",\"itemListElement\":[{\"@type\":\"ListItem\",\"position\":1,\"name\":\"Portada\",\"item\":\"https:\/\/newsroom.ferrovial.com\/es\/\"},{\"@type\":\"ListItem\",\"position\":2,\"name\":\"Notas de Prensa\",\"item\":\"https:\/\/newsroom.ferrovial.com\/es\/notas-prensa\/\"},{\"@type\":\"ListItem\",\"position\":3,\"name\":\"Juan Hoyos, nombrado consejero independiente de Ferrovial\"}]},{\"@type\":\"WebSite\",\"@id\":\"https:\/\/newsroom.ferrovial.com\/es\/#website\",\"url\":\"https:\/\/newsroom.ferrovial.com\/es\/\",\"name\":\"Sala de prensa Ferrovial | \u00daltimas noticias\",\"description\":\"Sala de prensa Ferrovial | \u00daltimas noticias\",\"publisher\":{\"@id\":\"https:\/\/newsroom.ferrovial.com\/es\/#organization\"},\"potentialAction\":[{\"@type\":\"SearchAction\",\"target\":{\"@type\":\"EntryPoint\",\"urlTemplate\":\"https:\/\/newsroom.ferrovial.com\/es\/?s={search_term_string}\"},\"query-input\":{\"@type\":\"PropertyValueSpecification\",\"valueRequired\":true,\"valueName\":\"search_term_string\"}}],\"inLanguage\":\"es\"},{\"@type\":\"Organization\",\"@id\":\"https:\/\/newsroom.ferrovial.com\/es\/#organization\",\"name\":\"Ferrovial S.A.\",\"url\":\"https:\/\/newsroom.ferrovial.com\/es\/\",\"logo\":{\"@type\":\"ImageObject\",\"inLanguage\":\"es\",\"@id\":\"https:\/\/newsroom.ferrovial.com\/es\/#\/schema\/logo\/image\/\",\"url\":\"https:\/\/static.newsroom.ferrovial.com\/wp-content\/uploads\/2018\/07\/15145720\/Ferrovial_Logotipo1.jpg\",\"contentUrl\":\"https:\/\/static.newsroom.ferrovial.com\/wp-content\/uploads\/2018\/07\/15145720\/Ferrovial_Logotipo1.jpg\",\"width\":600,\"height\":300,\"caption\":\"Ferrovial S.A.\"},\"image\":{\"@id\":\"https:\/\/newsroom.ferrovial.com\/es\/#\/schema\/logo\/image\/\"},\"sameAs\":[\"https:\/\/www.facebook.com\/ferrovial\",\"https:\/\/x.com\/ferrovial\",\"https:\/\/www.instagram.com\/ferrovial\/\",\"https:\/\/www.linkedin.com\/company\/ferrovial\",\"https:\/\/www.pinterest.es\/ferrovial\/\",\"https:\/\/www.youtube.com\/ferrovial\",\"https:\/\/en.wikipedia.org\/wiki\/Ferrovial\"]}]}<\/script>","yoast_head_json":{"title":"Juan Hoyos, nombrado consejero independiente de Ferrovial Sala de prensa Ferrovial | \u00daltimas noticias","description":"Sala de prensa Ferrovial | \u00daltimas noticias","robots":{"index":"index","follow":"follow","max-snippet":"max-snippet:-1","max-image-preview":"max-image-preview:large","max-video-preview":"max-video-preview:-1"},"canonical":"https:\/\/newsroom.ferrovial.com\/es\/notas-prensa\/juan-hoyos-nombrado-consejero-independiente-de-ferrovial\/","og_locale":"es_ES","og_type":"article","og_title":"Juan Hoyos, nombrado consejero independiente de Ferrovial Sala de prensa Ferrovial | \u00daltimas noticias","og_description":"Sala de prensa Ferrovial | \u00daltimas noticias","og_url":"https:\/\/newsroom.ferrovial.com\/es\/notas-prensa\/juan-hoyos-nombrado-consejero-independiente-de-ferrovial\/","og_site_name":"Sala de prensa Ferrovial | \u00daltimas noticias","article_publisher":"https:\/\/www.facebook.com\/ferrovial","article_modified_time":"2022-12-21T11:04:48+00:00","og_image":[{"width":1920,"height":1080,"url":"https:\/\/newsroom.ferrovial.com\/wp-content\/uploads\/sites\/4\/2018\/09\/sede-ferrovial-corporacion.jpg","type":"image\/jpeg"}],"twitter_card":"summary_large_image","twitter_site":"@ferrovial","schema":{"@context":"https:\/\/schema.org","@graph":[{"@type":"WebPage","@id":"https:\/\/newsroom.ferrovial.com\/es\/notas-prensa\/juan-hoyos-nombrado-consejero-independiente-de-ferrovial\/","url":"https:\/\/newsroom.ferrovial.com\/es\/notas-prensa\/juan-hoyos-nombrado-consejero-independiente-de-ferrovial\/","name":"Juan Hoyos, nombrado consejero independiente de Ferrovial Sala de prensa Ferrovial | \u00daltimas noticias","isPartOf":{"@id":"https:\/\/newsroom.ferrovial.com\/es\/#website"},"primaryImageOfPage":{"@id":"https:\/\/newsroom.ferrovial.com\/es\/notas-prensa\/juan-hoyos-nombrado-consejero-independiente-de-ferrovial\/#primaryimage"},"image":{"@id":"https:\/\/newsroom.ferrovial.com\/es\/notas-prensa\/juan-hoyos-nombrado-consejero-independiente-de-ferrovial\/#primaryimage"},"thumbnailUrl":"https:\/\/static.newsroom.ferrovial.com\/wp-content\/uploads\/2018\/09\/15133710\/sede-ferrovial-corporacion.jpg","datePublished":"2019-09-30T19:14:26+00:00","dateModified":"2022-12-21T11:04:48+00:00","description":"Sala de prensa Ferrovial | \u00daltimas noticias","breadcrumb":{"@id":"https:\/\/newsroom.ferrovial.com\/es\/notas-prensa\/juan-hoyos-nombrado-consejero-independiente-de-ferrovial\/#breadcrumb"},"inLanguage":"es","potentialAction":[{"@type":"ReadAction","target":["https:\/\/newsroom.ferrovial.com\/es\/notas-prensa\/juan-hoyos-nombrado-consejero-independiente-de-ferrovial\/"]}]},{"@type":"ImageObject","inLanguage":"es","@id":"https:\/\/newsroom.ferrovial.com\/es\/notas-prensa\/juan-hoyos-nombrado-consejero-independiente-de-ferrovial\/#primaryimage","url":"https:\/\/static.newsroom.ferrovial.com\/wp-content\/uploads\/2018\/09\/15133710\/sede-ferrovial-corporacion.jpg","contentUrl":"https:\/\/static.newsroom.ferrovial.com\/wp-content\/uploads\/2018\/09\/15133710\/sede-ferrovial-corporacion.jpg","width":1920,"height":1080},{"@type":"BreadcrumbList","@id":"https:\/\/newsroom.ferrovial.com\/es\/notas-prensa\/juan-hoyos-nombrado-consejero-independiente-de-ferrovial\/#breadcrumb","itemListElement":[{"@type":"ListItem","position":1,"name":"Portada","item":"https:\/\/newsroom.ferrovial.com\/es\/"},{"@type":"ListItem","position":2,"name":"Notas de Prensa","item":"https:\/\/newsroom.ferrovial.com\/es\/notas-prensa\/"},{"@type":"ListItem","position":3,"name":"Juan Hoyos, nombrado consejero independiente de Ferrovial"}]},{"@type":"WebSite","@id":"https:\/\/newsroom.ferrovial.com\/es\/#website","url":"https:\/\/newsroom.ferrovial.com\/es\/","name":"Sala de prensa Ferrovial | \u00daltimas noticias","description":"Sala de prensa Ferrovial | \u00daltimas noticias","publisher":{"@id":"https:\/\/newsroom.ferrovial.com\/es\/#organization"},"potentialAction":[{"@type":"SearchAction","target":{"@type":"EntryPoint","urlTemplate":"https:\/\/newsroom.ferrovial.com\/es\/?s={search_term_string}"},"query-input":{"@type":"PropertyValueSpecification","valueRequired":true,"valueName":"search_term_string"}}],"inLanguage":"es"},{"@type":"Organization","@id":"https:\/\/newsroom.ferrovial.com\/es\/#organization","name":"Ferrovial S.A.","url":"https:\/\/newsroom.ferrovial.com\/es\/","logo":{"@type":"ImageObject","inLanguage":"es","@id":"https:\/\/newsroom.ferrovial.com\/es\/#\/schema\/logo\/image\/","url":"https:\/\/static.newsroom.ferrovial.com\/wp-content\/uploads\/2018\/07\/15145720\/Ferrovial_Logotipo1.jpg","contentUrl":"https:\/\/static.newsroom.ferrovial.com\/wp-content\/uploads\/2018\/07\/15145720\/Ferrovial_Logotipo1.jpg","width":600,"height":300,"caption":"Ferrovial S.A."},"image":{"@id":"https:\/\/newsroom.ferrovial.com\/es\/#\/schema\/logo\/image\/"},"sameAs":["https:\/\/www.facebook.com\/ferrovial","https:\/\/x.com\/ferrovial","https:\/\/www.instagram.com\/ferrovial\/","https:\/\/www.linkedin.com\/company\/ferrovial","https:\/\/www.pinterest.es\/ferrovial\/","https:\/\/www.youtube.com\/ferrovial","https:\/\/en.wikipedia.org\/wiki\/Ferrovial"]}]}},"_links":{"self":[{"href":"https:\/\/newsroom.ferrovial.com\/es\/wp-json\/wp\/v2\/press_release\/90467","targetHints":{"allow":["GET"]}}],"collection":[{"href":"https:\/\/newsroom.ferrovial.com\/es\/wp-json\/wp\/v2\/press_release"}],"about":[{"href":"https:\/\/newsroom.ferrovial.com\/es\/wp-json\/wp\/v2\/types\/press_release"}],"replies":[{"embeddable":true,"href":"https:\/\/newsroom.ferrovial.com\/es\/wp-json\/wp\/v2\/comments?post=90467"}],"version-history":[{"count":1,"href":"https:\/\/newsroom.ferrovial.com\/es\/wp-json\/wp\/v2\/press_release\/90467\/revisions"}],"predecessor-version":[{"id":109554,"href":"https:\/\/newsroom.ferrovial.com\/es\/wp-json\/wp\/v2\/press_release\/90467\/revisions\/109554"}],"wp:featuredmedia":[{"embeddable":true,"href":"https:\/\/newsroom.ferrovial.com\/es\/wp-json\/wp\/v2\/media\/22883"}],"wp:attachment":[{"href":"https:\/\/newsroom.ferrovial.com\/es\/wp-json\/wp\/v2\/media?parent=90467"}],"wp:term":[{"taxonomy":"nivel-2","embeddable":true,"href":"https:\/\/newsroom.ferrovial.com\/es\/wp-json\/wp\/v2\/nivel-2?post=90467"},{"taxonomy":"nivel-5","embeddable":true,"href":"https:\/\/newsroom.ferrovial.com\/es\/wp-json\/wp\/v2\/nivel-5?post=90467"},{"taxonomy":"nivel-1","embeddable":true,"href":"https:\/\/newsroom.ferrovial.com\/es\/wp-json\/wp\/v2\/nivel-1?post=90467"},{"taxonomy":"nivel-3","embeddable":true,"href":"https:\/\/newsroom.ferrovial.com\/es\/wp-json\/wp\/v2\/nivel-3?post=90467"},{"taxonomy":"nivel-4","embeddable":true,"href":"https:\/\/newsroom.ferrovial.com\/es\/wp-json\/wp\/v2\/nivel-4?post=90467"}],"curies":[{"name":"wp","href":"https:\/\/api.w.org\/{rel}","templated":true}]}}