{"id":934,"date":"2016-05-12T00:00:00","date_gmt":"2016-05-12T00:00:00","guid":{"rendered":"https:\/\/newsroom.ferrovial.com\/press_releases\/iberdrola-presa-portugal\/"},"modified":"2022-12-21T12:08:08","modified_gmt":"2022-12-21T11:08:08","slug":"iberdrola-presa-portugal","status":"publish","type":"press_release","link":"https:\/\/newsroom.ferrovial.com\/es\/notas-prensa\/iberdrola-presa-portugal\/","title":{"rendered":"Ferrovial construir\u00e1 para Iberdrola una presa y una central hidroel\u00e9ctrica en el norte de Portugal por 90 millones de euros"},"content":{"rendered":"    <section class=\"wysiwyg text-editor \" id=\"\">\n        <div class=\"container container--narrow container--p-10\">\n            <p>El consorcio liderado por <a title=\"Ferrovial Agroman\" href=\"https:\/\/www.ferrovial.com\/es\/lineas-de-negocio\/construccion\/sobre-construccion\/\" target=\"_blank\" rel=\"dofollow\">Ferrovial Agroman<\/a>, en el que participa la compa\u00f1\u00eda local <a title=\"MSF\" href=\"http:\/\/www.msf.pt\/\" target=\"_blank\" rel=\"dofollow\">MSF<\/a>, ha sido seleccionado por <a title=\"Iberdrola\" href=\"http:\/\/www.iberdrola.es\/inicio\" target=\"_blank\" rel=\"dofollow\">Iberdrola<\/a> para construir la <strong>presa y la central \u200ehidroel\u00e9ctrica de Daivoes<\/strong>, sobre el r\u00edo T\u00e1mega, situada en el norte de Portugal. El contrato cuenta con una inversi\u00f3n de m\u00e1s de 90 millones de euros y un plazo de ejecuci\u00f3n de 56 meses y medio.<\/p>\n<p>El proyecto comprende la construcci\u00f3n de una presa de hormig\u00f3n de tipo arco-gravedad de <strong>77,5 metros<\/strong> de altura y <strong>264 metros de longitud;<\/strong> as\u00ed como de una central de generaci\u00f3n hidroel\u00e9ctrica equipada con dos turbinas de118 MW de potencia total instalada. Adem\u00e1s, Ferrovial llevar\u00e1 a cabo las obras de desv\u00edo del r\u00edo con la ejecuci\u00f3n de un t\u00fanel, de <strong>388 metros de longitud<\/strong>, y un azud de regulaci\u00f3n, de <strong>71 metros de longitud y 10,5 metros de altura,<\/strong> situado a una distancia de 2,2 kil\u00f3metros aguas abajo de la presa.<\/p>\n<p>Daivoes representa el primer contrato de los cuatro principales que Iberdrola adjudicar\u00e1 dentro del complejo hidroel\u00e9ctrico sobre el r\u00edo T\u00e1mega y el segundo que Ferrovial Agroman realizar\u00e1 para la compa\u00f1\u00eda el\u00e9ctrica en Portugal en los dos \u00faltimos a\u00f1os, tras participar en la construcci\u00f3n del t\u00fanel de acceso a la central de Gouvaes y las galer\u00edas de reconocimiento de la presa del <strong>Alto T\u00e1mega.<\/strong><\/p>\n<p>Ferrovial Agroman cuenta con una amplia experiencia en el desarrollo de este tipo de proyectos en el extranjero. La filial de construcci\u00f3n de Ferrovial est\u00e1 ejecutando actualmente la central hidroel\u00e9ctrica de Los C\u00f3ndores, en Chile, y construy\u00f3 los t\u00faneles de la central hidroel\u00e9ctrica de Ituango, en\u00a0 Colombia.<\/p>\n        <\/div>\n    <\/section>\n","protected":false},"excerpt":{"rendered":"","protected":false},"featured_media":33,"menu_order":0,"comment_status":"closed","ping_status":"closed","template":"","nivel-2":[909,2208,2216,987,2234,1010,2091],"nivel-5":[2149],"nivel-1":[2168],"nivel-3":[1263],"nivel-4":[],"class_list":["post-934","press_release","type-press_release","status-publish","has-post-thumbnail","hentry","nivel-2-agua","nivel-2-diseno-e-ingenieria","nivel-2-energia","nivel-2-infraestructuras","nivel-2-instalaciones","nivel-2-obras-hidraulicas","nivel-2-proyectos","nivel-5-ferrovial-construccion","nivel-1-construccion","nivel-3-portugal"],"acf":[],"yoast_head":"<title>Ferrovial construir\u00e1 para Iberdrola una presa y una central hidroel\u00e9ctrica en el norte de Portugal por 90 millones de euros Sala de prensa Ferrovial | \u00daltimas noticias<\/title>\n<meta name=\"description\" content=\"Sala de prensa Ferrovial | \u00daltimas noticias\" \/>\n<meta name=\"robots\" content=\"index, follow, max-snippet:-1, max-image-preview:large, max-video-preview:-1\" \/>\n<link rel=\"canonical\" href=\"https:\/\/newsroom.ferrovial.com\/es\/notas-prensa\/iberdrola-presa-portugal\/\" \/>\n<meta property=\"og:locale\" content=\"es_ES\" \/>\n<meta property=\"og:type\" content=\"article\" \/>\n<meta property=\"og:title\" content=\"Ferrovial construir\u00e1 para Iberdrola una presa y una central hidroel\u00e9ctrica en el norte de Portugal por 90 millones de euros Sala de prensa Ferrovial | \u00daltimas noticias\" \/>\n<meta property=\"og:description\" content=\"Sala de prensa Ferrovial | \u00daltimas noticias\" \/>\n<meta property=\"og:url\" content=\"https:\/\/newsroom.ferrovial.com\/es\/notas-prensa\/iberdrola-presa-portugal\/\" \/>\n<meta property=\"og:site_name\" content=\"Sala de prensa Ferrovial | \u00daltimas noticias\" \/>\n<meta property=\"article:publisher\" content=\"https:\/\/www.facebook.com\/ferrovial\" \/>\n<meta property=\"article:modified_time\" content=\"2022-12-21T11:08:08+00:00\" \/>\n<meta property=\"og:image\" content=\"https:\/\/newsroom.ferrovial.com\/wp-content\/uploads\/sites\/4\/2018\/07\/ferrovialagromandam_peq.jpg\" \/>\n\t<meta property=\"og:image:width\" content=\"695\" \/>\n\t<meta property=\"og:image:height\" content=\"521\" \/>\n\t<meta property=\"og:image:type\" content=\"image\/jpeg\" \/>\n<meta name=\"twitter:card\" content=\"summary_large_image\" \/>\n<meta name=\"twitter:site\" content=\"@ferrovial\" \/>\n<script type=\"application\/ld+json\" class=\"yoast-schema-graph\">{\"@context\":\"https:\/\/schema.org\",\"@graph\":[{\"@type\":\"WebPage\",\"@id\":\"https:\/\/newsroom.ferrovial.com\/es\/notas-prensa\/iberdrola-presa-portugal\/\",\"url\":\"https:\/\/newsroom.ferrovial.com\/es\/notas-prensa\/iberdrola-presa-portugal\/\",\"name\":\"Ferrovial construir\u00e1 para Iberdrola una presa y una central hidroel\u00e9ctrica en el norte de Portugal por 90 millones de euros Sala de prensa Ferrovial | \u00daltimas noticias\",\"isPartOf\":{\"@id\":\"https:\/\/newsroom.ferrovial.com\/es\/#website\"},\"primaryImageOfPage\":{\"@id\":\"https:\/\/newsroom.ferrovial.com\/es\/notas-prensa\/iberdrola-presa-portugal\/#primaryimage\"},\"image\":{\"@id\":\"https:\/\/newsroom.ferrovial.com\/es\/notas-prensa\/iberdrola-presa-portugal\/#primaryimage\"},\"thumbnailUrl\":\"https:\/\/static.newsroom.ferrovial.com\/wp-content\/uploads\/2018\/07\/15154156\/ferrovialagromandam_peq.jpg\",\"datePublished\":\"2016-05-12T00:00:00+00:00\",\"dateModified\":\"2022-12-21T11:08:08+00:00\",\"description\":\"Sala de prensa Ferrovial | \u00daltimas noticias\",\"breadcrumb\":{\"@id\":\"https:\/\/newsroom.ferrovial.com\/es\/notas-prensa\/iberdrola-presa-portugal\/#breadcrumb\"},\"inLanguage\":\"es\",\"potentialAction\":[{\"@type\":\"ReadAction\",\"target\":[\"https:\/\/newsroom.ferrovial.com\/es\/notas-prensa\/iberdrola-presa-portugal\/\"]}]},{\"@type\":\"ImageObject\",\"inLanguage\":\"es\",\"@id\":\"https:\/\/newsroom.ferrovial.com\/es\/notas-prensa\/iberdrola-presa-portugal\/#primaryimage\",\"url\":\"https:\/\/static.newsroom.ferrovial.com\/wp-content\/uploads\/2018\/07\/15154156\/ferrovialagromandam_peq.jpg\",\"contentUrl\":\"https:\/\/static.newsroom.ferrovial.com\/wp-content\/uploads\/2018\/07\/15154156\/ferrovialagromandam_peq.jpg\",\"width\":695,\"height\":521,\"caption\":\"Ferrovial Agroman Dam\"},{\"@type\":\"BreadcrumbList\",\"@id\":\"https:\/\/newsroom.ferrovial.com\/es\/notas-prensa\/iberdrola-presa-portugal\/#breadcrumb\",\"itemListElement\":[{\"@type\":\"ListItem\",\"position\":1,\"name\":\"Portada\",\"item\":\"https:\/\/newsroom.ferrovial.com\/es\/\"},{\"@type\":\"ListItem\",\"position\":2,\"name\":\"Notas de Prensa\",\"item\":\"https:\/\/newsroom.ferrovial.com\/es\/notas-prensa\/\"},{\"@type\":\"ListItem\",\"position\":3,\"name\":\"Ferrovial construir\u00e1 para Iberdrola una presa y una central hidroel\u00e9ctrica en el norte de Portugal por 90 millones de euros\"}]},{\"@type\":\"WebSite\",\"@id\":\"https:\/\/newsroom.ferrovial.com\/es\/#website\",\"url\":\"https:\/\/newsroom.ferrovial.com\/es\/\",\"name\":\"Sala de prensa Ferrovial | \u00daltimas noticias\",\"description\":\"Sala de prensa Ferrovial | \u00daltimas noticias\",\"publisher\":{\"@id\":\"https:\/\/newsroom.ferrovial.com\/es\/#organization\"},\"potentialAction\":[{\"@type\":\"SearchAction\",\"target\":{\"@type\":\"EntryPoint\",\"urlTemplate\":\"https:\/\/newsroom.ferrovial.com\/es\/?s={search_term_string}\"},\"query-input\":{\"@type\":\"PropertyValueSpecification\",\"valueRequired\":true,\"valueName\":\"search_term_string\"}}],\"inLanguage\":\"es\"},{\"@type\":\"Organization\",\"@id\":\"https:\/\/newsroom.ferrovial.com\/es\/#organization\",\"name\":\"Ferrovial S.A.\",\"url\":\"https:\/\/newsroom.ferrovial.com\/es\/\",\"logo\":{\"@type\":\"ImageObject\",\"inLanguage\":\"es\",\"@id\":\"https:\/\/newsroom.ferrovial.com\/es\/#\/schema\/logo\/image\/\",\"url\":\"https:\/\/static.newsroom.ferrovial.com\/wp-content\/uploads\/2018\/07\/15145720\/Ferrovial_Logotipo1.jpg\",\"contentUrl\":\"https:\/\/static.newsroom.ferrovial.com\/wp-content\/uploads\/2018\/07\/15145720\/Ferrovial_Logotipo1.jpg\",\"width\":600,\"height\":300,\"caption\":\"Ferrovial S.A.\"},\"image\":{\"@id\":\"https:\/\/newsroom.ferrovial.com\/es\/#\/schema\/logo\/image\/\"},\"sameAs\":[\"https:\/\/www.facebook.com\/ferrovial\",\"https:\/\/x.com\/ferrovial\",\"https:\/\/www.instagram.com\/ferrovial\/\",\"https:\/\/www.linkedin.com\/company\/ferrovial\",\"https:\/\/www.pinterest.es\/ferrovial\/\",\"https:\/\/www.youtube.com\/ferrovial\",\"https:\/\/en.wikipedia.org\/wiki\/Ferrovial\"]}]}<\/script>","yoast_head_json":{"title":"Ferrovial construir\u00e1 para Iberdrola una presa y una central hidroel\u00e9ctrica en el norte de Portugal por 90 millones de euros Sala de prensa Ferrovial | \u00daltimas noticias","description":"Sala de prensa Ferrovial | \u00daltimas noticias","robots":{"index":"index","follow":"follow","max-snippet":"max-snippet:-1","max-image-preview":"max-image-preview:large","max-video-preview":"max-video-preview:-1"},"canonical":"https:\/\/newsroom.ferrovial.com\/es\/notas-prensa\/iberdrola-presa-portugal\/","og_locale":"es_ES","og_type":"article","og_title":"Ferrovial construir\u00e1 para Iberdrola una presa y una central hidroel\u00e9ctrica en el norte de Portugal por 90 millones de euros Sala de prensa Ferrovial | \u00daltimas noticias","og_description":"Sala de prensa Ferrovial | \u00daltimas noticias","og_url":"https:\/\/newsroom.ferrovial.com\/es\/notas-prensa\/iberdrola-presa-portugal\/","og_site_name":"Sala de prensa Ferrovial | \u00daltimas noticias","article_publisher":"https:\/\/www.facebook.com\/ferrovial","article_modified_time":"2022-12-21T11:08:08+00:00","og_image":[{"width":695,"height":521,"url":"https:\/\/newsroom.ferrovial.com\/wp-content\/uploads\/sites\/4\/2018\/07\/ferrovialagromandam_peq.jpg","type":"image\/jpeg"}],"twitter_card":"summary_large_image","twitter_site":"@ferrovial","schema":{"@context":"https:\/\/schema.org","@graph":[{"@type":"WebPage","@id":"https:\/\/newsroom.ferrovial.com\/es\/notas-prensa\/iberdrola-presa-portugal\/","url":"https:\/\/newsroom.ferrovial.com\/es\/notas-prensa\/iberdrola-presa-portugal\/","name":"Ferrovial construir\u00e1 para Iberdrola una presa y una central hidroel\u00e9ctrica en el norte de Portugal por 90 millones de euros Sala de prensa Ferrovial | \u00daltimas noticias","isPartOf":{"@id":"https:\/\/newsroom.ferrovial.com\/es\/#website"},"primaryImageOfPage":{"@id":"https:\/\/newsroom.ferrovial.com\/es\/notas-prensa\/iberdrola-presa-portugal\/#primaryimage"},"image":{"@id":"https:\/\/newsroom.ferrovial.com\/es\/notas-prensa\/iberdrola-presa-portugal\/#primaryimage"},"thumbnailUrl":"https:\/\/static.newsroom.ferrovial.com\/wp-content\/uploads\/2018\/07\/15154156\/ferrovialagromandam_peq.jpg","datePublished":"2016-05-12T00:00:00+00:00","dateModified":"2022-12-21T11:08:08+00:00","description":"Sala de prensa Ferrovial | \u00daltimas noticias","breadcrumb":{"@id":"https:\/\/newsroom.ferrovial.com\/es\/notas-prensa\/iberdrola-presa-portugal\/#breadcrumb"},"inLanguage":"es","potentialAction":[{"@type":"ReadAction","target":["https:\/\/newsroom.ferrovial.com\/es\/notas-prensa\/iberdrola-presa-portugal\/"]}]},{"@type":"ImageObject","inLanguage":"es","@id":"https:\/\/newsroom.ferrovial.com\/es\/notas-prensa\/iberdrola-presa-portugal\/#primaryimage","url":"https:\/\/static.newsroom.ferrovial.com\/wp-content\/uploads\/2018\/07\/15154156\/ferrovialagromandam_peq.jpg","contentUrl":"https:\/\/static.newsroom.ferrovial.com\/wp-content\/uploads\/2018\/07\/15154156\/ferrovialagromandam_peq.jpg","width":695,"height":521,"caption":"Ferrovial Agroman Dam"},{"@type":"BreadcrumbList","@id":"https:\/\/newsroom.ferrovial.com\/es\/notas-prensa\/iberdrola-presa-portugal\/#breadcrumb","itemListElement":[{"@type":"ListItem","position":1,"name":"Portada","item":"https:\/\/newsroom.ferrovial.com\/es\/"},{"@type":"ListItem","position":2,"name":"Notas de Prensa","item":"https:\/\/newsroom.ferrovial.com\/es\/notas-prensa\/"},{"@type":"ListItem","position":3,"name":"Ferrovial construir\u00e1 para Iberdrola una presa y una central hidroel\u00e9ctrica en el norte de Portugal por 90 millones de euros"}]},{"@type":"WebSite","@id":"https:\/\/newsroom.ferrovial.com\/es\/#website","url":"https:\/\/newsroom.ferrovial.com\/es\/","name":"Sala de prensa Ferrovial | \u00daltimas noticias","description":"Sala de prensa Ferrovial | \u00daltimas noticias","publisher":{"@id":"https:\/\/newsroom.ferrovial.com\/es\/#organization"},"potentialAction":[{"@type":"SearchAction","target":{"@type":"EntryPoint","urlTemplate":"https:\/\/newsroom.ferrovial.com\/es\/?s={search_term_string}"},"query-input":{"@type":"PropertyValueSpecification","valueRequired":true,"valueName":"search_term_string"}}],"inLanguage":"es"},{"@type":"Organization","@id":"https:\/\/newsroom.ferrovial.com\/es\/#organization","name":"Ferrovial S.A.","url":"https:\/\/newsroom.ferrovial.com\/es\/","logo":{"@type":"ImageObject","inLanguage":"es","@id":"https:\/\/newsroom.ferrovial.com\/es\/#\/schema\/logo\/image\/","url":"https:\/\/static.newsroom.ferrovial.com\/wp-content\/uploads\/2018\/07\/15145720\/Ferrovial_Logotipo1.jpg","contentUrl":"https:\/\/static.newsroom.ferrovial.com\/wp-content\/uploads\/2018\/07\/15145720\/Ferrovial_Logotipo1.jpg","width":600,"height":300,"caption":"Ferrovial S.A."},"image":{"@id":"https:\/\/newsroom.ferrovial.com\/es\/#\/schema\/logo\/image\/"},"sameAs":["https:\/\/www.facebook.com\/ferrovial","https:\/\/x.com\/ferrovial","https:\/\/www.instagram.com\/ferrovial\/","https:\/\/www.linkedin.com\/company\/ferrovial","https:\/\/www.pinterest.es\/ferrovial\/","https:\/\/www.youtube.com\/ferrovial","https:\/\/en.wikipedia.org\/wiki\/Ferrovial"]}]}},"_links":{"self":[{"href":"https:\/\/newsroom.ferrovial.com\/es\/wp-json\/wp\/v2\/press_release\/934","targetHints":{"allow":["GET"]}}],"collection":[{"href":"https:\/\/newsroom.ferrovial.com\/es\/wp-json\/wp\/v2\/press_release"}],"about":[{"href":"https:\/\/newsroom.ferrovial.com\/es\/wp-json\/wp\/v2\/types\/press_release"}],"replies":[{"embeddable":true,"href":"https:\/\/newsroom.ferrovial.com\/es\/wp-json\/wp\/v2\/comments?post=934"}],"version-history":[{"count":1,"href":"https:\/\/newsroom.ferrovial.com\/es\/wp-json\/wp\/v2\/press_release\/934\/revisions"}],"predecessor-version":[{"id":96332,"href":"https:\/\/newsroom.ferrovial.com\/es\/wp-json\/wp\/v2\/press_release\/934\/revisions\/96332"}],"wp:featuredmedia":[{"embeddable":true,"href":"https:\/\/newsroom.ferrovial.com\/es\/wp-json\/wp\/v2\/media\/33"}],"wp:attachment":[{"href":"https:\/\/newsroom.ferrovial.com\/es\/wp-json\/wp\/v2\/media?parent=934"}],"wp:term":[{"taxonomy":"nivel-2","embeddable":true,"href":"https:\/\/newsroom.ferrovial.com\/es\/wp-json\/wp\/v2\/nivel-2?post=934"},{"taxonomy":"nivel-5","embeddable":true,"href":"https:\/\/newsroom.ferrovial.com\/es\/wp-json\/wp\/v2\/nivel-5?post=934"},{"taxonomy":"nivel-1","embeddable":true,"href":"https:\/\/newsroom.ferrovial.com\/es\/wp-json\/wp\/v2\/nivel-1?post=934"},{"taxonomy":"nivel-3","embeddable":true,"href":"https:\/\/newsroom.ferrovial.com\/es\/wp-json\/wp\/v2\/nivel-3?post=934"},{"taxonomy":"nivel-4","embeddable":true,"href":"https:\/\/newsroom.ferrovial.com\/es\/wp-json\/wp\/v2\/nivel-4?post=934"}],"curies":[{"name":"wp","href":"https:\/\/api.w.org\/{rel}","templated":true}]}}