{"id":93839,"date":"2019-12-19T11:40:56","date_gmt":"2019-12-19T10:40:56","guid":{"rendered":"https:\/\/newsroom.ferrovial.com\/?post_type=press_release&#038;p=93839"},"modified":"2022-12-21T12:04:44","modified_gmt":"2022-12-21T11:04:44","slug":"gonzalo-urquijo-nombrado-consejero-independiente-de-ferrovial","status":"publish","type":"press_release","link":"https:\/\/newsroom.ferrovial.com\/es\/notas-prensa\/gonzalo-urquijo-nombrado-consejero-independiente-de-ferrovial\/","title":{"rendered":"Gonzalo Urquijo, nombrado consejero independiente de Ferrovial"},"content":{"rendered":"    <section class=\"wysiwyg text-editor \" id=\"\">\n        <div class=\"container container--narrow container--p-10\">\n            <p>Gonzalo Urquijo es presidente ejecutivo de Abengoa y de Fundaci\u00f3n Focus Abengoa; as\u00ed como presidente de la Fundaci\u00f3n Hesperia y miembro del patronato de la Fundaci\u00f3n Princesa de Asturias. Licenciado en Ciencias Econ\u00f3micas y Pol\u00edticas por la Universidad de Yale y MBA por el Instituto de Empresa de Madrid, ha ocupado distintas funciones ejecutivas en UNESID, Arcelor MIttal, Grupo Arcelor, Aceralia, Aristrain, Citibank y Cr\u00e9dit Agricole. Actualmente, es miembro de los Consejos de Administraci\u00f3n de Gestamp y Fertiberia.<\/p>\n<p>Santiago Bergareche se incorpor\u00f3 en 1999 al Consejo de Ferrovial, d\u00f3nde actualmente ocupaba la vicepresidencia. Licenciado en Econ\u00f3micas y Derecho por la Comercial de Deusto, ha sido presidente de Agroman, consejero delegado de Ferrovial, director general del BBVA, presidente de Vocento, Metrovacesa y Cespa; as\u00ed como consejero de Deusto Business School y patrono de la Casa Ducal de Medinaceli.\u00a0 El Consejo ha expresado \u201csu reconocimiento y gratitud a la dedicaci\u00f3n y contribuci\u00f3n\u201d durante sus a\u00f1os de vinculaci\u00f3n a Ferrovial.<\/p>\n<p>Con el nombramiento de Gonzalo Urquijo contin\u00faa la l\u00ednea de renovaci\u00f3n del Consejo de Administraci\u00f3n de Ferrovial. En 2015 se incorpor\u00f3 Oscar Fanjul; en 2016, Philip Bowman; en 2017, Hanne S\u00f8rensen, en 2018, Bruno Di Leo y en 2019, Juan Hoyos. En la actualidad, el Consejo cuenta con dos miembros ejecutivos, dos dominicales, y ocho independientes. Su composici\u00f3n es la siguiente: Rafael del Pino, presidente; Ignacio Madridejos, consejero delegado; \u00d3scar Fanjul, consejero coordinador; Mar\u00eda del Pino, Santiago Fern\u00e1ndez Valbuena, Jos\u00e9 Fernando S\u00e1nchez-Junco, Joaqu\u00edn del Pino, Philip Bowman, Hanne S\u00f8rensen, Bruno Di Leo, Juan Hoyos y Gonzalo Urquijo, vocales.\u00a0 La comisi\u00f3n ejecutiva, por su parte, queda formada por Rafael del Pino, Ignacio Madridejos, Mar\u00eda del Pino, Jos\u00e9 S\u00e1nchez-Junco, \u00d3scar Fanjul y Juan Hoyos.<\/p>\n        <\/div>\n    <\/section>\n","protected":false},"excerpt":{"rendered":"","protected":false},"featured_media":93871,"menu_order":0,"comment_status":"closed","ping_status":"closed","template":"","nivel-2":[977,1015,1019,1904],"nivel-5":[],"nivel-1":[],"nivel-3":[],"nivel-4":[],"class_list":["post-93839","press_release","type-press_release","status-publish","has-post-thumbnail","hentry","nivel-2-gobierno-corporativo","nivel-2-organigrama","nivel-2-personas-y-equipo","nivel-2-recursos-humanos"],"acf":[],"yoast_head":"<title>Gonzalo Urquijo, nombrado consejero independiente de Ferrovial Sala de prensa Ferrovial | \u00daltimas noticias<\/title>\n<meta name=\"description\" content=\"El Consejo de Administraci\u00f3n de Ferrovial ha nombrado por cooptaci\u00f3n a Gonzalo Urquijo consejero de la sociedad, con la categor\u00eda de independiente. Sucede en el puesto a Santiago Bergareche, quien ha presentado su renuncia para contribuir a la renovaci\u00f3n del \u00f3rgano, al que ha pertenecido durante 20 a\u00f1os.\" \/>\n<meta name=\"robots\" content=\"index, follow, max-snippet:-1, max-image-preview:large, max-video-preview:-1\" \/>\n<link rel=\"canonical\" href=\"https:\/\/newsroom.ferrovial.com\/es\/notas-prensa\/gonzalo-urquijo-nombrado-consejero-independiente-de-ferrovial\/\" \/>\n<meta property=\"og:locale\" content=\"es_ES\" \/>\n<meta property=\"og:type\" content=\"article\" \/>\n<meta property=\"og:title\" content=\"Gonzalo Urquijo, nombrado consejero independiente de Ferrovial Sala de prensa Ferrovial | \u00daltimas noticias\" \/>\n<meta property=\"og:description\" content=\"El Consejo de Administraci\u00f3n de Ferrovial ha nombrado por cooptaci\u00f3n a Gonzalo Urquijo consejero de la sociedad, con la categor\u00eda de independiente. Sucede en el puesto a Santiago Bergareche, quien ha presentado su renuncia para contribuir a la renovaci\u00f3n del \u00f3rgano, al que ha pertenecido durante 20 a\u00f1os.\" \/>\n<meta property=\"og:url\" content=\"https:\/\/newsroom.ferrovial.com\/es\/notas-prensa\/gonzalo-urquijo-nombrado-consejero-independiente-de-ferrovial\/\" \/>\n<meta property=\"og:site_name\" content=\"Sala de prensa Ferrovial | \u00daltimas noticias\" \/>\n<meta property=\"article:publisher\" content=\"https:\/\/www.facebook.com\/ferrovial\" \/>\n<meta property=\"article:modified_time\" content=\"2022-12-21T11:04:44+00:00\" \/>\n<meta property=\"og:image\" content=\"https:\/\/newsroom.ferrovial.com\/wp-content\/uploads\/sites\/4\/2020\/01\/gonzalo-urquijo-fernandez-de-araoz-4-1-2020.jpg\" \/>\n\t<meta property=\"og:image:width\" content=\"1280\" \/>\n\t<meta property=\"og:image:height\" content=\"722\" \/>\n\t<meta property=\"og:image:type\" content=\"image\/jpeg\" \/>\n<meta name=\"twitter:card\" content=\"summary_large_image\" \/>\n<meta name=\"twitter:site\" content=\"@ferrovial\" \/>\n<script type=\"application\/ld+json\" class=\"yoast-schema-graph\">{\"@context\":\"https:\/\/schema.org\",\"@graph\":[{\"@type\":\"WebPage\",\"@id\":\"https:\/\/newsroom.ferrovial.com\/es\/notas-prensa\/gonzalo-urquijo-nombrado-consejero-independiente-de-ferrovial\/\",\"url\":\"https:\/\/newsroom.ferrovial.com\/es\/notas-prensa\/gonzalo-urquijo-nombrado-consejero-independiente-de-ferrovial\/\",\"name\":\"Gonzalo Urquijo, nombrado consejero independiente de Ferrovial Sala de prensa Ferrovial | \u00daltimas noticias\",\"isPartOf\":{\"@id\":\"https:\/\/newsroom.ferrovial.com\/es\/#website\"},\"primaryImageOfPage\":{\"@id\":\"https:\/\/newsroom.ferrovial.com\/es\/notas-prensa\/gonzalo-urquijo-nombrado-consejero-independiente-de-ferrovial\/#primaryimage\"},\"image\":{\"@id\":\"https:\/\/newsroom.ferrovial.com\/es\/notas-prensa\/gonzalo-urquijo-nombrado-consejero-independiente-de-ferrovial\/#primaryimage\"},\"thumbnailUrl\":\"https:\/\/static.newsroom.ferrovial.com\/wp-content\/uploads\/2020\/01\/15144010\/gonzalo-urquijo-fernandez-de-araoz-4-1-2020.jpg\",\"datePublished\":\"2019-12-19T10:40:56+00:00\",\"dateModified\":\"2022-12-21T11:04:44+00:00\",\"description\":\"El Consejo de Administraci\u00f3n de Ferrovial ha nombrado por cooptaci\u00f3n a Gonzalo Urquijo consejero de la sociedad, con la categor\u00eda de independiente. Sucede en el puesto a Santiago Bergareche, quien ha presentado su renuncia para contribuir a la renovaci\u00f3n del \u00f3rgano, al que ha pertenecido durante 20 a\u00f1os.\",\"breadcrumb\":{\"@id\":\"https:\/\/newsroom.ferrovial.com\/es\/notas-prensa\/gonzalo-urquijo-nombrado-consejero-independiente-de-ferrovial\/#breadcrumb\"},\"inLanguage\":\"es\",\"potentialAction\":[{\"@type\":\"ReadAction\",\"target\":[\"https:\/\/newsroom.ferrovial.com\/es\/notas-prensa\/gonzalo-urquijo-nombrado-consejero-independiente-de-ferrovial\/\"]}]},{\"@type\":\"ImageObject\",\"inLanguage\":\"es\",\"@id\":\"https:\/\/newsroom.ferrovial.com\/es\/notas-prensa\/gonzalo-urquijo-nombrado-consejero-independiente-de-ferrovial\/#primaryimage\",\"url\":\"https:\/\/static.newsroom.ferrovial.com\/wp-content\/uploads\/2020\/01\/15144010\/gonzalo-urquijo-fernandez-de-araoz-4-1-2020.jpg\",\"contentUrl\":\"https:\/\/static.newsroom.ferrovial.com\/wp-content\/uploads\/2020\/01\/15144010\/gonzalo-urquijo-fernandez-de-araoz-4-1-2020.jpg\",\"width\":1280,\"height\":722},{\"@type\":\"BreadcrumbList\",\"@id\":\"https:\/\/newsroom.ferrovial.com\/es\/notas-prensa\/gonzalo-urquijo-nombrado-consejero-independiente-de-ferrovial\/#breadcrumb\",\"itemListElement\":[{\"@type\":\"ListItem\",\"position\":1,\"name\":\"Portada\",\"item\":\"https:\/\/newsroom.ferrovial.com\/es\/\"},{\"@type\":\"ListItem\",\"position\":2,\"name\":\"Notas de Prensa\",\"item\":\"https:\/\/newsroom.ferrovial.com\/es\/notas-prensa\/\"},{\"@type\":\"ListItem\",\"position\":3,\"name\":\"Gonzalo Urquijo, nombrado consejero independiente de Ferrovial\"}]},{\"@type\":\"WebSite\",\"@id\":\"https:\/\/newsroom.ferrovial.com\/es\/#website\",\"url\":\"https:\/\/newsroom.ferrovial.com\/es\/\",\"name\":\"Sala de prensa Ferrovial | \u00daltimas noticias\",\"description\":\"Sala de prensa Ferrovial | \u00daltimas noticias\",\"publisher\":{\"@id\":\"https:\/\/newsroom.ferrovial.com\/es\/#organization\"},\"potentialAction\":[{\"@type\":\"SearchAction\",\"target\":{\"@type\":\"EntryPoint\",\"urlTemplate\":\"https:\/\/newsroom.ferrovial.com\/es\/?s={search_term_string}\"},\"query-input\":{\"@type\":\"PropertyValueSpecification\",\"valueRequired\":true,\"valueName\":\"search_term_string\"}}],\"inLanguage\":\"es\"},{\"@type\":\"Organization\",\"@id\":\"https:\/\/newsroom.ferrovial.com\/es\/#organization\",\"name\":\"Ferrovial S.A.\",\"url\":\"https:\/\/newsroom.ferrovial.com\/es\/\",\"logo\":{\"@type\":\"ImageObject\",\"inLanguage\":\"es\",\"@id\":\"https:\/\/newsroom.ferrovial.com\/es\/#\/schema\/logo\/image\/\",\"url\":\"https:\/\/static.newsroom.ferrovial.com\/wp-content\/uploads\/2018\/07\/15145720\/Ferrovial_Logotipo1.jpg\",\"contentUrl\":\"https:\/\/static.newsroom.ferrovial.com\/wp-content\/uploads\/2018\/07\/15145720\/Ferrovial_Logotipo1.jpg\",\"width\":600,\"height\":300,\"caption\":\"Ferrovial S.A.\"},\"image\":{\"@id\":\"https:\/\/newsroom.ferrovial.com\/es\/#\/schema\/logo\/image\/\"},\"sameAs\":[\"https:\/\/www.facebook.com\/ferrovial\",\"https:\/\/x.com\/ferrovial\",\"https:\/\/www.instagram.com\/ferrovial\/\",\"https:\/\/www.linkedin.com\/company\/ferrovial\",\"https:\/\/www.pinterest.es\/ferrovial\/\",\"https:\/\/www.youtube.com\/ferrovial\",\"https:\/\/en.wikipedia.org\/wiki\/Ferrovial\"]}]}<\/script>","yoast_head_json":{"title":"Gonzalo Urquijo, nombrado consejero independiente de Ferrovial Sala de prensa Ferrovial | \u00daltimas noticias","description":"El Consejo de Administraci\u00f3n de Ferrovial ha nombrado por cooptaci\u00f3n a Gonzalo Urquijo consejero de la sociedad, con la categor\u00eda de independiente. Sucede en el puesto a Santiago Bergareche, quien ha presentado su renuncia para contribuir a la renovaci\u00f3n del \u00f3rgano, al que ha pertenecido durante 20 a\u00f1os.","robots":{"index":"index","follow":"follow","max-snippet":"max-snippet:-1","max-image-preview":"max-image-preview:large","max-video-preview":"max-video-preview:-1"},"canonical":"https:\/\/newsroom.ferrovial.com\/es\/notas-prensa\/gonzalo-urquijo-nombrado-consejero-independiente-de-ferrovial\/","og_locale":"es_ES","og_type":"article","og_title":"Gonzalo Urquijo, nombrado consejero independiente de Ferrovial Sala de prensa Ferrovial | \u00daltimas noticias","og_description":"El Consejo de Administraci\u00f3n de Ferrovial ha nombrado por cooptaci\u00f3n a Gonzalo Urquijo consejero de la sociedad, con la categor\u00eda de independiente. Sucede en el puesto a Santiago Bergareche, quien ha presentado su renuncia para contribuir a la renovaci\u00f3n del \u00f3rgano, al que ha pertenecido durante 20 a\u00f1os.","og_url":"https:\/\/newsroom.ferrovial.com\/es\/notas-prensa\/gonzalo-urquijo-nombrado-consejero-independiente-de-ferrovial\/","og_site_name":"Sala de prensa Ferrovial | \u00daltimas noticias","article_publisher":"https:\/\/www.facebook.com\/ferrovial","article_modified_time":"2022-12-21T11:04:44+00:00","og_image":[{"width":1280,"height":722,"url":"https:\/\/newsroom.ferrovial.com\/wp-content\/uploads\/sites\/4\/2020\/01\/gonzalo-urquijo-fernandez-de-araoz-4-1-2020.jpg","type":"image\/jpeg"}],"twitter_card":"summary_large_image","twitter_site":"@ferrovial","schema":{"@context":"https:\/\/schema.org","@graph":[{"@type":"WebPage","@id":"https:\/\/newsroom.ferrovial.com\/es\/notas-prensa\/gonzalo-urquijo-nombrado-consejero-independiente-de-ferrovial\/","url":"https:\/\/newsroom.ferrovial.com\/es\/notas-prensa\/gonzalo-urquijo-nombrado-consejero-independiente-de-ferrovial\/","name":"Gonzalo Urquijo, nombrado consejero independiente de Ferrovial Sala de prensa Ferrovial | \u00daltimas noticias","isPartOf":{"@id":"https:\/\/newsroom.ferrovial.com\/es\/#website"},"primaryImageOfPage":{"@id":"https:\/\/newsroom.ferrovial.com\/es\/notas-prensa\/gonzalo-urquijo-nombrado-consejero-independiente-de-ferrovial\/#primaryimage"},"image":{"@id":"https:\/\/newsroom.ferrovial.com\/es\/notas-prensa\/gonzalo-urquijo-nombrado-consejero-independiente-de-ferrovial\/#primaryimage"},"thumbnailUrl":"https:\/\/static.newsroom.ferrovial.com\/wp-content\/uploads\/2020\/01\/15144010\/gonzalo-urquijo-fernandez-de-araoz-4-1-2020.jpg","datePublished":"2019-12-19T10:40:56+00:00","dateModified":"2022-12-21T11:04:44+00:00","description":"El Consejo de Administraci\u00f3n de Ferrovial ha nombrado por cooptaci\u00f3n a Gonzalo Urquijo consejero de la sociedad, con la categor\u00eda de independiente. Sucede en el puesto a Santiago Bergareche, quien ha presentado su renuncia para contribuir a la renovaci\u00f3n del \u00f3rgano, al que ha pertenecido durante 20 a\u00f1os.","breadcrumb":{"@id":"https:\/\/newsroom.ferrovial.com\/es\/notas-prensa\/gonzalo-urquijo-nombrado-consejero-independiente-de-ferrovial\/#breadcrumb"},"inLanguage":"es","potentialAction":[{"@type":"ReadAction","target":["https:\/\/newsroom.ferrovial.com\/es\/notas-prensa\/gonzalo-urquijo-nombrado-consejero-independiente-de-ferrovial\/"]}]},{"@type":"ImageObject","inLanguage":"es","@id":"https:\/\/newsroom.ferrovial.com\/es\/notas-prensa\/gonzalo-urquijo-nombrado-consejero-independiente-de-ferrovial\/#primaryimage","url":"https:\/\/static.newsroom.ferrovial.com\/wp-content\/uploads\/2020\/01\/15144010\/gonzalo-urquijo-fernandez-de-araoz-4-1-2020.jpg","contentUrl":"https:\/\/static.newsroom.ferrovial.com\/wp-content\/uploads\/2020\/01\/15144010\/gonzalo-urquijo-fernandez-de-araoz-4-1-2020.jpg","width":1280,"height":722},{"@type":"BreadcrumbList","@id":"https:\/\/newsroom.ferrovial.com\/es\/notas-prensa\/gonzalo-urquijo-nombrado-consejero-independiente-de-ferrovial\/#breadcrumb","itemListElement":[{"@type":"ListItem","position":1,"name":"Portada","item":"https:\/\/newsroom.ferrovial.com\/es\/"},{"@type":"ListItem","position":2,"name":"Notas de Prensa","item":"https:\/\/newsroom.ferrovial.com\/es\/notas-prensa\/"},{"@type":"ListItem","position":3,"name":"Gonzalo Urquijo, nombrado consejero independiente de Ferrovial"}]},{"@type":"WebSite","@id":"https:\/\/newsroom.ferrovial.com\/es\/#website","url":"https:\/\/newsroom.ferrovial.com\/es\/","name":"Sala de prensa Ferrovial | \u00daltimas noticias","description":"Sala de prensa Ferrovial | \u00daltimas noticias","publisher":{"@id":"https:\/\/newsroom.ferrovial.com\/es\/#organization"},"potentialAction":[{"@type":"SearchAction","target":{"@type":"EntryPoint","urlTemplate":"https:\/\/newsroom.ferrovial.com\/es\/?s={search_term_string}"},"query-input":{"@type":"PropertyValueSpecification","valueRequired":true,"valueName":"search_term_string"}}],"inLanguage":"es"},{"@type":"Organization","@id":"https:\/\/newsroom.ferrovial.com\/es\/#organization","name":"Ferrovial S.A.","url":"https:\/\/newsroom.ferrovial.com\/es\/","logo":{"@type":"ImageObject","inLanguage":"es","@id":"https:\/\/newsroom.ferrovial.com\/es\/#\/schema\/logo\/image\/","url":"https:\/\/static.newsroom.ferrovial.com\/wp-content\/uploads\/2018\/07\/15145720\/Ferrovial_Logotipo1.jpg","contentUrl":"https:\/\/static.newsroom.ferrovial.com\/wp-content\/uploads\/2018\/07\/15145720\/Ferrovial_Logotipo1.jpg","width":600,"height":300,"caption":"Ferrovial S.A."},"image":{"@id":"https:\/\/newsroom.ferrovial.com\/es\/#\/schema\/logo\/image\/"},"sameAs":["https:\/\/www.facebook.com\/ferrovial","https:\/\/x.com\/ferrovial","https:\/\/www.instagram.com\/ferrovial\/","https:\/\/www.linkedin.com\/company\/ferrovial","https:\/\/www.pinterest.es\/ferrovial\/","https:\/\/www.youtube.com\/ferrovial","https:\/\/en.wikipedia.org\/wiki\/Ferrovial"]}]}},"_links":{"self":[{"href":"https:\/\/newsroom.ferrovial.com\/es\/wp-json\/wp\/v2\/press_release\/93839","targetHints":{"allow":["GET"]}}],"collection":[{"href":"https:\/\/newsroom.ferrovial.com\/es\/wp-json\/wp\/v2\/press_release"}],"about":[{"href":"https:\/\/newsroom.ferrovial.com\/es\/wp-json\/wp\/v2\/types\/press_release"}],"replies":[{"embeddable":true,"href":"https:\/\/newsroom.ferrovial.com\/es\/wp-json\/wp\/v2\/comments?post=93839"}],"version-history":[{"count":3,"href":"https:\/\/newsroom.ferrovial.com\/es\/wp-json\/wp\/v2\/press_release\/93839\/revisions"}],"predecessor-version":[{"id":93873,"href":"https:\/\/newsroom.ferrovial.com\/es\/wp-json\/wp\/v2\/press_release\/93839\/revisions\/93873"}],"wp:featuredmedia":[{"embeddable":true,"href":"https:\/\/newsroom.ferrovial.com\/es\/wp-json\/wp\/v2\/media\/93871"}],"wp:attachment":[{"href":"https:\/\/newsroom.ferrovial.com\/es\/wp-json\/wp\/v2\/media?parent=93839"}],"wp:term":[{"taxonomy":"nivel-2","embeddable":true,"href":"https:\/\/newsroom.ferrovial.com\/es\/wp-json\/wp\/v2\/nivel-2?post=93839"},{"taxonomy":"nivel-5","embeddable":true,"href":"https:\/\/newsroom.ferrovial.com\/es\/wp-json\/wp\/v2\/nivel-5?post=93839"},{"taxonomy":"nivel-1","embeddable":true,"href":"https:\/\/newsroom.ferrovial.com\/es\/wp-json\/wp\/v2\/nivel-1?post=93839"},{"taxonomy":"nivel-3","embeddable":true,"href":"https:\/\/newsroom.ferrovial.com\/es\/wp-json\/wp\/v2\/nivel-3?post=93839"},{"taxonomy":"nivel-4","embeddable":true,"href":"https:\/\/newsroom.ferrovial.com\/es\/wp-json\/wp\/v2\/nivel-4?post=93839"}],"curies":[{"name":"wp","href":"https:\/\/api.w.org\/{rel}","templated":true}]}}