{"id":95149,"date":"2020-04-03T17:18:08","date_gmt":"2020-04-03T15:18:08","guid":{"rendered":"https:\/\/newsroom.ferrovial.com\/?post_type=press_release&#038;p=95149"},"modified":"2022-12-21T09:04:16","modified_gmt":"2022-12-21T08:04:16","slug":"ferrovial-dona-10-millones-covid","status":"publish","type":"press_release","link":"https:\/\/newsroom.ferrovial.com\/es\/notas-prensa\/ferrovial-dona-10-millones-covid\/","title":{"rendered":"Ferrovial constituye el fondo \u201cFerrovial Juntos COVID-19\u201d con una aportaci\u00f3n de hasta 10 millones de euros"},"content":{"rendered":"    <section class=\"wysiwyg text-editor \" id=\"\">\n        <div class=\"container container--narrow container--p-10\">\n            <ul>\n<li>La compa\u00f1\u00eda realiza una aportaci\u00f3n inicial de 5 millones de euros y doblar\u00e1 la cantidad recaudada hasta un total de 10 millones<\/li>\n<li>Pone en marcha una captaci\u00f3n de fondos entre empleados, consejeros, accionistas, proveedores, colaboradores y otros p\u00fablicos<\/li>\n<li>Las donaciones se destinar\u00e1n a material sanitario, proyectos de investigaci\u00f3n y ayuda a poblaci\u00f3n vulnerable<\/li>\n<\/ul>\n<p>Ferrovial ha constituido \u201cFerrovial Juntos COVID-19\u201d con una dotaci\u00f3n de hasta 10 millones de euros para recaudar fondos destinadas a la lucha contra la pandemia. Estar\u00e1 dotado de una aportaci\u00f3n inicial de 5 millones de euros por parte de la compa\u00f1\u00eda. En paralelo, ha puesto en marcha una iniciativa de captaci\u00f3n entre empleados, consejeros, accionistas, colaboradores, proveedores y todo aquel que quiera participar para ampliar el importe. La compa\u00f1\u00eda doblar\u00e1 la cantidad recaudada hasta alcanzar su aportaci\u00f3n un m\u00e1ximo de 10 millones.<\/p>\n<p>\u201cFerrovial Juntos COVID-19\u201d se destinar\u00e1 a donaciones a la Administraci\u00f3n sanitaria, hospitales, universidades y centros de investigaci\u00f3n o desarrollo; as\u00ed como a ONGs en una serie de proyectos espec\u00edficos. Estos proyectos se centrar\u00e1n en la adquisici\u00f3n de material sanitario y equipamiento m\u00e9dico y la investigaci\u00f3n de soluciones farmacol\u00f3gicas o vacunas para combatir los efectos de la pandemia provocada por el virus COVID-19. La compa\u00f1\u00eda tambi\u00e9n donar\u00e1 fondos para la ayuda a grupos vulnerables o en riesgo de exclusi\u00f3n consecuencia de la actual crisis sanitaria. La adjudicaci\u00f3n de los fondos se har\u00e1 con total transparencia indicando la entidad beneficiaria y el proyecto.<\/p>\n<p>Para tal efecto, se ha abierto la cuenta ES12 2038 0654 3960 0019 4915 bajo el nombre \u201cFerrovial Juntos COVID-19\u201d en Bankia. Ferrovial difundir\u00e1 la creaci\u00f3n de este fondo a trav\u00e9s de la web, la intranet las redes sociales y los medios de comunicaci\u00f3n.<\/p>\n<p>En ocasiones anteriores, con motivo de emergencias humanitarias, Ferrovial hab\u00eda emprendido acciones similares bajo su programa Juntos Sumamos, en el que participan con donaciones sus empleados, siendo posteriormente dobladas por la empresa.<\/p>\n<p><strong>Compromiso contra COVID-19<\/strong><\/p>\n<p>En estos momentos, Ferrovial ha realizado pedidos de respiradores y mascarillas que espera lleguen a Espa\u00f1a en los pr\u00f3ximos d\u00edas para entregar a la Administraci\u00f3n sanitaria. Asimismo, ha colaborado activamente en el levantamiento del hospital de IFEMA de 5.500 camas y el desarrollo de la web y aplicaci\u00f3n \u201cCoronaMadrid\u201d, junto a otras empresas, en colaboraci\u00f3n con la Comunidad de Madrid, destinada a facilitar el diagn\u00f3stico, seguimiento de pacientes y evitar la saturaci\u00f3n asistencial y de los n\u00fameros de urgencias. La compa\u00f1\u00eda ha ofrecido de forma desinteresada la construcci\u00f3n r\u00e1pida de hospitales de emergencia de 250 camas y ya ha comenzado a instalar Centros de Test desde el veh\u00edculo en Baleares. En Madrid y en Santander ha puesto a disposici\u00f3n de los sanitarios 830 plazas de p\u00e1rking, con car\u00e1cter gratuito. Por otro lado, sus ingenieros est\u00e1n dise\u00f1ando soluciones 3D para la producci\u00f3n de respiradores y mascarillas.<\/p>\n        <\/div>\n    <\/section>\n    <section class=\"photo-gallery \" id=\"\" name = \"\">\n        <div class=\"container container--narrow container--p-10\">\n            <div class=\"photo-gallery__carousel\">\n                                    <img decoding=\"async\"\n                        src=\"https:\/\/static.newsroom.ferrovial.com\/wp-content\/uploads\/2020\/04\/15143751\/0djliudg.jpg\"\n                        alt=\"Avi\u00f3n mascarillas Ferrovial\"\n                        class=\"photo-gallery__image\"\n                        data-title=\"0DJLIUDG\" \/>\n                                    <img decoding=\"async\"\n                        src=\"https:\/\/static.newsroom.ferrovial.com\/wp-content\/uploads\/2020\/04\/15143751\/whatsapp-image-2020-04-12-at-20-21-08.jpeg\"\n                        alt=\"\"\n                        class=\"photo-gallery__image\"\n                        data-title=\"WhatsApp Image 2020-04-12 at 20.21.08\" \/>\n                                    <img decoding=\"async\"\n                        src=\"https:\/\/static.newsroom.ferrovial.com\/wp-content\/uploads\/2020\/04\/15143750\/whatsapp-image-2020-04-12-at-20-21-33.jpeg\"\n                        alt=\"\"\n                        class=\"photo-gallery__image\"\n                        data-title=\"WhatsApp Image 2020-04-12 at 20.21.33\" \/>\n                                    <img decoding=\"async\"\n                        src=\"https:\/\/static.newsroom.ferrovial.com\/wp-content\/uploads\/2020\/04\/15143749\/whatsapp-image-2020-04-12-at-20-48-09-1.jpeg\"\n                        alt=\"\"\n                        class=\"photo-gallery__image\"\n                        data-title=\"WhatsApp Image 2020-04-12 at 20.48.09 (1)\" \/>\n                                    <img decoding=\"async\"\n                        src=\"https:\/\/static.newsroom.ferrovial.com\/wp-content\/uploads\/2020\/04\/15143748\/whatsapp-image-2020-04-12-at-20-48-09.jpeg\"\n                        alt=\"\"\n                        class=\"photo-gallery__image\"\n                        data-title=\"WhatsApp Image 2020-04-12 at 20.48.09\" \/>\n                                    <img decoding=\"async\"\n                        src=\"https:\/\/static.newsroom.ferrovial.com\/wp-content\/uploads\/2020\/04\/15143746\/whatsapp-image-2020-04-12-at-20-49-08_v.jpeg\"\n                        alt=\"\"\n                        class=\"photo-gallery__image\"\n                        data-title=\"WhatsApp Image 2020-04-12 at 20.49.08_v\" \/>\n                                    <img decoding=\"async\"\n                        src=\"https:\/\/static.newsroom.ferrovial.com\/wp-content\/uploads\/2020\/04\/15143748\/whatsapp-image-2020-04-12-at-20-49-08.jpeg\"\n                        alt=\"\"\n                        class=\"photo-gallery__image\"\n                        data-title=\"WhatsApp Image 2020-04-12 at 20.49.08\" \/>\n                                    <img decoding=\"async\"\n                        src=\"https:\/\/static.newsroom.ferrovial.com\/wp-content\/uploads\/2020\/04\/15143747\/whatsapp-image-2020-04-12-at-20-49-08_cc.jpeg\"\n                        alt=\"\"\n                        class=\"photo-gallery__image\"\n                        data-title=\"WhatsApp Image 2020-04-12 at 20.49.08_c\u00e7\" \/>\n                                    <img decoding=\"async\"\n                        src=\"https:\/\/static.newsroom.ferrovial.com\/wp-content\/uploads\/2020\/04\/15143808\/imacor20200330_1001.jpg\"\n                        alt=\"Hospital IFEMA\"\n                        class=\"photo-gallery__image\"\n                        data-title=\"IMACOR20200330_1001\" \/>\n                                    <img decoding=\"async\"\n                        src=\"https:\/\/static.newsroom.ferrovial.com\/wp-content\/uploads\/2020\/04\/15143810\/imacor20200330_0866.jpg\"\n                        alt=\"Hospital de campa\u00f1a de IFEMA\"\n                        class=\"photo-gallery__image\"\n                        data-title=\"IMACOR20200330_0866\" \/>\n                                    <img decoding=\"async\"\n                        src=\"https:\/\/static.newsroom.ferrovial.com\/wp-content\/uploads\/2020\/04\/15143809\/imacor20200330_0796.jpg\"\n                        alt=\"Operario Ferrovial Hospital de capa\u00f1a IFEMA\"\n                        class=\"photo-gallery__image\"\n                        data-title=\"IMACOR20200330_0796\" \/>\n                                    <img decoding=\"async\"\n                        src=\"https:\/\/static.newsroom.ferrovial.com\/wp-content\/uploads\/2020\/04\/15143807\/imacor20200330_0961.jpg\"\n                        alt=\"HOSPITAL IFEMA\"\n                        class=\"photo-gallery__image\"\n                        data-title=\"IMACOR20200330_0961\" \/>\n                                    <img decoding=\"async\"\n                        src=\"https:\/\/static.newsroom.ferrovial.com\/wp-content\/uploads\/2020\/04\/15143808\/imacor20200330_0793.jpg\"\n                        alt=\"Detalle Hospital IFEMA\"\n                        class=\"photo-gallery__image\"\n                        data-title=\"IMACOR20200330_0793\" \/>\n                            <\/div>\n            <div class=\"photo-gallery__description-container\">\n                <div class=\"photo-gallery__info\">\n                    <span class=\"photo-gallery__caption\">GALER\u00edA DE FOTOS<\/span>\n                    <p class=\"photo-gallery__title\">Fotos Ferrovial contra Covid-19<\/p>\n                <\/div>\n                <span class=\"icon-gallery-white photo-gallery__icon\"><\/span>\n            <\/div>\n        <\/div>\n    <\/section>\n","protected":false},"excerpt":{"rendered":"","protected":false},"featured_media":95118,"menu_order":0,"comment_status":"closed","ping_status":"closed","template":"","nivel-2":[906,1912,2096,996,2202,2201],"nivel-5":[],"nivel-1":[],"nivel-3":[1258],"nivel-4":[],"class_list":["post-95149","press_release","type-press_release","status-publish","has-post-thumbnail","hentry","nivel-2-accion-social","nivel-2-corporativo","nivel-2-covid19","nivel-2-juntos-sumamos","nivel-2-ong","nivel-2-proyectos-sociales","nivel-3-espana"],"acf":[],"yoast_head":"<title>Ferrovial constituye el fondo \u201cFerrovial Juntos COVID-19\u201d con una aportaci\u00f3n de hasta 10 millones de euros<\/title>\n<meta name=\"description\" content=\"Ferrovial ha constituido un fondo al que har\u00e1 una aportaci\u00f3n de hasta 10 millones de euros en la que constituye su \u00faltima iniciativa contra el covid-19\" \/>\n<meta name=\"robots\" content=\"index, follow, max-snippet:-1, max-image-preview:large, max-video-preview:-1\" \/>\n<link rel=\"canonical\" href=\"https:\/\/newsroom.ferrovial.com\/es\/notas-prensa\/ferrovial-dona-10-millones-covid\/\" \/>\n<meta property=\"og:locale\" content=\"es_ES\" \/>\n<meta property=\"og:type\" content=\"article\" \/>\n<meta property=\"og:title\" content=\"Ferrovial constituye el fondo \u201cFerrovial Juntos COVID-19\u201d con una aportaci\u00f3n de hasta 10 millones de euros\" \/>\n<meta property=\"og:description\" content=\"Ferrovial ha constituido un fondo al que har\u00e1 una aportaci\u00f3n de hasta 10 millones de euros en la que constituye su \u00faltima iniciativa contra el covid-19\" \/>\n<meta property=\"og:url\" content=\"https:\/\/newsroom.ferrovial.com\/es\/notas-prensa\/ferrovial-dona-10-millones-covid\/\" \/>\n<meta property=\"og:site_name\" content=\"Sala de prensa Ferrovial | \u00daltimas noticias\" \/>\n<meta property=\"article:publisher\" content=\"https:\/\/www.facebook.com\/ferrovial\" \/>\n<meta property=\"article:modified_time\" content=\"2022-12-21T08:04:16+00:00\" \/>\n<meta property=\"og:image\" content=\"https:\/\/newsroom.ferrovial.com\/wp-content\/uploads\/sites\/4\/2020\/04\/imacor20200330_1001.jpg\" \/>\n\t<meta property=\"og:image:width\" content=\"5760\" \/>\n\t<meta property=\"og:image:height\" content=\"3840\" \/>\n\t<meta property=\"og:image:type\" content=\"image\/jpeg\" \/>\n<meta name=\"twitter:card\" content=\"summary_large_image\" \/>\n<meta name=\"twitter:site\" content=\"@ferrovial\" \/>\n<script type=\"application\/ld+json\" class=\"yoast-schema-graph\">{\"@context\":\"https:\/\/schema.org\",\"@graph\":[{\"@type\":\"WebPage\",\"@id\":\"https:\/\/newsroom.ferrovial.com\/es\/notas-prensa\/ferrovial-dona-10-millones-covid\/\",\"url\":\"https:\/\/newsroom.ferrovial.com\/es\/notas-prensa\/ferrovial-dona-10-millones-covid\/\",\"name\":\"Ferrovial constituye el fondo \u201cFerrovial Juntos COVID-19\u201d con una aportaci\u00f3n de hasta 10 millones de euros\",\"isPartOf\":{\"@id\":\"https:\/\/newsroom.ferrovial.com\/es\/#website\"},\"primaryImageOfPage\":{\"@id\":\"https:\/\/newsroom.ferrovial.com\/es\/notas-prensa\/ferrovial-dona-10-millones-covid\/#primaryimage\"},\"image\":{\"@id\":\"https:\/\/newsroom.ferrovial.com\/es\/notas-prensa\/ferrovial-dona-10-millones-covid\/#primaryimage\"},\"thumbnailUrl\":\"https:\/\/static.newsroom.ferrovial.com\/wp-content\/uploads\/2020\/04\/15143808\/imacor20200330_1001.jpg\",\"datePublished\":\"2020-04-03T15:18:08+00:00\",\"dateModified\":\"2022-12-21T08:04:16+00:00\",\"description\":\"Ferrovial ha constituido un fondo al que har\u00e1 una aportaci\u00f3n de hasta 10 millones de euros en la que constituye su \u00faltima iniciativa contra el covid-19\",\"breadcrumb\":{\"@id\":\"https:\/\/newsroom.ferrovial.com\/es\/notas-prensa\/ferrovial-dona-10-millones-covid\/#breadcrumb\"},\"inLanguage\":\"es\",\"potentialAction\":[{\"@type\":\"ReadAction\",\"target\":[\"https:\/\/newsroom.ferrovial.com\/es\/notas-prensa\/ferrovial-dona-10-millones-covid\/\"]}]},{\"@type\":\"ImageObject\",\"inLanguage\":\"es\",\"@id\":\"https:\/\/newsroom.ferrovial.com\/es\/notas-prensa\/ferrovial-dona-10-millones-covid\/#primaryimage\",\"url\":\"https:\/\/static.newsroom.ferrovial.com\/wp-content\/uploads\/2020\/04\/15143808\/imacor20200330_1001.jpg\",\"contentUrl\":\"https:\/\/static.newsroom.ferrovial.com\/wp-content\/uploads\/2020\/04\/15143808\/imacor20200330_1001.jpg\",\"width\":5760,\"height\":3840,\"caption\":\"Hospital IFEMA\"},{\"@type\":\"BreadcrumbList\",\"@id\":\"https:\/\/newsroom.ferrovial.com\/es\/notas-prensa\/ferrovial-dona-10-millones-covid\/#breadcrumb\",\"itemListElement\":[{\"@type\":\"ListItem\",\"position\":1,\"name\":\"Portada\",\"item\":\"https:\/\/newsroom.ferrovial.com\/es\/\"},{\"@type\":\"ListItem\",\"position\":2,\"name\":\"Notas de Prensa\",\"item\":\"https:\/\/newsroom.ferrovial.com\/es\/notas-prensa\/\"},{\"@type\":\"ListItem\",\"position\":3,\"name\":\"Ferrovial constituye el fondo \u201cFerrovial Juntos COVID-19\u201d con una aportaci\u00f3n de hasta 10 millones de euros\"}]},{\"@type\":\"WebSite\",\"@id\":\"https:\/\/newsroom.ferrovial.com\/es\/#website\",\"url\":\"https:\/\/newsroom.ferrovial.com\/es\/\",\"name\":\"Sala de prensa Ferrovial | \u00daltimas noticias\",\"description\":\"Sala de prensa Ferrovial | \u00daltimas noticias\",\"publisher\":{\"@id\":\"https:\/\/newsroom.ferrovial.com\/es\/#organization\"},\"potentialAction\":[{\"@type\":\"SearchAction\",\"target\":{\"@type\":\"EntryPoint\",\"urlTemplate\":\"https:\/\/newsroom.ferrovial.com\/es\/?s={search_term_string}\"},\"query-input\":{\"@type\":\"PropertyValueSpecification\",\"valueRequired\":true,\"valueName\":\"search_term_string\"}}],\"inLanguage\":\"es\"},{\"@type\":\"Organization\",\"@id\":\"https:\/\/newsroom.ferrovial.com\/es\/#organization\",\"name\":\"Ferrovial S.A.\",\"url\":\"https:\/\/newsroom.ferrovial.com\/es\/\",\"logo\":{\"@type\":\"ImageObject\",\"inLanguage\":\"es\",\"@id\":\"https:\/\/newsroom.ferrovial.com\/es\/#\/schema\/logo\/image\/\",\"url\":\"https:\/\/static.newsroom.ferrovial.com\/wp-content\/uploads\/2018\/07\/15145720\/Ferrovial_Logotipo1.jpg\",\"contentUrl\":\"https:\/\/static.newsroom.ferrovial.com\/wp-content\/uploads\/2018\/07\/15145720\/Ferrovial_Logotipo1.jpg\",\"width\":600,\"height\":300,\"caption\":\"Ferrovial S.A.\"},\"image\":{\"@id\":\"https:\/\/newsroom.ferrovial.com\/es\/#\/schema\/logo\/image\/\"},\"sameAs\":[\"https:\/\/www.facebook.com\/ferrovial\",\"https:\/\/x.com\/ferrovial\",\"https:\/\/www.instagram.com\/ferrovial\/\",\"https:\/\/www.linkedin.com\/company\/ferrovial\",\"https:\/\/www.pinterest.es\/ferrovial\/\",\"https:\/\/www.youtube.com\/ferrovial\",\"https:\/\/en.wikipedia.org\/wiki\/Ferrovial\"]}]}<\/script>","yoast_head_json":{"title":"Ferrovial constituye el fondo \u201cFerrovial Juntos COVID-19\u201d con una aportaci\u00f3n de hasta 10 millones de euros","description":"Ferrovial ha constituido un fondo al que har\u00e1 una aportaci\u00f3n de hasta 10 millones de euros en la que constituye su \u00faltima iniciativa contra el covid-19","robots":{"index":"index","follow":"follow","max-snippet":"max-snippet:-1","max-image-preview":"max-image-preview:large","max-video-preview":"max-video-preview:-1"},"canonical":"https:\/\/newsroom.ferrovial.com\/es\/notas-prensa\/ferrovial-dona-10-millones-covid\/","og_locale":"es_ES","og_type":"article","og_title":"Ferrovial constituye el fondo \u201cFerrovial Juntos COVID-19\u201d con una aportaci\u00f3n de hasta 10 millones de euros","og_description":"Ferrovial ha constituido un fondo al que har\u00e1 una aportaci\u00f3n de hasta 10 millones de euros en la que constituye su \u00faltima iniciativa contra el covid-19","og_url":"https:\/\/newsroom.ferrovial.com\/es\/notas-prensa\/ferrovial-dona-10-millones-covid\/","og_site_name":"Sala de prensa Ferrovial | \u00daltimas noticias","article_publisher":"https:\/\/www.facebook.com\/ferrovial","article_modified_time":"2022-12-21T08:04:16+00:00","og_image":[{"width":5760,"height":3840,"url":"https:\/\/newsroom.ferrovial.com\/wp-content\/uploads\/sites\/4\/2020\/04\/imacor20200330_1001.jpg","type":"image\/jpeg"}],"twitter_card":"summary_large_image","twitter_site":"@ferrovial","schema":{"@context":"https:\/\/schema.org","@graph":[{"@type":"WebPage","@id":"https:\/\/newsroom.ferrovial.com\/es\/notas-prensa\/ferrovial-dona-10-millones-covid\/","url":"https:\/\/newsroom.ferrovial.com\/es\/notas-prensa\/ferrovial-dona-10-millones-covid\/","name":"Ferrovial constituye el fondo \u201cFerrovial Juntos COVID-19\u201d con una aportaci\u00f3n de hasta 10 millones de euros","isPartOf":{"@id":"https:\/\/newsroom.ferrovial.com\/es\/#website"},"primaryImageOfPage":{"@id":"https:\/\/newsroom.ferrovial.com\/es\/notas-prensa\/ferrovial-dona-10-millones-covid\/#primaryimage"},"image":{"@id":"https:\/\/newsroom.ferrovial.com\/es\/notas-prensa\/ferrovial-dona-10-millones-covid\/#primaryimage"},"thumbnailUrl":"https:\/\/static.newsroom.ferrovial.com\/wp-content\/uploads\/2020\/04\/15143808\/imacor20200330_1001.jpg","datePublished":"2020-04-03T15:18:08+00:00","dateModified":"2022-12-21T08:04:16+00:00","description":"Ferrovial ha constituido un fondo al que har\u00e1 una aportaci\u00f3n de hasta 10 millones de euros en la que constituye su \u00faltima iniciativa contra el covid-19","breadcrumb":{"@id":"https:\/\/newsroom.ferrovial.com\/es\/notas-prensa\/ferrovial-dona-10-millones-covid\/#breadcrumb"},"inLanguage":"es","potentialAction":[{"@type":"ReadAction","target":["https:\/\/newsroom.ferrovial.com\/es\/notas-prensa\/ferrovial-dona-10-millones-covid\/"]}]},{"@type":"ImageObject","inLanguage":"es","@id":"https:\/\/newsroom.ferrovial.com\/es\/notas-prensa\/ferrovial-dona-10-millones-covid\/#primaryimage","url":"https:\/\/static.newsroom.ferrovial.com\/wp-content\/uploads\/2020\/04\/15143808\/imacor20200330_1001.jpg","contentUrl":"https:\/\/static.newsroom.ferrovial.com\/wp-content\/uploads\/2020\/04\/15143808\/imacor20200330_1001.jpg","width":5760,"height":3840,"caption":"Hospital IFEMA"},{"@type":"BreadcrumbList","@id":"https:\/\/newsroom.ferrovial.com\/es\/notas-prensa\/ferrovial-dona-10-millones-covid\/#breadcrumb","itemListElement":[{"@type":"ListItem","position":1,"name":"Portada","item":"https:\/\/newsroom.ferrovial.com\/es\/"},{"@type":"ListItem","position":2,"name":"Notas de Prensa","item":"https:\/\/newsroom.ferrovial.com\/es\/notas-prensa\/"},{"@type":"ListItem","position":3,"name":"Ferrovial constituye el fondo \u201cFerrovial Juntos COVID-19\u201d con una aportaci\u00f3n de hasta 10 millones de euros"}]},{"@type":"WebSite","@id":"https:\/\/newsroom.ferrovial.com\/es\/#website","url":"https:\/\/newsroom.ferrovial.com\/es\/","name":"Sala de prensa Ferrovial | \u00daltimas noticias","description":"Sala de prensa Ferrovial | \u00daltimas noticias","publisher":{"@id":"https:\/\/newsroom.ferrovial.com\/es\/#organization"},"potentialAction":[{"@type":"SearchAction","target":{"@type":"EntryPoint","urlTemplate":"https:\/\/newsroom.ferrovial.com\/es\/?s={search_term_string}"},"query-input":{"@type":"PropertyValueSpecification","valueRequired":true,"valueName":"search_term_string"}}],"inLanguage":"es"},{"@type":"Organization","@id":"https:\/\/newsroom.ferrovial.com\/es\/#organization","name":"Ferrovial S.A.","url":"https:\/\/newsroom.ferrovial.com\/es\/","logo":{"@type":"ImageObject","inLanguage":"es","@id":"https:\/\/newsroom.ferrovial.com\/es\/#\/schema\/logo\/image\/","url":"https:\/\/static.newsroom.ferrovial.com\/wp-content\/uploads\/2018\/07\/15145720\/Ferrovial_Logotipo1.jpg","contentUrl":"https:\/\/static.newsroom.ferrovial.com\/wp-content\/uploads\/2018\/07\/15145720\/Ferrovial_Logotipo1.jpg","width":600,"height":300,"caption":"Ferrovial S.A."},"image":{"@id":"https:\/\/newsroom.ferrovial.com\/es\/#\/schema\/logo\/image\/"},"sameAs":["https:\/\/www.facebook.com\/ferrovial","https:\/\/x.com\/ferrovial","https:\/\/www.instagram.com\/ferrovial\/","https:\/\/www.linkedin.com\/company\/ferrovial","https:\/\/www.pinterest.es\/ferrovial\/","https:\/\/www.youtube.com\/ferrovial","https:\/\/en.wikipedia.org\/wiki\/Ferrovial"]}]}},"_links":{"self":[{"href":"https:\/\/newsroom.ferrovial.com\/es\/wp-json\/wp\/v2\/press_release\/95149","targetHints":{"allow":["GET"]}}],"collection":[{"href":"https:\/\/newsroom.ferrovial.com\/es\/wp-json\/wp\/v2\/press_release"}],"about":[{"href":"https:\/\/newsroom.ferrovial.com\/es\/wp-json\/wp\/v2\/types\/press_release"}],"replies":[{"embeddable":true,"href":"https:\/\/newsroom.ferrovial.com\/es\/wp-json\/wp\/v2\/comments?post=95149"}],"version-history":[{"count":3,"href":"https:\/\/newsroom.ferrovial.com\/es\/wp-json\/wp\/v2\/press_release\/95149\/revisions"}],"predecessor-version":[{"id":116737,"href":"https:\/\/newsroom.ferrovial.com\/es\/wp-json\/wp\/v2\/press_release\/95149\/revisions\/116737"}],"wp:featuredmedia":[{"embeddable":true,"href":"https:\/\/newsroom.ferrovial.com\/es\/wp-json\/wp\/v2\/media\/95118"}],"wp:attachment":[{"href":"https:\/\/newsroom.ferrovial.com\/es\/wp-json\/wp\/v2\/media?parent=95149"}],"wp:term":[{"taxonomy":"nivel-2","embeddable":true,"href":"https:\/\/newsroom.ferrovial.com\/es\/wp-json\/wp\/v2\/nivel-2?post=95149"},{"taxonomy":"nivel-5","embeddable":true,"href":"https:\/\/newsroom.ferrovial.com\/es\/wp-json\/wp\/v2\/nivel-5?post=95149"},{"taxonomy":"nivel-1","embeddable":true,"href":"https:\/\/newsroom.ferrovial.com\/es\/wp-json\/wp\/v2\/nivel-1?post=95149"},{"taxonomy":"nivel-3","embeddable":true,"href":"https:\/\/newsroom.ferrovial.com\/es\/wp-json\/wp\/v2\/nivel-3?post=95149"},{"taxonomy":"nivel-4","embeddable":true,"href":"https:\/\/newsroom.ferrovial.com\/es\/wp-json\/wp\/v2\/nivel-4?post=95149"}],"curies":[{"name":"wp","href":"https:\/\/api.w.org\/{rel}","templated":true}]}}